{"id":731716,"date":"2019-03-16T21:00:39","date_gmt":"2019-03-16T20:00:39","guid":{"rendered":"https:\/\/dailynewshungary.com\/de\/ungarn-und-polen-meistern-gemeinsam-herausforderungen\/"},"modified":"2019-03-16T21:00:39","modified_gmt":"2019-03-16T20:00:39","slug":"ungarn-und-polen-meistern-gemeinsam-herausforderungen","status":"publish","type":"post","link":"https:\/\/dailynewshungary.com\/de\/ungarn-und-polen-meistern-gemeinsam-herausforderungen\/","title":{"rendered":"Ungarn und Polen meistern gemeinsam Herausforderungen"},"content":{"rendered":"<p><strong>Ungarn und Polen begegnen Herausforderungen des 21. Jahrhunderts gemeinsam, sagte der Sprecher des Repr\u00e4sentantenhauses L\u00e1szl\u00f3 K\u00f6v\u00e9r in einem Interview mit dem polnischen \u00f6ffentlich-rechtlichen Radio und der Sendung am Freitag.<\/strong><\/p>\n<p>In seinem Interview bestand K\u00f6v\u00e9r darauf <a href=\"https:\/\/dailynewshungary.com\/de\/15-marz-morawiecki-polen-ungarn-kampfen-erneut-fur-eine-gemeinsame-zukunft\/\">Die Regierungen beider L\u00e4nder haben erkannt, dass diese Herausforderungen nur durch gemeinsames Handeln bew\u00e4ltigt werden k\u00f6nnen<\/a>, unter besonderer Ber\u00fccksichtigung der Migration.<\/p>\n<blockquote>\n<p>Die Migrationskrise, so f\u00fchrte er weiter aus, sei kein \u201cein Einzelfallunfall\u201d, sondern \u201ceine offensichtliche Folge des verzerrten Funktionierens der Europ\u00e4ischen Union\u201d.<\/p>\n<\/blockquote>\n<p>Die EU versuche, so K\u00f6v\u00e9r, \u201csich in die inneren Angelegenheiten (ihrer) souver\u00e4nen Mitglieder einzumischen\u201d und versuche \u201cimmer aggressiver\u201d, sie dazu zu bringen, \u201ceine in Br\u00fcssel und in den Hauptst\u00e4dten einiger alter Mitgliedstaaten erfundene Vision f\u00fcr Europa\u201d zu akzeptieren.<\/p>\n<p>Auf eine Frage zu den bevorstehenden Europawahlen antwortete K\u00f6v\u00e9r, er vertraue darauf, dass die Abstimmung eine Ver\u00e4nderung bewirken werde, f\u00fcgte jedoch hinzu, dass auch eine Transformation m\u00f6glich sei, bei der \u201ctraditionelle Parteigruppen verschwinden und einer neuen Struktur weichen k\u00f6nnten\u201d.<\/p>\n<p>Die europ\u00e4ische \u201cFrontlinie\u201d sei nicht mehr zwischen der traditionellen Rechten und Linken, sagte K\u00f6v\u00e9r, sondern zwischen Kr\u00e4ften, die f\u00f6rdern <a href=\"https:\/\/dailynewshungary.com\/de\/ungarn-und-polen-sind-an-eine-wahre-freundschaft-gebunden\/\">\u201cZusammenarbeit souver\u00e4ner Nationalstaaten\u201d<\/a> und \u201cGlobalisten, die die Souver\u00e4nit\u00e4t abschaffen wollen\u201d, sagte K\u00f6v\u00e9r.<\/p>\n<blockquote>\n<p>Er f\u00fcgte au\u00dferdem hinzu, dass \u201calte\u201d EU-Mitglieder, die \u201czum demografischen Tod verurteilt\u201d seien, versuchen, \u201cqualifizierte junge Arbeitskr\u00e4fte aus Mitteleuropa abzuwerben\u201d.<\/p>\n<\/blockquote>\n<p><em>Ausgew\u00e4hltes Bild: www.facebook.com\/Lengyel-magyar bar\u00e1ts\u00e1g<\/em><\/p>\n","protected":false},"excerpt":{"rendered":"<p>Ungarn und Polen begegnen Herausforderungen des 21. Jahrhunderts gemeinsam, sagte der Sprecher des Repr\u00e4sentantenhauses L\u00e1szl\u00f3 K\u00f6v\u00e9r in einem Interview mit dem polnischen \u00f6ffentlich-rechtlichen Radio und der Sendung am Freitag. In seinem Interview bestand K\u00f6v\u00e9r darauf Die Regierungen beider L\u00e4nder haben erkannt, dass diese Herausforderungen nur durch gemeinsames Handeln bew\u00e4ltigt werden k\u00f6nnen, unter besonderer Ber\u00fccksichtigung der [&hellip;]<\/p>\n","protected":false},"author":33,"featured_media":731717,"comment_status":"open","ping_status":"open","sticky":false,"template":"","format":"standard","meta":{"_acf_changed":false,"_display_image":"","footnotes":""},"categories":[1081],"tags":[3916,1082,1197,1076],"class_list":["post-731716","post","type-post","status-publish","format-standard","has-post-thumbnail","hentry","category-politik","tag-ep-wahl-2019","tag-europaische-union","tag-polen","tag-ungarn"],"blocksy_meta":[],"acf":[],"author_username":"ugyelet","telegram_post":"","public_post_metadata":{"breaking_news":"","important":"","csempe":"","center_tile":"","disable_thumbnail":"","target_lang":"","_featured_image_style":"","telegram_post":"","_xlat_group_id":""},"public_rank_math_data":{"title":"%title% %sep% %sitename%","description":"","focus_keyword":"","canonical_url":"","robots":"","primary_category":"1081","breadcrumb_title":"","facebook_title":"","facebook_description":"","facebook_image":"","facebook_image_id":"","twitter_title":"","twitter_description":"","twitter_image":"","twitter_image_id":"","twitter_card_type":"","twitter_use_facebook":"","advanced_robots":"","pillar_content":"","seo_score":"","contentai_score":"","rich_snippet":""},"_links":{"self":[{"href":"https:\/\/dailynewshungary.com\/de\/wp-json\/wp\/v2\/posts\/731716","targetHints":{"allow":["GET"]}}],"collection":[{"href":"https:\/\/dailynewshungary.com\/de\/wp-json\/wp\/v2\/posts"}],"about":[{"href":"https:\/\/dailynewshungary.com\/de\/wp-json\/wp\/v2\/types\/post"}],"author":[{"embeddable":true,"href":"https:\/\/dailynewshungary.com\/de\/wp-json\/wp\/v2\/users\/33"}],"replies":[{"embeddable":true,"href":"https:\/\/dailynewshungary.com\/de\/wp-json\/wp\/v2\/comments?post=731716"}],"version-history":[{"count":0,"href":"https:\/\/dailynewshungary.com\/de\/wp-json\/wp\/v2\/posts\/731716\/revisions"}],"wp:featuredmedia":[{"embeddable":true,"href":"https:\/\/dailynewshungary.com\/de\/wp-json\/wp\/v2\/media\/731717"}],"wp:attachment":[{"href":"https:\/\/dailynewshungary.com\/de\/wp-json\/wp\/v2\/media?parent=731716"}],"wp:term":[{"taxonomy":"category","embeddable":true,"href":"https:\/\/dailynewshungary.com\/de\/wp-json\/wp\/v2\/categories?post=731716"},{"taxonomy":"post_tag","embeddable":true,"href":"https:\/\/dailynewshungary.com\/de\/wp-json\/wp\/v2\/tags?post=731716"}],"curies":[{"name":"wp","href":"https:\/\/api.w.org\/{rel}","templated":true}]}}