{"id":732009,"date":"2019-03-04T17:05:06","date_gmt":"2019-03-04T16:05:06","guid":{"rendered":"https:\/\/dailynewshungary.com\/de\/jobbik-behauptungen-ungarn-wurde-osterreich-politisches-sci-fi-einholen\/"},"modified":"2019-03-04T17:05:06","modified_gmt":"2019-03-04T16:05:06","slug":"jobbik-behauptungen-ungarn-wurde-osterreich-politisches-sci-fi-einholen","status":"publish","type":"post","link":"https:\/\/dailynewshungary.com\/de\/jobbik-behauptungen-ungarn-wurde-osterreich-politisches-sci-fi-einholen\/","title":{"rendered":"Jobbik: Behauptungen, Ungarn w\u00fcrde \u00d6sterreich \u2018politisches Sci-Fi\u2019 einholen"},"content":{"rendered":"<p><strong>Konservative Opposition Jobbik brandmarkte am Montag als \u201cpolitische Sci-Fi\u201d &#8211; Prognosen des Zentralbankpr\u00e4sidenten und des Ministerpr\u00e4sidenten, dass Ungarns Wirtschaft bis 2030 oder 2050 mit der \u00d6sterreichs gleichziehen k\u00f6nne.<\/strong><\/p>\n<p>Die Regierung sollte strategische Vereinbarungen neu verhandeln, <a href=\"https:\/\/dailynewshungary.com\/de\/rumanischer-mindestlohn-hoher-als-ungarisch\/\">Unterst\u00fctzung der Angleichung der L\u00f6hne in der gesamten Europ\u00e4ischen Union<\/a> und die Entwicklung heimischer kleiner und mittlerer Unternehmen f\u00f6rdern, damit Ungarn einige westeurop\u00e4ische L\u00e4nder in puncto Wirtschaftskraft \u00fcberholen kann, sagte D\u00e1niel Z. K\u00e1rp\u00e1t, Jobbiks stellvertretender Vorsitzender, auf einer Pressekonferenz.<\/p>\n<blockquote>\n<p>Er sagte, Ungarn brauche <a href=\"https:\/\/dailynewshungary.com\/de\/ungarn-sind-die-zweitgroste-gruppe-von-wanderarbeitern-in-osterreich\/\">Multinationale Unternehmen, die ihren gerechten Anteil an Steuern zahlen, die<\/a> Es w\u00e4re jedoch vorzuziehen, wenn die Regierung eine strategische Allianz mit inl\u00e4ndischen KMU eingehen w\u00fcrde.<\/p>\n<\/blockquote>\n<p>Z K\u00e1rp\u00e1t sagte, dass die ungarischen L\u00f6hne trotz des anhaltenden Lohnwachstums immer noch am Ende der Rangliste in der EU l\u00e4gen.<\/p>\n<p>Er kritisierte die Regierung daf\u00fcr, dass sie multinationalen Konzernen seit Beginn des Jahrzehnts erlaubt habe, \u201edie unversteuerten Gewinne von mehr als 20.000 Milliarden Forint (63,2 Mrd. EUR) aus dem Land zu verlagern\u201c.<\/p>\n","protected":false},"excerpt":{"rendered":"<p>Konservative Opposition Jobbik brandmarkte am Montag als \u201cpolitische Sci-Fi\u201d &#8211; Prognosen des Zentralbankpr\u00e4sidenten und des Ministerpr\u00e4sidenten, dass Ungarns Wirtschaft bis 2030 oder 2050 mit der \u00d6sterreichs gleichziehen k\u00f6nne. Die Regierung sollte strategische Vereinbarungen neu verhandeln, Unterst\u00fctzung der Angleichung der L\u00f6hne in der gesamten Europ\u00e4ischen Union und die Entwicklung heimischer kleiner und mittlerer Unternehmen f\u00f6rdern, damit [&hellip;]<\/p>\n","protected":false},"author":33,"featured_media":732010,"comment_status":"open","ping_status":"open","sticky":false,"template":"","format":"standard","meta":{"_acf_changed":false,"_display_image":"","footnotes":""},"categories":[1081],"tags":[1096,1082,1118,1632,1129,1138,1104],"class_list":["post-732009","post","type-post","status-publish","format-standard","has-post-thumbnail","hentry","category-politik","tag-arbeitsmarkt","tag-europaische-union","tag-geld","tag-jobbik","tag-osterreich","tag-statistik","tag-wirtschaft"],"blocksy_meta":[],"acf":[],"author_username":"ugyelet","telegram_post":"","public_post_metadata":{"breaking_news":"","important":"","csempe":"","center_tile":"","disable_thumbnail":"","target_lang":"","_featured_image_style":"","telegram_post":"","_xlat_group_id":""},"public_rank_math_data":{"title":"%title% %sep% %sitename%","description":"","focus_keyword":"","canonical_url":"","robots":"","primary_category":"1081","breadcrumb_title":"","facebook_title":"","facebook_description":"","facebook_image":"","facebook_image_id":"","twitter_title":"","twitter_description":"","twitter_image":"","twitter_image_id":"","twitter_card_type":"","twitter_use_facebook":"","advanced_robots":"","pillar_content":"","seo_score":"","contentai_score":"","rich_snippet":""},"_links":{"self":[{"href":"https:\/\/dailynewshungary.com\/de\/wp-json\/wp\/v2\/posts\/732009","targetHints":{"allow":["GET"]}}],"collection":[{"href":"https:\/\/dailynewshungary.com\/de\/wp-json\/wp\/v2\/posts"}],"about":[{"href":"https:\/\/dailynewshungary.com\/de\/wp-json\/wp\/v2\/types\/post"}],"author":[{"embeddable":true,"href":"https:\/\/dailynewshungary.com\/de\/wp-json\/wp\/v2\/users\/33"}],"replies":[{"embeddable":true,"href":"https:\/\/dailynewshungary.com\/de\/wp-json\/wp\/v2\/comments?post=732009"}],"version-history":[{"count":0,"href":"https:\/\/dailynewshungary.com\/de\/wp-json\/wp\/v2\/posts\/732009\/revisions"}],"wp:featuredmedia":[{"embeddable":true,"href":"https:\/\/dailynewshungary.com\/de\/wp-json\/wp\/v2\/media\/732010"}],"wp:attachment":[{"href":"https:\/\/dailynewshungary.com\/de\/wp-json\/wp\/v2\/media?parent=732009"}],"wp:term":[{"taxonomy":"category","embeddable":true,"href":"https:\/\/dailynewshungary.com\/de\/wp-json\/wp\/v2\/categories?post=732009"},{"taxonomy":"post_tag","embeddable":true,"href":"https:\/\/dailynewshungary.com\/de\/wp-json\/wp\/v2\/tags?post=732009"}],"curies":[{"name":"wp","href":"https:\/\/api.w.org\/{rel}","templated":true}]}}