{"id":732115,"date":"2019-02-28T07:30:43","date_gmt":"2019-02-28T06:30:43","guid":{"rendered":"https:\/\/dailynewshungary.com\/de\/ungarn-und-malta-begreifen-die-schwere-der-migrationskrise-maltesischer-ausenminister-in-budapest\/"},"modified":"2019-02-28T07:30:43","modified_gmt":"2019-02-28T06:30:43","slug":"ungarn-und-malta-begreifen-die-schwere-der-migrationskrise-maltesischer-ausenminister-in-budapest","status":"publish","type":"post","link":"https:\/\/dailynewshungary.com\/de\/ungarn-und-malta-begreifen-die-schwere-der-migrationskrise-maltesischer-ausenminister-in-budapest\/","title":{"rendered":"Ungarn und Malta begreifen die Schwere der Migrationskrise \u2013 maltesischer Au\u00dfenminister in Budapest"},"content":{"rendered":"<p><strong>Ungarn und Malta begreifen voll und ganz, wie schwerwiegend die Migrationskrise ist und welche Antworten erforderlich sind, sagte P\u00e9ter Szijj\u00e1rt\u00f3, der ungarische Au\u00dfenminister, nach Gespr\u00e4chen mit Carmelo Abela, seinem maltesischen Amtskollegen, am Mittwoch.<\/strong><\/p>\n<p>Auf einer gemeinsamen Pressekonferenz nach dem Treffen sagte Szijj\u00e1rt\u00f3, die beiden L\u00e4nder h\u00e4tten vereinbart, dass Entscheidungen \u00fcber Dienstleistungen f\u00fcr Migranten in den H\u00e4nden der Mitgliedstaaten belassen werden sollten. Malta und Ungarn betrachten illegalen Grenz\u00fcbertritt beide als Verbrechen und nicht als Verwaltungssache und betrachten Migration auch nicht als grundlegendes Menschenrecht, sagte er Beide argumentieren, dass illegale Migration so weit wie m\u00f6glich von den Grenzen Europas entfernt gestoppt werden sollte, indem man dort hilft, wo es Probleme gibt, sagte Szijj\u00e1rt\u00f3.<\/p>\n<p>Obwohl sie sich hinsichtlich des UN-Migrationspakts, den Malta akzeptierte und Ungarn ablehnte, unterscheiden, f\u00fcgte Malta dem UN-Pakt auch eine Erkl\u00e4rung bei, die viele \u00c4hnlichkeiten mit der ungarischen Haltung aufzeigte, sagte er.<\/p>\n<figure id=\"attachment_234999\" aria-describedby=\"caption-attachment-234999\" style=\"width: 1024px\" class=\"wp-caption aligncenter\"><img loading=\"lazy\" decoding=\"async\" class=\"size-large wp-image-234999\" src=\"https:\/\/dailynewshungary.com\/wp-content\/uploads\/2019\/02\/Maltese-foreign-minister-in-Budapest-Hungary-1024x682.jpg\" alt=\"Maltesischer Au\u00dfenminister in Budapest\" width=\"1024\" height=\"682\" srcset=\"https:\/\/contentf5.dailynewshungary.com\/wp-content\/uploads\/2019\/02\/Maltese-foreign-minister-in-Budapest-Hungary-1024x682.jpg 1024w, https:\/\/contentf5.dailynewshungary.com\/wp-content\/uploads\/2019\/02\/Maltese-foreign-minister-in-Budapest-Hungary-300x200.jpg 300w, https:\/\/contentf5.dailynewshungary.com\/wp-content\/uploads\/2019\/02\/Maltese-foreign-minister-in-Budapest-Hungary-768x511.jpg 768w, https:\/\/contentf5.dailynewshungary.com\/wp-content\/uploads\/2019\/02\/Maltese-foreign-minister-in-Budapest-Hungary-220x146.jpg 220w, https:\/\/contentf5.dailynewshungary.com\/wp-content\/uploads\/2019\/02\/Maltese-foreign-minister-in-Budapest-Hungary-600x399.jpg 600w, https:\/\/contentf5.dailynewshungary.com\/wp-content\/uploads\/2019\/02\/Maltese-foreign-minister-in-Budapest-Hungary-200x133.jpg 200w, https:\/\/contentf5.dailynewshungary.com\/wp-content\/uploads\/2019\/02\/Maltese-foreign-minister-in-Budapest-Hungary-1080x719.jpg 1080w\" sizes=\"auto, (max-width: 1024px) 100vw, 1024px\"><figcaption id=\"caption-attachment-234999\" class=\"wp-caption-text\">Foto: MTI<\/figcaption><\/figure>\n<p>Szijj\u00e1rt\u00f3 stellte fest, dass Seegrenzen viel schwieriger zu sch\u00fctzen seien als Landgrenzen. \u201cAusgangspunkt\u201d sollte sein, dass die EU auf ihre Grenzen verzichtet <a href=\"https:\/\/dailynewshungary.com\/de\/der-grose-britische-zuguberfall-wie-eine-15-kopfige-bande-1963-26-millionen-pfund-stahl\/\" target=\"_blank\" rel=\"noopener noreferrer\">Migrationspolitik<\/a>\u201ewas einer Einladung f\u00fcr Migranten gleichkommt und Massen dazu inspiriert, ihr Leben zu riskieren, um nach Europa zu gelangen, sagte er.<\/p>\n<p>Malta und Ungarn betrachten beide die Souver\u00e4nit\u00e4t als von gr\u00f6\u00dfter Bedeutung und sind bereit, alle Streitigkeiten mit gegenseitigem Respekt beizulegen, sagte erSie kooperieren innerhalb der UN, mit <a href=\"https:\/\/dailynewshungary.com\/de\/der-grose-britische-zuguberfall-wie-eine-15-kopfige-bande-1963-26-millionen-pfund-stahl\/\" target=\"_blank\" rel=\"noopener noreferrer\">Ungarn<\/a> Unterst\u00fctzung der Bestrebungen Maltas, nichtst\u00e4ndiges Mitglied des Sicherheitsrats zu werden.<\/p>\n<p>Derzeit leben \u00fcber 3000 Ungarn auf Malta, und 28 000 haben dort im vergangenen Jahr ihre Ferien verbracht, bemerkte erEin Direktflug zwischen der ostungarischen Stadt Debrecen und Malta wird am 1. April gestartet und d\u00fcrfte die Besucherzahlen weiter anheben, sagte er.<\/p>\n<blockquote>\n<p>Um dem wachsenden Strom entgegenzuwirken, werde Ungarn ein Konsulat in Valletta er\u00f6ffnen, sagte Szijj\u00e1rt\u00f3.<\/p>\n<\/blockquote>\n<p>Der bilaterale Handel sei 2018 um 88 Prozent gestiegen und habe 50 Millionen Euro erreicht, sagte er.<\/p>\n<p>Abela sagte, dass Migration eine globale Krise sei, f\u00fcr die die L\u00e4nder gemeinsam eine L\u00f6sung finden m\u00fcsstenDie beiden L\u00e4nder sind nicht immer einer Meinung, sondern respektieren sich immer, sagte er.<\/p>\n","protected":false},"excerpt":{"rendered":"<p>Ungarn und Malta begreifen voll und ganz, wie schwerwiegend die Migrationskrise ist und welche Antworten erforderlich sind, sagte P\u00e9ter Szijj\u00e1rt\u00f3, der ungarische Au\u00dfenminister, nach Gespr\u00e4chen mit Carmelo Abela, seinem maltesischen Amtskollegen, am Mittwoch. Auf einer gemeinsamen Pressekonferenz nach dem Treffen sagte Szijj\u00e1rt\u00f3, die beiden L\u00e4nder h\u00e4tten vereinbart, dass Entscheidungen \u00fcber Dienstleistungen f\u00fcr Migranten in den [&hellip;]<\/p>\n","protected":false},"author":2,"featured_media":732116,"comment_status":"open","ping_status":"open","sticky":false,"template":"","format":"standard","meta":{"_acf_changed":false,"_display_image":"","footnotes":""},"categories":[1081],"tags":[1470,1160,1082,1179,1445,1076],"class_list":["post-732115","post","type-post","status-publish","format-standard","has-post-thumbnail","hentry","category-politik","tag-ausenministerium-fur-ungarn","tag-besuch","tag-europaische-union","tag-malta","tag-migration","tag-ungarn"],"blocksy_meta":[],"acf":[],"author_username":"alk","telegram_post":"","public_post_metadata":{"breaking_news":"","important":"","csempe":"","center_tile":"","disable_thumbnail":"","target_lang":"","_featured_image_style":"","telegram_post":"","_xlat_group_id":""},"public_rank_math_data":{"title":"%title% %sep% %sitename%","description":"","focus_keyword":"","canonical_url":"","robots":"","primary_category":"1081","breadcrumb_title":"","facebook_title":"","facebook_description":"","facebook_image":"","facebook_image_id":"","twitter_title":"","twitter_description":"","twitter_image":"","twitter_image_id":"","twitter_card_type":"","twitter_use_facebook":"","advanced_robots":"","pillar_content":"","seo_score":"","contentai_score":"","rich_snippet":""},"_links":{"self":[{"href":"https:\/\/dailynewshungary.com\/de\/wp-json\/wp\/v2\/posts\/732115","targetHints":{"allow":["GET"]}}],"collection":[{"href":"https:\/\/dailynewshungary.com\/de\/wp-json\/wp\/v2\/posts"}],"about":[{"href":"https:\/\/dailynewshungary.com\/de\/wp-json\/wp\/v2\/types\/post"}],"author":[{"embeddable":true,"href":"https:\/\/dailynewshungary.com\/de\/wp-json\/wp\/v2\/users\/2"}],"replies":[{"embeddable":true,"href":"https:\/\/dailynewshungary.com\/de\/wp-json\/wp\/v2\/comments?post=732115"}],"version-history":[{"count":0,"href":"https:\/\/dailynewshungary.com\/de\/wp-json\/wp\/v2\/posts\/732115\/revisions"}],"wp:featuredmedia":[{"embeddable":true,"href":"https:\/\/dailynewshungary.com\/de\/wp-json\/wp\/v2\/media\/732116"}],"wp:attachment":[{"href":"https:\/\/dailynewshungary.com\/de\/wp-json\/wp\/v2\/media?parent=732115"}],"wp:term":[{"taxonomy":"category","embeddable":true,"href":"https:\/\/dailynewshungary.com\/de\/wp-json\/wp\/v2\/categories?post=732115"},{"taxonomy":"post_tag","embeddable":true,"href":"https:\/\/dailynewshungary.com\/de\/wp-json\/wp\/v2\/tags?post=732115"}],"curies":[{"name":"wp","href":"https:\/\/api.w.org\/{rel}","templated":true}]}}