{"id":732219,"date":"2019-02-24T15:00:52","date_gmt":"2019-02-24T14:00:52","guid":{"rendered":"https:\/\/dailynewshungary.com\/de\/uberleben-von-jobbik-bei-ep-wahl-auf-dem-spiel-sagt-sprecher\/"},"modified":"2019-02-24T15:00:52","modified_gmt":"2019-02-24T14:00:52","slug":"uberleben-von-jobbik-bei-ep-wahl-auf-dem-spiel-sagt-sprecher","status":"publish","type":"post","link":"https:\/\/dailynewshungary.com\/de\/uberleben-von-jobbik-bei-ep-wahl-auf-dem-spiel-sagt-sprecher\/","title":{"rendered":"\u00dcberleben von Jobbik bei EP-Wahl auf dem Spiel, sagt Sprecher"},"content":{"rendered":"<p><strong>Bei der Europawahl im Mai stehe das \u00dcberleben Jobbiks auf dem Spiel, sagte der stellvertretende Fraktionsvorsitzende und Sprecher der konservativen Partei, Gy\u00f6rgy Szil\u00e1gyi, am Samstag auf einer Pressekonferenz.<\/strong><\/p>\n<p>Nach dem Parteitag sagte Szilagyi, dass er gen\u00fcgend Stimmen gewonnen habe <a href=\"https:\/\/dailynewshungary.com\/de\/der-grose-britische-zuguberfall-wie-eine-15-kopfige-bande-1963-26-millionen-pfund-stahl\/\">Die EP-Wahl<\/a> W\u00fcrde bedeuten, dass (regierende) \u201cFidesz sich nicht trauen w\u00fcrde, die Partei zu verbieten\u201d, die, f\u00fcgte er hinzu, derzeit st\u00e4rkste Oppositionspartei sei.<\/p>\n<p>Sagte Szil\u00e1gyi <a href=\"https:\/\/dailynewshungary.com\/de\/jobbik-executive-vice-president-2019-kampfen-oder-versohnen\/\">Jobbik k\u00e4mpft gegen eine \u201cDiktatur\u201d<\/a> Die ihre Macht aus \u201cErpressung, Korruption, angeh\u00e4uftem Verm\u00f6gen, praxisorientierter Verwaltung staatlicher Institutionen und eigenem Medienimperium\u201d bezieht.<\/p>\n<blockquote>\n<p>Ministerpr\u00e4sident \u201cViktor Orb\u00e1n hat Angst vor den Folgen und deshalb Angst vor Jobbik\u201d, da die Partei in der Lage sei, das \u201cSystem der nationalen Zusammenarbeit\u201d abzubauen und ihre F\u00fchrer zur Rechenschaft zu ziehen, f\u00fcgte er hinzu.<\/p>\n<\/blockquote>\n<p>Auf dem Kongress verabschiedeten die Mitglieder eine \u00c4nderung der Satzung der Partei, die es Mitgliedern erlaubt, parallel zu ihrer Mitgliedschaft in Jobbik \u201cin begr\u00fcndeten F\u00e4llen\u201d und mit ausdr\u00fccklicher Genehmigung der Parteif\u00fchrung einer anderen noch zu gr\u00fcndenden \u2013 Partei beizutreten.<\/p>\n<blockquote>\n<p>Jobbik habe k\u00fcrzlich 44 neue B\u00fcros er\u00f6ffnet und 400 neue Mitglieder aufgenommen, und das Ziel sei es, dieses Wachstum zu verdoppeln, sagte er.<\/p>\n<\/blockquote>\n<p>In Bezug auf die Zusammenarbeit mit anderen Oppositionsparteien sagte Szil\u00e1gyi, dass die gr\u00fcne LMP die einzige Partei sei, mit der \u201eJobbik eine engere Zusammenarbeit sehen kann\u201caber die Zusammenarbeit mit anderen in bestimmten Fragen sei unvermeidlich.<\/p>\n<p><em>Ausgew\u00e4hlte Bild: www.facebook.com\/JobbikMagyarorszagertMozgalom<\/em><\/p>\n","protected":false},"excerpt":{"rendered":"<p>Bei der Europawahl im Mai stehe das \u00dcberleben Jobbiks auf dem Spiel, sagte der stellvertretende Fraktionsvorsitzende und Sprecher der konservativen Partei, Gy\u00f6rgy Szil\u00e1gyi, am Samstag auf einer Pressekonferenz. Nach dem Parteitag sagte Szilagyi, dass er gen\u00fcgend Stimmen gewonnen habe Die EP-Wahl W\u00fcrde bedeuten, dass (regierende) \u201cFidesz sich nicht trauen w\u00fcrde, die Partei zu verbieten\u201d, die, [&hellip;]<\/p>\n","protected":false},"author":33,"featured_media":732220,"comment_status":"open","ping_status":"open","sticky":false,"template":"","format":"standard","meta":{"_acf_changed":false,"_display_image":"","footnotes":""},"categories":[1081],"tags":[3916,1632,1076,1128],"class_list":["post-732219","post","type-post","status-publish","format-standard","has-post-thumbnail","hentry","category-politik","tag-ep-wahl-2019","tag-jobbik","tag-ungarn","tag-viktor-orban"],"blocksy_meta":[],"acf":[],"author_username":"ugyelet","telegram_post":"","public_post_metadata":{"breaking_news":"","important":"","csempe":"","center_tile":"","disable_thumbnail":"","target_lang":"","_featured_image_style":"","telegram_post":"","_xlat_group_id":""},"public_rank_math_data":{"title":"%title% %sep% %sitename%","description":"","focus_keyword":"","canonical_url":"","robots":"","primary_category":"1081","breadcrumb_title":"","facebook_title":"","facebook_description":"","facebook_image":"","facebook_image_id":"","twitter_title":"","twitter_description":"","twitter_image":"","twitter_image_id":"","twitter_card_type":"","twitter_use_facebook":"","advanced_robots":"","pillar_content":"","seo_score":"","contentai_score":"","rich_snippet":""},"_links":{"self":[{"href":"https:\/\/dailynewshungary.com\/de\/wp-json\/wp\/v2\/posts\/732219","targetHints":{"allow":["GET"]}}],"collection":[{"href":"https:\/\/dailynewshungary.com\/de\/wp-json\/wp\/v2\/posts"}],"about":[{"href":"https:\/\/dailynewshungary.com\/de\/wp-json\/wp\/v2\/types\/post"}],"author":[{"embeddable":true,"href":"https:\/\/dailynewshungary.com\/de\/wp-json\/wp\/v2\/users\/33"}],"replies":[{"embeddable":true,"href":"https:\/\/dailynewshungary.com\/de\/wp-json\/wp\/v2\/comments?post=732219"}],"version-history":[{"count":0,"href":"https:\/\/dailynewshungary.com\/de\/wp-json\/wp\/v2\/posts\/732219\/revisions"}],"wp:featuredmedia":[{"embeddable":true,"href":"https:\/\/dailynewshungary.com\/de\/wp-json\/wp\/v2\/media\/732220"}],"wp:attachment":[{"href":"https:\/\/dailynewshungary.com\/de\/wp-json\/wp\/v2\/media?parent=732219"}],"wp:term":[{"taxonomy":"category","embeddable":true,"href":"https:\/\/dailynewshungary.com\/de\/wp-json\/wp\/v2\/categories?post=732219"},{"taxonomy":"post_tag","embeddable":true,"href":"https:\/\/dailynewshungary.com\/de\/wp-json\/wp\/v2\/tags?post=732219"}],"curies":[{"name":"wp","href":"https:\/\/api.w.org\/{rel}","templated":true}]}}