{"id":732405,"date":"2019-02-16T16:30:14","date_gmt":"2019-02-16T15:30:14","guid":{"rendered":"https:\/\/dailynewshungary.com\/de\/sie-sind-die-besten-sportler-ungarns\/"},"modified":"2019-02-16T16:30:14","modified_gmt":"2019-02-16T15:30:14","slug":"sie-sind-die-besten-sportler-ungarns","status":"publish","type":"post","link":"https:\/\/dailynewshungary.com\/de\/sie-sind-die-besten-sportler-ungarns\/","title":{"rendered":"Sie sind die besten Sportler Ungarns!"},"content":{"rendered":"<p><strong>Die Gala der ungarischen Sportler des Jahres fand am 14. Februar 2019 statt. Die Gala fand im Ungarischen Nationaltheater in Budapest statt und wurde vom Fernsehsender M4 Sport \u00fcbertragen.<\/strong><\/p>\n<p>Es war eine gro\u00dfe Frage, ob Katinka Hossz\u00fa ihren sechsten Titel in Folge als Sportlerin des Jahres gewinnen konnte oder nicht. Als <a href=\"http:\/\/m.nemzetisport.hu\/kezilabda\/ev-sportoloja-gala-ez-a-dij-ambros-martin-erdeme-danyi-gabor-2684193\" target=\"_blank\" rel=\"noopener noreferrer\">nemzetisport.hu berichtete<\/a>, hier die Gewinner der 61. Sportler des Jahres Gala, mal sehen!<\/p>\n<h4>Die Gewinner:<\/h4>\n<p><strong>M\u00e4nner<\/strong>: <em><strong>Shaolin S\u00e1ndor Liu<\/strong><\/em> (Kurzstrecken-Eisschnelllauf)<\/p>\n<p>Shaolin S\u00e1ndor Liu hat den allerersten Titel bei den Olympischen Winterspielen gewonnen <a href=\"https:\/\/dailynewshungary.com\/de\/ungarischer-weltrekord-beim-shorttrack-weltcup\/\" target=\"_blank\" rel=\"noopener noreferrer\">5000-Meter-Staffel der M\u00e4nner <\/a> Kategorie, beim Spiel 2018 im koreanischen PyeongChang, in Leipzig erhielt er eine Bronzemedaille in der Staffelkategorie, zudem holte er 2018 in Montr\u00e9al eine Silbermedaille, 2019 gewann er bereits drei Goldmedaillen und eine Silbermedaille in der Dordrechter Europameisterschaft.<\/p>\n<p><strong>Frauen<\/strong>: <em><strong>Danuta Koz\u00e1k<\/strong><\/em> (kajakfahrer) bezeichnet<\/p>\n<p>Kurz nach der Geburt ihrer Tochter errang die ungarische Kajakfahrerin Danuta Koz\u00e1k 2018 Welt- und Europameisterschaftssiege. <a href=\"https:\/\/dailynewshungary.com\/de\/groser-ungarischer-erfolg-bei-der-kajak-kanu-weltmeisterschaft-2018\/\" target=\"_blank\" rel=\"noopener noreferrer\">Bei der Weltmeisterschaft in Portugal hat sie bisher drei Goldmedaillen gewonnen<\/a> Im Kajak 1 \u00fcber 500 Meter, Kajak 2 mit Anna K\u00e1r\u00e1sz und Kajak 4 zusammen mit drei ihrer Partnerinnen. Bei der Europameisterschaft hat sie zwei Goldmedaillen und eine Silbermedaille gewonnen.<\/p>\n<p>Danuta Koz\u00e1k hat den Titel der Sportlerin des Jahres vor der Tennisspielerin T\u00edmea Babos und sogar dem gewonnen <a href=\"https:\/\/dailynewshungary.com\/de\/katinka-hosszu-ist-die-beste-schwimmerin-des-jahres\/\" target=\"_blank\" rel=\"noopener noreferrer\">Gr\u00f6\u00dfter Favorit, Schwimmerin Katinka Hossz\u00fa.<\/a><\/p>\n<p><strong>Fu\u00dfball<\/strong> <strong>(M\u00e4nner)<\/strong>: <strong><em>P\u00e9ter Gul\u00e1csi<\/em> (RB Leipzig) bezeichnet<\/strong>, die <a href=\"https:\/\/dailynewshungary.com\/de\/er-ist-der-teuerste-ungarische-fusballspieler\/\" target=\"_blank\" rel=\"noopener noreferrer\">Teuerster ungarischer Fu\u00dfballspieler<\/a> Im Jahr 2018.<\/p>\n<p><strong>Fu\u00dfball (Frauen)<\/strong>: <em><strong>Zsanett Jakabfi<\/strong><\/em> (Vfl Wolfsburg) bezeichnet.<\/p>\n<p><strong>Trainer<\/strong>: <strong><em>\u00c1kos B\u00e1nhidi<\/em> und Lina <em>Zhang Jing<\/em><\/strong> (Kurzbahn-Eisschnelllaufstaffel der M\u00e4nner und Frauen).<\/p>\n<p><strong>Mannschaften (Einzelsportler im Mannschaftssport):<\/strong> <em><strong>Herren-Shorttrack-Eisschnelllaufstaffel<\/strong><\/em> (Shaoang Liu, Shaolin S\u00e1ndor Liu, Viktor Knoch, Csaba Burj\u00e1n, Reserve: Bence Ol\u00e1h).<\/p>\n<p><strong>Mannschaften (Original Mannschaftssportarten)<\/strong>: <em><strong>Gy Eri Audi ETO KC<\/strong><\/em> (Frauenhandball) 2018 war ein h\u00f6chst erfolgreiches Jahr f\u00fcr Gysrs Frauenhandball-Team, sie gewannen 2018 die EHF Women&#8217;s Champions League, gewannen aber auch im Vorjahr die ungarische Meisterschaft und den ungarischen Pokal Die ungarische Frauenhandballmannschaft aus Gysr ist <a href=\"https:\/\/dailynewshungary.com\/de\/erstaunlich-gyingr-ist-der-erste-der-finalfour-titel-verteidigt-video-fotos\/\" target=\"_blank\" rel=\"noopener noreferrer\">Der einzige, der seinen Titel in den Final Four verteidigte<\/a>.<\/p>\n<h4>Behinderte Sportler des Jahres:<\/h4>\n<p><strong>M\u00e4nner:&nbsp;<\/strong>R\u00f3bert Gelencs\u00e9r (Leichtathletik)<\/p>\n<p><strong>Frauen:&nbsp;<\/strong>Alexandra Gyurk\u00f3 (Schwimmen)<\/p>\n<p><strong>Trainer behinderter Sportler:&nbsp;<\/strong>S\u00e1ndor Beliczay (Rollstuhlfechten; Sportler: Hajm\u00e1si und Osv\u00e1th)<\/p>\n<p><strong>Teams:&nbsp;<\/strong>Ungarische Nationalmannschaft im Rollstuhlfechten (Dr. Bogl\u00e1rka Mez , EVE Hajm\u00e1si, Zsuzsanna Krajny\u00e1k, Amarilla Veres)<\/p>\n<h4>Galerie:<\/h4>\n<div id=\"gallery-4\" class=\"gallery galleryid-233287 gallery-columns-3 gallery-size-large\">\n<figure class=\"gallery-item\">\n<div class=\"gallery-icon landscape\">\n\t\t\t\t<a href=\"https:\/\/dailynewshungary.com\/de\/sie-sind-die-besten-sportler-ungarns\/\"><img loading=\"lazy\" decoding=\"async\" width=\"960\" height=\"954\" src=\"https:\/\/contentf5.dailynewshungary.com\/wp-content\/uploads\/2019\/02\/team-of-the-year-2019-gy\u0151ri-audio-eto-kc-handball-womens-team.jpg\" class=\"attachment-large size-large\" alt=\"#ungarisch #Sportler des Jahres #gala #budapest #ungarisch\" aria-describedby=\"gallery-4-233405\" srcset=\"https:\/\/contentf5.dailynewshungary.com\/wp-content\/uploads\/2019\/02\/team-of-the-year-2019-gy\u0151ri-audio-eto-kc-handball-womens-team.jpg 960w, https:\/\/contentf5.dailynewshungary.com\/wp-content\/uploads\/2019\/02\/team-of-the-year-2019-gy\u0151ri-audio-eto-kc-handball-womens-team-150x150.jpg 150w, https:\/\/contentf5.dailynewshungary.com\/wp-content\/uploads\/2019\/02\/team-of-the-year-2019-gy\u0151ri-audio-eto-kc-handball-womens-team-300x298.jpg 300w, https:\/\/contentf5.dailynewshungary.com\/wp-content\/uploads\/2019\/02\/team-of-the-year-2019-gy\u0151ri-audio-eto-kc-handball-womens-team-768x763.jpg 768w, https:\/\/contentf5.dailynewshungary.com\/wp-content\/uploads\/2019\/02\/team-of-the-year-2019-gy\u0151ri-audio-eto-kc-handball-womens-team-220x220.jpg 220w, https:\/\/contentf5.dailynewshungary.com\/wp-content\/uploads\/2019\/02\/team-of-the-year-2019-gy\u0151ri-audio-eto-kc-handball-womens-team-600x596.jpg 600w, https:\/\/contentf5.dailynewshungary.com\/wp-content\/uploads\/2019\/02\/team-of-the-year-2019-gy\u0151ri-audio-eto-kc-handball-womens-team-200x199.jpg 200w\" sizes=\"auto, (max-width: 960px) 100vw, 960px\"><\/a>\n\t\t\t<\/div><figcaption class=\"wp-caption-text gallery-caption\" id=\"gallery-4-233405\">\n\t\t\t\tTeam des Jahres 2019 Gy ri Audio ETO KC, Handball-Frauenmannschaft,<br \/>\nfacebook.com\/EvSportolojaGala<br \/>\n\t\t\t\t<\/figcaption><\/figure>\n<figure class=\"gallery-item\">\n<div class=\"gallery-icon landscape\">\n\t\t\t\t<a href=\"https:\/\/dailynewshungary.com\/de\/sie-sind-die-besten-sportler-ungarns\/\"><img loading=\"lazy\" decoding=\"async\" width=\"960\" height=\"960\" src=\"https:\/\/contentf5.dailynewshungary.com\/wp-content\/uploads\/2019\/02\/Hungarian-National-Team-Short-Track-Speed-Skating.jpg\" class=\"attachment-large size-large\" alt=\"#ungarisch #Sportler des Jahres #gala #budapest #ungarisch\" aria-describedby=\"gallery-4-233408\" srcset=\"https:\/\/contentf5.dailynewshungary.com\/wp-content\/uploads\/2019\/02\/Hungarian-National-Team-Short-Track-Speed-Skating.jpg 960w, https:\/\/contentf5.dailynewshungary.com\/wp-content\/uploads\/2019\/02\/Hungarian-National-Team-Short-Track-Speed-Skating-150x150.jpg 150w, https:\/\/contentf5.dailynewshungary.com\/wp-content\/uploads\/2019\/02\/Hungarian-National-Team-Short-Track-Speed-Skating-300x300.jpg 300w, https:\/\/contentf5.dailynewshungary.com\/wp-content\/uploads\/2019\/02\/Hungarian-National-Team-Short-Track-Speed-Skating-768x768.jpg 768w, https:\/\/contentf5.dailynewshungary.com\/wp-content\/uploads\/2019\/02\/Hungarian-National-Team-Short-Track-Speed-Skating-220x220.jpg 220w, https:\/\/contentf5.dailynewshungary.com\/wp-content\/uploads\/2019\/02\/Hungarian-National-Team-Short-Track-Speed-Skating-600x600.jpg 600w, https:\/\/contentf5.dailynewshungary.com\/wp-content\/uploads\/2019\/02\/Hungarian-National-Team-Short-Track-Speed-Skating-200x200.jpg 200w, https:\/\/contentf5.dailynewshungary.com\/wp-content\/uploads\/2019\/02\/Hungarian-National-Team-Short-Track-Speed-Skating-440x440.jpg 440w\" sizes=\"auto, (max-width: 960px) 100vw, 960px\"><\/a>\n\t\t\t<\/div><figcaption class=\"wp-caption-text gallery-caption\" id=\"gallery-4-233408\">\n\t\t\t\tUngarische Nationalmannschaft &#8211; Kurzstrecken-Eisschnelllauf,<br \/>\nfacebook.com\/EvSportolojaGala<br \/>\n\t\t\t\t<\/figcaption><\/figure>\n<figure class=\"gallery-item\">\n<div class=\"gallery-icon landscape\">\n\t\t\t\t<a href=\"https:\/\/dailynewshungary.com\/de\/sie-sind-die-besten-sportler-ungarns\/\"><img loading=\"lazy\" decoding=\"async\" width=\"960\" height=\"960\" src=\"https:\/\/contentf5.dailynewshungary.com\/wp-content\/uploads\/2019\/02\/Man-Athlete-of-the-Year-Shaolin-Sandor-Liu-short-track-speed-skating.jpg\" class=\"attachment-large size-large\" alt=\"#ungarisch #Sportler des Jahres #gala #budapest #ungarisch\" aria-describedby=\"gallery-4-233409\" srcset=\"https:\/\/contentf5.dailynewshungary.com\/wp-content\/uploads\/2019\/02\/Man-Athlete-of-the-Year-Shaolin-Sandor-Liu-short-track-speed-skating.jpg 960w, https:\/\/contentf5.dailynewshungary.com\/wp-content\/uploads\/2019\/02\/Man-Athlete-of-the-Year-Shaolin-Sandor-Liu-short-track-speed-skating-150x150.jpg 150w, https:\/\/contentf5.dailynewshungary.com\/wp-content\/uploads\/2019\/02\/Man-Athlete-of-the-Year-Shaolin-Sandor-Liu-short-track-speed-skating-300x300.jpg 300w, https:\/\/contentf5.dailynewshungary.com\/wp-content\/uploads\/2019\/02\/Man-Athlete-of-the-Year-Shaolin-Sandor-Liu-short-track-speed-skating-768x768.jpg 768w, https:\/\/contentf5.dailynewshungary.com\/wp-content\/uploads\/2019\/02\/Man-Athlete-of-the-Year-Shaolin-Sandor-Liu-short-track-speed-skating-220x220.jpg 220w, https:\/\/contentf5.dailynewshungary.com\/wp-content\/uploads\/2019\/02\/Man-Athlete-of-the-Year-Shaolin-Sandor-Liu-short-track-speed-skating-600x600.jpg 600w, https:\/\/contentf5.dailynewshungary.com\/wp-content\/uploads\/2019\/02\/Man-Athlete-of-the-Year-Shaolin-Sandor-Liu-short-track-speed-skating-200x200.jpg 200w, https:\/\/contentf5.dailynewshungary.com\/wp-content\/uploads\/2019\/02\/Man-Athlete-of-the-Year-Shaolin-Sandor-Liu-short-track-speed-skating-440x440.jpg 440w\" sizes=\"auto, (max-width: 960px) 100vw, 960px\"><\/a>\n\t\t\t<\/div><figcaption class=\"wp-caption-text gallery-caption\" id=\"gallery-4-233409\">\n\t\t\t\tMann Sportler des Jahres \u2013 Shaolin Sandor Liu \u2013 Kurzstrecken-Eisschnelllauf,<br \/>\nfacebook.com\/EvSportolojaGala<br \/>\n\t\t\t\t<\/figcaption><\/figure>\n<figure class=\"gallery-item\">\n<div class=\"gallery-icon landscape\">\n\t\t\t\t<a href=\"https:\/\/dailynewshungary.com\/de\/sie-sind-die-besten-sportler-ungarns\/\"><img loading=\"lazy\" decoding=\"async\" width=\"960\" height=\"960\" src=\"https:\/\/contentf5.dailynewshungary.com\/wp-content\/uploads\/2019\/02\/woman-athlete-of-the-year-2019-danuta-koz\u00e1k.jpg\" class=\"attachment-large size-large\" alt=\"#ungarisch #Sportler des Jahres #gala #budapest #ungarisch\" aria-describedby=\"gallery-4-233406\" srcset=\"https:\/\/contentf5.dailynewshungary.com\/wp-content\/uploads\/2019\/02\/woman-athlete-of-the-year-2019-danuta-koz\u00e1k.jpg 960w, https:\/\/contentf5.dailynewshungary.com\/wp-content\/uploads\/2019\/02\/woman-athlete-of-the-year-2019-danuta-koz\u00e1k-150x150.jpg 150w, https:\/\/contentf5.dailynewshungary.com\/wp-content\/uploads\/2019\/02\/woman-athlete-of-the-year-2019-danuta-koz\u00e1k-300x300.jpg 300w, https:\/\/contentf5.dailynewshungary.com\/wp-content\/uploads\/2019\/02\/woman-athlete-of-the-year-2019-danuta-koz\u00e1k-768x768.jpg 768w, https:\/\/contentf5.dailynewshungary.com\/wp-content\/uploads\/2019\/02\/woman-athlete-of-the-year-2019-danuta-koz\u00e1k-220x220.jpg 220w, https:\/\/contentf5.dailynewshungary.com\/wp-content\/uploads\/2019\/02\/woman-athlete-of-the-year-2019-danuta-koz\u00e1k-600x600.jpg 600w, https:\/\/contentf5.dailynewshungary.com\/wp-content\/uploads\/2019\/02\/woman-athlete-of-the-year-2019-danuta-koz\u00e1k-200x200.jpg 200w, https:\/\/contentf5.dailynewshungary.com\/wp-content\/uploads\/2019\/02\/woman-athlete-of-the-year-2019-danuta-koz\u00e1k-440x440.jpg 440w\" sizes=\"auto, (max-width: 960px) 100vw, 960px\"><\/a>\n\t\t\t<\/div><figcaption class=\"wp-caption-text gallery-caption\" id=\"gallery-4-233406\">\n\t\t\t\tSportlerin des Jahres 2019 Danuta Koz\u00e1k,<br \/>\nfacebook.com\/EvSportolojaGala<br \/>\n\t\t\t\t<\/figcaption><\/figure>\n<figure class=\"gallery-item\">\n<div class=\"gallery-icon landscape\">\n\t\t\t\t<a href=\"https:\/\/dailynewshungary.com\/de\/sie-sind-die-besten-sportler-ungarns\/\"><img loading=\"lazy\" decoding=\"async\" width=\"960\" height=\"960\" src=\"https:\/\/contentf5.dailynewshungary.com\/wp-content\/uploads\/2019\/02\/man-football-player-of-the-year-2019-p\u00e9ter-gul\u00e1csi.jpg\" class=\"attachment-large size-large\" alt=\"#ungarisch #Sportler des Jahres #gala #budapest #ungarisch\" aria-describedby=\"gallery-4-233404\" srcset=\"https:\/\/contentf5.dailynewshungary.com\/wp-content\/uploads\/2019\/02\/man-football-player-of-the-year-2019-p\u00e9ter-gul\u00e1csi.jpg 960w, https:\/\/contentf5.dailynewshungary.com\/wp-content\/uploads\/2019\/02\/man-football-player-of-the-year-2019-p\u00e9ter-gul\u00e1csi-150x150.jpg 150w, https:\/\/contentf5.dailynewshungary.com\/wp-content\/uploads\/2019\/02\/man-football-player-of-the-year-2019-p\u00e9ter-gul\u00e1csi-300x300.jpg 300w, https:\/\/contentf5.dailynewshungary.com\/wp-content\/uploads\/2019\/02\/man-football-player-of-the-year-2019-p\u00e9ter-gul\u00e1csi-768x768.jpg 768w, https:\/\/contentf5.dailynewshungary.com\/wp-content\/uploads\/2019\/02\/man-football-player-of-the-year-2019-p\u00e9ter-gul\u00e1csi-220x220.jpg 220w, https:\/\/contentf5.dailynewshungary.com\/wp-content\/uploads\/2019\/02\/man-football-player-of-the-year-2019-p\u00e9ter-gul\u00e1csi-600x600.jpg 600w, https:\/\/contentf5.dailynewshungary.com\/wp-content\/uploads\/2019\/02\/man-football-player-of-the-year-2019-p\u00e9ter-gul\u00e1csi-200x200.jpg 200w, https:\/\/contentf5.dailynewshungary.com\/wp-content\/uploads\/2019\/02\/man-football-player-of-the-year-2019-p\u00e9ter-gul\u00e1csi-440x440.jpg 440w\" sizes=\"auto, (max-width: 960px) 100vw, 960px\"><\/a>\n\t\t\t<\/div><figcaption class=\"wp-caption-text gallery-caption\" id=\"gallery-4-233404\">\n\t\t\t\tMann-Fu\u00dfballspieler des Jahres, P\u00e9ter Gul\u00e1csi<br \/>\nfacebook.com\/EvSportolojaGala<br \/>\n\t\t\t\t<\/figcaption><\/figure>\n<figure class=\"gallery-item\">\n<div class=\"gallery-icon landscape\">\n\t\t\t\t<a href=\"https:\/\/dailynewshungary.com\/de\/sie-sind-die-besten-sportler-ungarns\/\"><img loading=\"lazy\" decoding=\"async\" width=\"960\" height=\"960\" src=\"https:\/\/contentf5.dailynewshungary.com\/wp-content\/uploads\/2019\/02\/woman-football-player-of-the-year-2019-zsanett-jakabfi.jpg\" class=\"attachment-large size-large\" alt=\"#ungarisch #Sportler des Jahres #gala #budapest #ungarisch\" aria-describedby=\"gallery-4-233407\" srcset=\"https:\/\/contentf5.dailynewshungary.com\/wp-content\/uploads\/2019\/02\/woman-football-player-of-the-year-2019-zsanett-jakabfi.jpg 960w, https:\/\/contentf5.dailynewshungary.com\/wp-content\/uploads\/2019\/02\/woman-football-player-of-the-year-2019-zsanett-jakabfi-150x150.jpg 150w, https:\/\/contentf5.dailynewshungary.com\/wp-content\/uploads\/2019\/02\/woman-football-player-of-the-year-2019-zsanett-jakabfi-300x300.jpg 300w, https:\/\/contentf5.dailynewshungary.com\/wp-content\/uploads\/2019\/02\/woman-football-player-of-the-year-2019-zsanett-jakabfi-768x768.jpg 768w, https:\/\/contentf5.dailynewshungary.com\/wp-content\/uploads\/2019\/02\/woman-football-player-of-the-year-2019-zsanett-jakabfi-220x220.jpg 220w, https:\/\/contentf5.dailynewshungary.com\/wp-content\/uploads\/2019\/02\/woman-football-player-of-the-year-2019-zsanett-jakabfi-600x600.jpg 600w, https:\/\/contentf5.dailynewshungary.com\/wp-content\/uploads\/2019\/02\/woman-football-player-of-the-year-2019-zsanett-jakabfi-200x200.jpg 200w, https:\/\/contentf5.dailynewshungary.com\/wp-content\/uploads\/2019\/02\/woman-football-player-of-the-year-2019-zsanett-jakabfi-440x440.jpg 440w\" sizes=\"auto, (max-width: 960px) 100vw, 960px\"><\/a>\n\t\t\t<\/div><figcaption class=\"wp-caption-text gallery-caption\" id=\"gallery-4-233407\">\n\t\t\t\tFu\u00dfballspielerin des Jahres 2019 Zsanett Jakabfi,<br \/>\nfacebook.com\/EvSportolojaGala<br \/>\n\t\t\t\t<\/figcaption><\/figure>\n<figure class=\"gallery-item\">\n<div class=\"gallery-icon landscape\">\n\t\t\t\t<a href=\"https:\/\/dailynewshungary.com\/de\/sie-sind-die-besten-sportler-ungarns\/\"><img loading=\"lazy\" decoding=\"async\" width=\"960\" height=\"960\" src=\"https:\/\/contentf5.dailynewshungary.com\/wp-content\/uploads\/2019\/02\/coach-of-the-year-2019-speed-skating.jpg\" class=\"attachment-large size-large\" alt=\"#ungarisch #Sportler des Jahres #gala #budapest #ungarisch\" aria-describedby=\"gallery-4-233403\" srcset=\"https:\/\/contentf5.dailynewshungary.com\/wp-content\/uploads\/2019\/02\/coach-of-the-year-2019-speed-skating.jpg 960w, https:\/\/contentf5.dailynewshungary.com\/wp-content\/uploads\/2019\/02\/coach-of-the-year-2019-speed-skating-150x150.jpg 150w, https:\/\/contentf5.dailynewshungary.com\/wp-content\/uploads\/2019\/02\/coach-of-the-year-2019-speed-skating-300x300.jpg 300w, https:\/\/contentf5.dailynewshungary.com\/wp-content\/uploads\/2019\/02\/coach-of-the-year-2019-speed-skating-768x768.jpg 768w, https:\/\/contentf5.dailynewshungary.com\/wp-content\/uploads\/2019\/02\/coach-of-the-year-2019-speed-skating-220x220.jpg 220w, https:\/\/contentf5.dailynewshungary.com\/wp-content\/uploads\/2019\/02\/coach-of-the-year-2019-speed-skating-600x600.jpg 600w, https:\/\/contentf5.dailynewshungary.com\/wp-content\/uploads\/2019\/02\/coach-of-the-year-2019-speed-skating-200x200.jpg 200w, https:\/\/contentf5.dailynewshungary.com\/wp-content\/uploads\/2019\/02\/coach-of-the-year-2019-speed-skating-440x440.jpg 440w\" sizes=\"auto, (max-width: 960px) 100vw, 960px\"><\/a>\n\t\t\t<\/div><figcaption class=\"wp-caption-text gallery-caption\" id=\"gallery-4-233403\">\n\t\t\t\tTrainerin des Jahres 2019, Lina Zhang Zhin &amp; \u00c1kos B\u00e1nhidi,<br \/>\nfacebook.com\/EvSportolojaGala<br \/>\n\t\t\t\t<\/figcaption><\/figure>\n<figure class=\"gallery-item\">\n<div class=\"gallery-icon landscape\">\n\t\t\t\t<a href=\"https:\/\/dailynewshungary.com\/de\/sie-sind-die-besten-sportler-ungarns\/\"><img loading=\"lazy\" decoding=\"async\" width=\"960\" height=\"960\" src=\"https:\/\/contentf5.dailynewshungary.com\/wp-content\/uploads\/2019\/02\/Gy\u0151ri-Audi-ETO-KC-winning-best-Hungarian-team-of-the-year-title.jpg\" class=\"attachment-large size-large\" alt=\"#ungary #ungarisch #Sportler #Sportler #Sportlerinnen #Sportlerinnen #gala #des Jahres\" aria-describedby=\"gallery-4-233410\" srcset=\"https:\/\/contentf5.dailynewshungary.com\/wp-content\/uploads\/2019\/02\/Gy\u0151ri-Audi-ETO-KC-winning-best-Hungarian-team-of-the-year-title.jpg 960w, https:\/\/contentf5.dailynewshungary.com\/wp-content\/uploads\/2019\/02\/Gy\u0151ri-Audi-ETO-KC-winning-best-Hungarian-team-of-the-year-title-150x150.jpg 150w, https:\/\/contentf5.dailynewshungary.com\/wp-content\/uploads\/2019\/02\/Gy\u0151ri-Audi-ETO-KC-winning-best-Hungarian-team-of-the-year-title-300x300.jpg 300w, https:\/\/contentf5.dailynewshungary.com\/wp-content\/uploads\/2019\/02\/Gy\u0151ri-Audi-ETO-KC-winning-best-Hungarian-team-of-the-year-title-768x768.jpg 768w, https:\/\/contentf5.dailynewshungary.com\/wp-content\/uploads\/2019\/02\/Gy\u0151ri-Audi-ETO-KC-winning-best-Hungarian-team-of-the-year-title-220x220.jpg 220w, https:\/\/contentf5.dailynewshungary.com\/wp-content\/uploads\/2019\/02\/Gy\u0151ri-Audi-ETO-KC-winning-best-Hungarian-team-of-the-year-title-600x600.jpg 600w, https:\/\/contentf5.dailynewshungary.com\/wp-content\/uploads\/2019\/02\/Gy\u0151ri-Audi-ETO-KC-winning-best-Hungarian-team-of-the-year-title-200x200.jpg 200w, https:\/\/contentf5.dailynewshungary.com\/wp-content\/uploads\/2019\/02\/Gy\u0151ri-Audi-ETO-KC-winning-best-Hungarian-team-of-the-year-title-440x440.jpg 440w\" sizes=\"auto, (max-width: 960px) 100vw, 960px\"><\/a>\n\t\t\t<\/div><figcaption class=\"wp-caption-text gallery-caption\" id=\"gallery-4-233410\">\n\t\t\t\tGysri Audi ETO KC gewinnt den Titel der besten ungarischen Mannschaft des Jahres, Frauenhandball,<br \/>\nfacebook.com\/gyoriaudietokcofficial<br \/>\n\t\t\t\t<\/figcaption><\/figure>\n<figure class=\"gallery-item\">\n<div class=\"gallery-icon landscape\">\n\t\t\t\t<a href=\"https:\/\/dailynewshungary.com\/de\/sie-sind-die-besten-sportler-ungarns\/\"><img loading=\"lazy\" decoding=\"async\" width=\"600\" height=\"391\" src=\"https:\/\/contentf5.dailynewshungary.com\/wp-content\/uploads\/2019\/02\/Shaolin-Sandor-Liu-winning-the-Hungarian-Man-Athlete-of-the-Year-Title-at-the-Gala.jpg\" class=\"attachment-large size-large\" alt=\"#ungary #ungarisch #Sportler des Jahres #gala\" aria-describedby=\"gallery-4-233310\" srcset=\"https:\/\/contentf5.dailynewshungary.com\/wp-content\/uploads\/2019\/02\/Shaolin-Sandor-Liu-winning-the-Hungarian-Man-Athlete-of-the-Year-Title-at-the-Gala.jpg 600w, https:\/\/contentf5.dailynewshungary.com\/wp-content\/uploads\/2019\/02\/Shaolin-Sandor-Liu-winning-the-Hungarian-Man-Athlete-of-the-Year-Title-at-the-Gala-300x196.jpg 300w, https:\/\/contentf5.dailynewshungary.com\/wp-content\/uploads\/2019\/02\/Shaolin-Sandor-Liu-winning-the-Hungarian-Man-Athlete-of-the-Year-Title-at-the-Gala-220x143.jpg 220w, https:\/\/contentf5.dailynewshungary.com\/wp-content\/uploads\/2019\/02\/Shaolin-Sandor-Liu-winning-the-Hungarian-Man-Athlete-of-the-Year-Title-at-the-Gala-200x130.jpg 200w\" sizes=\"auto, (max-width: 600px) 100vw, 600px\"><\/a>\n\t\t\t<\/div><figcaption class=\"wp-caption-text gallery-caption\" id=\"gallery-4-233310\">\n\t\t\t\tShaolin Sandor Liu gewann bei der Gala den ungarischen Titel als Sportler des Jahres<br \/>\nFoto: Mti.hu<br \/>\n\t\t\t\t<\/figcaption><\/figure>\n<figure class=\"gallery-item\">\n<div class=\"gallery-icon portrait\">\n\t\t\t\t<a href=\"https:\/\/dailynewshungary.com\/de\/sie-sind-die-besten-sportler-ungarns\/\"><img loading=\"lazy\" decoding=\"async\" width=\"490\" height=\"600\" src=\"https:\/\/contentf5.dailynewshungary.com\/wp-content\/uploads\/2019\/02\/Robert-Gelencser-Man-Hungarian-Athlete-of-the-Year-in-Atletics.jpg\" class=\"attachment-large size-large\" alt=\"#ungary #ungarian #man #athlet des #Jahres\" aria-describedby=\"gallery-4-233351\" srcset=\"https:\/\/contentf5.dailynewshungary.com\/wp-content\/uploads\/2019\/02\/Robert-Gelencser-Man-Hungarian-Athlete-of-the-Year-in-Atletics.jpg 490w, https:\/\/contentf5.dailynewshungary.com\/wp-content\/uploads\/2019\/02\/Robert-Gelencser-Man-Hungarian-Athlete-of-the-Year-in-Atletics-245x300.jpg 245w, https:\/\/contentf5.dailynewshungary.com\/wp-content\/uploads\/2019\/02\/Robert-Gelencser-Man-Hungarian-Athlete-of-the-Year-in-Atletics-180x220.jpg 180w, https:\/\/contentf5.dailynewshungary.com\/wp-content\/uploads\/2019\/02\/Robert-Gelencser-Man-Hungarian-Athlete-of-the-Year-in-Atletics-200x245.jpg 200w\" sizes=\"auto, (max-width: 490px) 100vw, 490px\"><\/a>\n\t\t\t<\/div><figcaption class=\"wp-caption-text gallery-caption\" id=\"gallery-4-233351\">\n\t\t\t\tRobert Gelencser, Mann Ungarischer Athlet des Jahres in der Atletik<br \/>\nFoto: MTI, Tibor Illy\u00e9s<br \/>\n\t\t\t\t<\/figcaption><\/figure>\n<figure class=\"gallery-item\">\n<div class=\"gallery-icon landscape\">\n\t\t\t\t<a href=\"https:\/\/dailynewshungary.com\/de\/sie-sind-die-besten-sportler-ungarns\/\"><img loading=\"lazy\" decoding=\"async\" width=\"960\" height=\"640\" src=\"https:\/\/contentf5.dailynewshungary.com\/wp-content\/uploads\/2019\/02\/athletes-of-the-year.jpg\" class=\"attachment-large size-large\" alt=\"#ungary #ungarisch #Sportler #Sportler #Sportlerinnen #Sportlerinnen #gala #des Jahres\" aria-describedby=\"gallery-4-233376\" srcset=\"https:\/\/contentf5.dailynewshungary.com\/wp-content\/uploads\/2019\/02\/athletes-of-the-year.jpg 960w, https:\/\/contentf5.dailynewshungary.com\/wp-content\/uploads\/2019\/02\/athletes-of-the-year-300x200.jpg 300w, https:\/\/contentf5.dailynewshungary.com\/wp-content\/uploads\/2019\/02\/athletes-of-the-year-768x512.jpg 768w, https:\/\/contentf5.dailynewshungary.com\/wp-content\/uploads\/2019\/02\/athletes-of-the-year-220x147.jpg 220w, https:\/\/contentf5.dailynewshungary.com\/wp-content\/uploads\/2019\/02\/athletes-of-the-year-600x400.jpg 600w, https:\/\/contentf5.dailynewshungary.com\/wp-content\/uploads\/2019\/02\/athletes-of-the-year-200x133.jpg 200w\" sizes=\"auto, (max-width: 960px) 100vw, 960px\"><\/a>\n\t\t\t<\/div><figcaption class=\"wp-caption-text gallery-caption\" id=\"gallery-4-233376\">\n\t\t\t\tUngarische Sportler des Jahres 2019,<br \/>\nGruppenfoto: www.facebook.com\/\u00c9vSportol\u00f3jaG\u00e1la<br \/>\n\t\t\t\t<\/figcaption><\/figure>\n<\/p>\n<\/div>\n<h4><\/h4>\n<p><em>Ausgew\u00e4hlte Bild: facebook.com\/EvSportolojaGala<\/em><\/p>\n","protected":false},"excerpt":{"rendered":"<p>Die Gala der ungarischen Sportler des Jahres fand am 14. Februar 2019 statt. Die Gala fand im Ungarischen Nationaltheater in Budapest statt und wurde vom Fernsehsender M4 Sport \u00fcbertragen. Es war eine gro\u00dfe Frage, ob Katinka Hossz\u00fa ihren sechsten Titel in Folge als Sportlerin des Jahres gewinnen konnte oder nicht. Als nemzetisport.hu berichtete, hier die [&hellip;]<\/p>\n","protected":false},"author":32,"featured_media":732406,"comment_status":"open","ping_status":"open","sticky":false,"template":"","format":"standard","meta":{"_acf_changed":false,"_display_image":"","footnotes":""},"categories":[1219],"tags":[2099,1446,1076,1570],"class_list":["post-732405","post","type-post","status-publish","format-standard","has-post-thumbnail","hentry","category-sport","tag-europaische-meisterschaft","tag-outdoor-sport","tag-ungarn","tag-weltmeisterschaft"],"blocksy_meta":[],"acf":[],"author_username":"horvathadi","telegram_post":"","public_post_metadata":{"breaking_news":"","important":"","csempe":"","center_tile":"","disable_thumbnail":"","target_lang":"","_featured_image_style":"","telegram_post":"","_xlat_group_id":""},"public_rank_math_data":{"title":"%title% %sep% %sitename%","description":"","focus_keyword":"","canonical_url":"","robots":"","primary_category":"1219","breadcrumb_title":"","facebook_title":"","facebook_description":"","facebook_image":"","facebook_image_id":"","twitter_title":"","twitter_description":"","twitter_image":"","twitter_image_id":"","twitter_card_type":"","twitter_use_facebook":"","advanced_robots":"","pillar_content":"","seo_score":"","contentai_score":"","rich_snippet":""},"_links":{"self":[{"href":"https:\/\/dailynewshungary.com\/de\/wp-json\/wp\/v2\/posts\/732405","targetHints":{"allow":["GET"]}}],"collection":[{"href":"https:\/\/dailynewshungary.com\/de\/wp-json\/wp\/v2\/posts"}],"about":[{"href":"https:\/\/dailynewshungary.com\/de\/wp-json\/wp\/v2\/types\/post"}],"author":[{"embeddable":true,"href":"https:\/\/dailynewshungary.com\/de\/wp-json\/wp\/v2\/users\/32"}],"replies":[{"embeddable":true,"href":"https:\/\/dailynewshungary.com\/de\/wp-json\/wp\/v2\/comments?post=732405"}],"version-history":[{"count":0,"href":"https:\/\/dailynewshungary.com\/de\/wp-json\/wp\/v2\/posts\/732405\/revisions"}],"wp:featuredmedia":[{"embeddable":true,"href":"https:\/\/dailynewshungary.com\/de\/wp-json\/wp\/v2\/media\/732406"}],"wp:attachment":[{"href":"https:\/\/dailynewshungary.com\/de\/wp-json\/wp\/v2\/media?parent=732405"}],"wp:term":[{"taxonomy":"category","embeddable":true,"href":"https:\/\/dailynewshungary.com\/de\/wp-json\/wp\/v2\/categories?post=732405"},{"taxonomy":"post_tag","embeddable":true,"href":"https:\/\/dailynewshungary.com\/de\/wp-json\/wp\/v2\/tags?post=732405"}],"curies":[{"name":"wp","href":"https:\/\/api.w.org\/{rel}","templated":true}]}}