{"id":732516,"date":"2019-02-12T11:30:47","date_gmt":"2019-02-12T10:30:47","guid":{"rendered":"https:\/\/dailynewshungary.com\/de\/ist-der-oppositionsabgeordnete-demeter-ein-risiko-fur-die-nationale-sicherheit\/"},"modified":"2019-02-12T11:30:47","modified_gmt":"2019-02-12T10:30:47","slug":"ist-der-oppositionsabgeordnete-demeter-ein-risiko-fur-die-nationale-sicherheit","status":"publish","type":"post","link":"https:\/\/dailynewshungary.com\/de\/ist-der-oppositionsabgeordnete-demeter-ein-risiko-fur-die-nationale-sicherheit\/","title":{"rendered":"Ist der Oppositionsabgeordnete Demeter ein Risiko f\u00fcr die nationale Sicherheit?"},"content":{"rendered":"<p><strong>Parlamentspr\u00e4sident L\u00e1szl\u00f3 K\u00f6v\u00e9r hat vorgeschlagen, die oppositionelle LMP-Abgeordnete M\u00e1rta Demeter aus dem Verteidigungs- und Strafverfolgungsausschuss des Parlaments auszuschlie\u00dfen, dessen stellvertretende Leiterin sie ist, teilte die Pressestelle des Parlaments am Montag mit.<\/strong><\/p>\n<p>Es wird erwartet, dass das Parlament am 18. Februar, der ersten Sitzung seiner Fr\u00fchjahrsperiode, \u00fcber den Vorschlag entscheidet.<\/p>\n<blockquote>\n<p>Der Geheimdienst f\u00fcr innere Sicherheit des Verfassungsschutzamtes erkl\u00e4rte in einer Stellungnahme, die aufgrund einer vom Redner angeordneten Sicherheits\u00fcberpr\u00fcfung an K\u00f6v\u00e9r geschickt wurde, Demeter sei ein Risiko f\u00fcr die nationale Sicherheit und empfahl ihr den sofortigen Ausschluss aus dem Ausschuss.<\/p>\n<\/blockquote>\n<p>Letzten Oktober <a href=\"https:\/\/dailynewshungary.com\/de\/fidesz-fordert-die-entfernung-des-abgeordneten-demeter-aus-dem-parlament-wegen-vorwurfen-bezuglich-der-tochter-des-premierministers\/\" target=\"_blank\" rel=\"noopener\">Demeter stellte Fragen an die Innen- und Verteidigungsminister und fragte sie, warum eine Minderj\u00e4hrige namens Fl\u00f3ra Orb\u00e1n, von der Demeter f\u00e4lschlicherweise angenommen hatte, sie sei die Tochter des Premierministers<\/a>, durfte mit einem von der ungarischen Armee betriebenen Airbus reisen.<\/p>\n<p>Sp\u00e4ter erkl\u00e4rte sie in einer weiteren schriftlichen Anfrage, dass der f\u00fcr die Entwicklung der Landesverteidigung zust\u00e4ndige Direktor der ungarischen Armee und Staatssekret\u00e4r unrechtm\u00e4\u00dfig mit einem f\u00fcr die milit\u00e4rische Ausbildung eingesetzten Flugzeug gereist sei. Als Reaktion darauf bestritten mehrere Vertreter des Verteidigungsministeriums, dass G\u00e1sp\u00e1r Mar\u00f3th mit dem Flugzeug gereist sei.<\/p>\n<p>Wie wir bereits schrieben, forderte Fidesz-Gruppenf\u00fchrer M\u00e1te Kocsis den R\u00fccktritt Demeters, weil er \u201ceine der T\u00f6chter des Premierministers mit einem zweij\u00e4hrigen M\u00e4dchen gleichen Namens vermischt\u201d und \u201csensible\u201d milit\u00e4rische Informationen \u201cin der Hoffnung auf politischen Gewinn\u201d offengelegt habe, <a href=\"https:\/\/dailynewshungary.com\/de\/lmp-reagiert-nachdem-demeter-unter-druck-geraten-ist-aufzuhoren\/\" target=\"_blank\" rel=\"noopener\">Lesen Sie hier mehr<\/a>.<\/p>\n","protected":false},"excerpt":{"rendered":"<p>Parlamentspr\u00e4sident L\u00e1szl\u00f3 K\u00f6v\u00e9r hat vorgeschlagen, die oppositionelle LMP-Abgeordnete M\u00e1rta Demeter aus dem Verteidigungs- und Strafverfolgungsausschuss des Parlaments auszuschlie\u00dfen, dessen stellvertretende Leiterin sie ist, teilte die Pressestelle des Parlaments am Montag mit. Es wird erwartet, dass das Parlament am 18. Februar, der ersten Sitzung seiner Fr\u00fchjahrsperiode, \u00fcber den Vorschlag entscheidet. Der Geheimdienst f\u00fcr innere Sicherheit des [&hellip;]<\/p>\n","protected":false},"author":2,"featured_media":732517,"comment_status":"open","ping_status":"open","sticky":false,"template":"","format":"standard","meta":{"_acf_changed":false,"_display_image":"","footnotes":""},"categories":[1081],"tags":[1203,1746,1873,1658,1076],"class_list":["post-732516","post","type-post","status-publish","format-standard","has-post-thumbnail","hentry","category-politik","tag-armee","tag-hausredner","tag-lmp","tag-parlament","tag-ungarn"],"blocksy_meta":[],"acf":[],"author_username":"alk","telegram_post":"","public_post_metadata":{"breaking_news":"","important":"","csempe":"","center_tile":"","disable_thumbnail":"","target_lang":"","_featured_image_style":"","telegram_post":"","_xlat_group_id":""},"public_rank_math_data":{"title":"%title% %sep% %sitename%","description":"","focus_keyword":"","canonical_url":"","robots":"","primary_category":"1081","breadcrumb_title":"","facebook_title":"","facebook_description":"","facebook_image":"","facebook_image_id":"","twitter_title":"","twitter_description":"","twitter_image":"","twitter_image_id":"","twitter_card_type":"","twitter_use_facebook":"","advanced_robots":"","pillar_content":"","seo_score":"","contentai_score":"","rich_snippet":""},"_links":{"self":[{"href":"https:\/\/dailynewshungary.com\/de\/wp-json\/wp\/v2\/posts\/732516","targetHints":{"allow":["GET"]}}],"collection":[{"href":"https:\/\/dailynewshungary.com\/de\/wp-json\/wp\/v2\/posts"}],"about":[{"href":"https:\/\/dailynewshungary.com\/de\/wp-json\/wp\/v2\/types\/post"}],"author":[{"embeddable":true,"href":"https:\/\/dailynewshungary.com\/de\/wp-json\/wp\/v2\/users\/2"}],"replies":[{"embeddable":true,"href":"https:\/\/dailynewshungary.com\/de\/wp-json\/wp\/v2\/comments?post=732516"}],"version-history":[{"count":0,"href":"https:\/\/dailynewshungary.com\/de\/wp-json\/wp\/v2\/posts\/732516\/revisions"}],"wp:featuredmedia":[{"embeddable":true,"href":"https:\/\/dailynewshungary.com\/de\/wp-json\/wp\/v2\/media\/732517"}],"wp:attachment":[{"href":"https:\/\/dailynewshungary.com\/de\/wp-json\/wp\/v2\/media?parent=732516"}],"wp:term":[{"taxonomy":"category","embeddable":true,"href":"https:\/\/dailynewshungary.com\/de\/wp-json\/wp\/v2\/categories?post=732516"},{"taxonomy":"post_tag","embeddable":true,"href":"https:\/\/dailynewshungary.com\/de\/wp-json\/wp\/v2\/tags?post=732516"}],"curies":[{"name":"wp","href":"https:\/\/api.w.org\/{rel}","templated":true}]}}