{"id":732698,"date":"2019-02-05T14:38:35","date_gmt":"2019-02-05T13:38:35","guid":{"rendered":"https:\/\/dailynewshungary.com\/de\/ungarn-einzelhandelsumsatze-stiegen-im-dezember-um-37-pc-yr-jahr\/"},"modified":"2019-02-05T14:38:35","modified_gmt":"2019-02-05T13:38:35","slug":"ungarn-einzelhandelsumsatze-stiegen-im-dezember-um-37-pc-yr-jahr","status":"publish","type":"post","link":"https:\/\/dailynewshungary.com\/de\/ungarn-einzelhandelsumsatze-stiegen-im-dezember-um-37-pc-yr-jahr\/","title":{"rendered":"Ungarn Einzelhandelsums\u00e4tze stiegen im Dezember um 3,7 pc yr\/Jahr"},"content":{"rendered":"<p><strong>Der ungarische Einzelhandelsumsatz sei im Dezember um j\u00e4hrlich 3,7 Prozent gestiegen, teilte das Statistische Zentralamt (KSH) in der ersten Lesung der am Dienstag ver\u00f6ffentlichten Daten mit.<\/strong><\/p>\n<p>Bereinigt um Kalenderjahreffekte stiegen die Einzelhandelsums\u00e4tze um 4,1 Prozent.<\/p>\n<blockquote>\n<p>Die bereinigten Lebensmittelverk\u00e4ufe verliefen unver\u00e4ndert, aber die Non-Food-Verk\u00e4ufe stiegen um 8 Prozent und die Kraftstoffverk\u00e4ufe von Fahrzeugen stiegen um 4,9 Prozent.<\/p>\n<\/blockquote>\n<p>Im Gesamtjahr stieg der Einzelhandelsumsatz um 6 Prozent, der Lebensmittelumsatz stieg um 3,4 Prozent, der Non-Food-Umsatz um 9,1 Prozent und der Kfz-Kraftstoffumsatz um 6,4 Prozent.<\/p>\n<p>P\u00e9ter Virov\u00e1cz, Chefanalyst der ING Bank, stellte fest, dass der Gesamtanstieg der Einzelhandelsums\u00e4tze im Dezember trotz der Weihnachtszeit die niedrigste Rate des gesamten Jahres sei, was darauf hindeutet, dass das j\u00fcngste starke Wachstum m\u00f6glicherweise nicht nachhaltig sei.<\/p>\n<p>Takarekbank-Analyst Gergely Supp\u00e1n bemerkte ebenfalls<\/p>\n<blockquote>\n<p>Die Verlangsamung rund um die Feiertage und die stagnierenden Lebensmittelverk\u00e4ufe in Einzelhandelsgesch\u00e4ften deuteten darauf hin <a href=\"https:\/\/dailynewshungary.com\/de\/der-grose-britische-zuguberfall-wie-eine-15-kopfige-bande-1963-26-millionen-pfund-stahl\/\" target=\"_blank\" rel=\"noopener\">Ungarn<\/a> Mehr ausgefressen haben muss.<\/p>\n<\/blockquote>\n<hr>\n<h4 style=\"text-align: center;\"><a href=\"https:\/\/dailynewshungary.com\/de\/ungarn-wird-in-den-kommenden-jahrzehnten-den-euro-einfuhren-sagt-zentralbankgouverneur-matolcsy\/\" target=\"_blank\" rel=\"noopener\">UNGARN WIRD DEN EURO IN DEN KOMMENDEN JAHRZEHNTEN EINF\u00dcHREN, SAGT ZENTRALBANKGOUVERNEUR MATOLCSY<\/a><\/h4>\n","protected":false},"excerpt":{"rendered":"<p>Der ungarische Einzelhandelsumsatz sei im Dezember um j\u00e4hrlich 3,7 Prozent gestiegen, teilte das Statistische Zentralamt (KSH) in der ersten Lesung der am Dienstag ver\u00f6ffentlichten Daten mit. Bereinigt um Kalenderjahreffekte stiegen die Einzelhandelsums\u00e4tze um 4,1 Prozent. Die bereinigten Lebensmittelverk\u00e4ufe verliefen unver\u00e4ndert, aber die Non-Food-Verk\u00e4ufe stiegen um 8 Prozent und die Kraftstoffverk\u00e4ufe von Fahrzeugen stiegen um 4,9 [&hellip;]<\/p>\n","protected":false},"author":2,"featured_media":732699,"comment_status":"open","ping_status":"open","sticky":false,"template":"","format":"standard","meta":{"_acf_changed":false,"_display_image":"","footnotes":""},"categories":[1281],"tags":[1511,1076,1104],"class_list":["post-732698","post","type-post","status-publish","format-standard","has-post-thumbnail","hentry","category-geschaft","tag-nahrung","tag-ungarn","tag-wirtschaft"],"blocksy_meta":[],"acf":[],"author_username":"alk","telegram_post":"","public_post_metadata":{"breaking_news":"","important":"","csempe":"","center_tile":"","disable_thumbnail":"","target_lang":"","_featured_image_style":"","telegram_post":"","_xlat_group_id":""},"public_rank_math_data":{"title":"%title% %sep% %sitename%","description":"","focus_keyword":"","canonical_url":"","robots":"","primary_category":"1281","breadcrumb_title":"","facebook_title":"","facebook_description":"","facebook_image":"","facebook_image_id":"","twitter_title":"","twitter_description":"","twitter_image":"","twitter_image_id":"","twitter_card_type":"","twitter_use_facebook":"","advanced_robots":"","pillar_content":"","seo_score":"","contentai_score":"","rich_snippet":""},"_links":{"self":[{"href":"https:\/\/dailynewshungary.com\/de\/wp-json\/wp\/v2\/posts\/732698","targetHints":{"allow":["GET"]}}],"collection":[{"href":"https:\/\/dailynewshungary.com\/de\/wp-json\/wp\/v2\/posts"}],"about":[{"href":"https:\/\/dailynewshungary.com\/de\/wp-json\/wp\/v2\/types\/post"}],"author":[{"embeddable":true,"href":"https:\/\/dailynewshungary.com\/de\/wp-json\/wp\/v2\/users\/2"}],"replies":[{"embeddable":true,"href":"https:\/\/dailynewshungary.com\/de\/wp-json\/wp\/v2\/comments?post=732698"}],"version-history":[{"count":0,"href":"https:\/\/dailynewshungary.com\/de\/wp-json\/wp\/v2\/posts\/732698\/revisions"}],"wp:featuredmedia":[{"embeddable":true,"href":"https:\/\/dailynewshungary.com\/de\/wp-json\/wp\/v2\/media\/732699"}],"wp:attachment":[{"href":"https:\/\/dailynewshungary.com\/de\/wp-json\/wp\/v2\/media?parent=732698"}],"wp:term":[{"taxonomy":"category","embeddable":true,"href":"https:\/\/dailynewshungary.com\/de\/wp-json\/wp\/v2\/categories?post=732698"},{"taxonomy":"post_tag","embeddable":true,"href":"https:\/\/dailynewshungary.com\/de\/wp-json\/wp\/v2\/tags?post=732698"}],"curies":[{"name":"wp","href":"https:\/\/api.w.org\/{rel}","templated":true}]}}