{"id":732912,"date":"2019-01-28T11:12:57","date_gmt":"2019-01-28T10:12:57","guid":{"rendered":"https:\/\/dailynewshungary.com\/de\/ungarisches-franzosisch-institut-veranstaltet-den-9-frankophonen-monat\/"},"modified":"2019-01-28T11:12:57","modified_gmt":"2019-01-28T10:12:57","slug":"ungarisches-franzosisch-institut-veranstaltet-den-9-frankophonen-monat","status":"publish","type":"post","link":"https:\/\/dailynewshungary.com\/de\/ungarisches-franzosisch-institut-veranstaltet-den-9-frankophonen-monat\/","title":{"rendered":"Ungarisches Franz\u00f6sisch-Institut veranstaltet den 9. Frankophonen Monat"},"content":{"rendered":"<p><strong>Das Ungarische Franz\u00f6sische Institut wird im M\u00e4rz den 9. Frankophonen Monat ausrichten, eine einmonatige Kulturveranstaltung, die der franz\u00f6sischen Kunst gewidmet ist, teilten die Organisatoren am Montag dem \u00f6ffentlichen Nachrichtensender m1 mit.<\/strong><\/p>\n<p>Die Veranstaltung werde mit einer Frankophonen Filmwoche zwischen dem 27. Februar und dem 8. M\u00e4rz er\u00f6ffnet, an der 19 Filme aus sieben L\u00e4ndern teilnehmen, sagte Zolt\u00e1n Uzs\u00e1k vom Institut. Die Filmwoche werde mit Swim or Sink er\u00f6ffnet, einem Spielfilm, der vier Millionen Zuschauer anzog <a href=\"https:\/\/dailynewshungary.com\/de\/der-grose-britische-zuguberfall-wie-eine-15-kopfige-bande-1963-26-millionen-pfund-stahl\/\" target=\"_blank\" rel=\"noopener noreferrer\">Frankreich<\/a> Letztes Jahr.<\/p>\n<blockquote>\n<p>Die Filme w\u00fcrden in drei Kinos in Budapest und dann in zw\u00f6lf in anderen ungarischen St\u00e4dten gezeigt, sagte er.<\/p>\n<\/blockquote>\n<p>Frankophone Filmwoche \u2013 Partnerkinos in <a href=\"https:\/\/dailynewshungary.com\/de\/der-grose-britische-zuguberfall-wie-eine-15-kopfige-bande-1963-26-millionen-pfund-stahl\/\" target=\"_blank\" rel=\"noopener noreferrer\">Budapest<\/a>:<\/p>\n<ul>\n<li>Corvin-Kino<\/li>\n<li>Puskin-Kino<\/li>\n<li>Toldi-Kino<\/li>\n<\/ul>\n<p>Auch franz\u00f6sische, belgische, kanadische, marokkanische, schweizerische, rum\u00e4nische und tunesische Filme sind im diesj\u00e4hrigen Programm der Filmtage vertreten.<\/p>\n<p>In diesem Jahr k\u00f6nnen eine Reihe franz\u00f6sischer Regisseure und Schauspieler das ungarische Publikum auf dem Festival treffen: Catherine Deneuve, Guillaume Canet, Audrey Tautou, Romain Duris, Omar Sy, Isabelle Adjani, Vincent Cassel (nur einige der gr\u00f6\u00dften Namen der diesj\u00e4hrigen Auswahl.<\/p>\n<blockquote>\n<p>Weitere Veranstaltungen w\u00fcrden Shows franz\u00f6sischer K\u00fcnstler, Ausstellungen und Vortr\u00e4ge umfassen, sagte Uzs\u00e1k.<\/p>\n<\/blockquote>\n","protected":false},"excerpt":{"rendered":"<p>Das Ungarische Franz\u00f6sische Institut wird im M\u00e4rz den 9. Frankophonen Monat ausrichten, eine einmonatige Kulturveranstaltung, die der franz\u00f6sischen Kunst gewidmet ist, teilten die Organisatoren am Montag dem \u00f6ffentlichen Nachrichtensender m1 mit. Die Veranstaltung werde mit einer Frankophonen Filmwoche zwischen dem 27. Februar und dem 8. M\u00e4rz er\u00f6ffnet, an der 19 Filme aus sieben L\u00e4ndern teilnehmen, [&hellip;]<\/p>\n","protected":false},"author":2,"featured_media":732913,"comment_status":"open","ping_status":"open","sticky":false,"template":"","format":"standard","meta":{"_acf_changed":false,"_display_image":"","footnotes":""},"categories":[1151],"tags":[1111,1483,1249],"class_list":["post-732912","post","type-post","status-publish","format-standard","has-post-thumbnail","hentry","category-kulturen","tag-budapest","tag-ereignis","tag-frankreich"],"blocksy_meta":[],"acf":[],"author_username":"alk","telegram_post":"","public_post_metadata":{"breaking_news":"","important":"","csempe":"","center_tile":"","disable_thumbnail":"","target_lang":"","_featured_image_style":"","telegram_post":"","_xlat_group_id":""},"public_rank_math_data":{"title":"%title% %sep% %sitename%","description":"","focus_keyword":"","canonical_url":"","robots":"","primary_category":"1151","breadcrumb_title":"","facebook_title":"","facebook_description":"","facebook_image":"","facebook_image_id":"","twitter_title":"","twitter_description":"","twitter_image":"","twitter_image_id":"","twitter_card_type":"","twitter_use_facebook":"","advanced_robots":"","pillar_content":"","seo_score":"","contentai_score":"","rich_snippet":""},"_links":{"self":[{"href":"https:\/\/dailynewshungary.com\/de\/wp-json\/wp\/v2\/posts\/732912","targetHints":{"allow":["GET"]}}],"collection":[{"href":"https:\/\/dailynewshungary.com\/de\/wp-json\/wp\/v2\/posts"}],"about":[{"href":"https:\/\/dailynewshungary.com\/de\/wp-json\/wp\/v2\/types\/post"}],"author":[{"embeddable":true,"href":"https:\/\/dailynewshungary.com\/de\/wp-json\/wp\/v2\/users\/2"}],"replies":[{"embeddable":true,"href":"https:\/\/dailynewshungary.com\/de\/wp-json\/wp\/v2\/comments?post=732912"}],"version-history":[{"count":0,"href":"https:\/\/dailynewshungary.com\/de\/wp-json\/wp\/v2\/posts\/732912\/revisions"}],"wp:featuredmedia":[{"embeddable":true,"href":"https:\/\/dailynewshungary.com\/de\/wp-json\/wp\/v2\/media\/732913"}],"wp:attachment":[{"href":"https:\/\/dailynewshungary.com\/de\/wp-json\/wp\/v2\/media?parent=732912"}],"wp:term":[{"taxonomy":"category","embeddable":true,"href":"https:\/\/dailynewshungary.com\/de\/wp-json\/wp\/v2\/categories?post=732912"},{"taxonomy":"post_tag","embeddable":true,"href":"https:\/\/dailynewshungary.com\/de\/wp-json\/wp\/v2\/tags?post=732912"}],"curies":[{"name":"wp","href":"https:\/\/api.w.org\/{rel}","templated":true}]}}