{"id":733474,"date":"2019-01-05T13:30:55","date_gmt":"2019-01-05T12:30:55","guid":{"rendered":"https:\/\/dailynewshungary.com\/de\/ungarn-ppi-stieg-im-november-um-51-prozent-yr-jahr\/"},"modified":"2019-01-05T13:30:55","modified_gmt":"2019-01-05T12:30:55","slug":"ungarn-ppi-stieg-im-november-um-51-prozent-yr-jahr","status":"publish","type":"post","link":"https:\/\/dailynewshungary.com\/de\/ungarn-ppi-stieg-im-november-um-51-prozent-yr-jahr\/","title":{"rendered":"Ungarn PPI stieg im November um 5,1 Prozent yr\/Jahr"},"content":{"rendered":"<p><strong>Die industriellen Erzeugerpreise seien im November gegen\u00fcber dem Vorjahresmonat um 5,1 Prozent gestiegen, teilte das Statistische Zentralamt (KSH) am Freitag mit.<\/strong><\/p>\n<p>Die Preise f\u00fcr Inlandsverk\u00e4ufe stiegen um 6,7 Prozent, w\u00e4hrend die Exportpreise um 4,3 Prozent stiegen.<\/p>\n<p>Im Monatsvergleich fielen die industriellen Erzeugerpreise um 0,2 Prozent, da die Inlandspreise um 0,4 Prozent sanken und die Ausfuhrpreise um 0,2 Prozent niedriger waren.<\/p>\n<p>Jahr f\u00fcr Jahr stiegen die Fabrik-Gate-Preise im verarbeitenden Gewerbe im Oktober um 4,2 Prozent.<\/p>\n<p>Im Monatsvergleich fielen die Erzeugerpreise im verarbeitenden Gewerbe um 0,3 Prozent, im Januar-November 2018 wuchsen die industriellen Erzeugerpreise um j\u00e4hrlich 5,5 Prozent, da die Inlandspreise um 6 Prozent kletterten und die Ausfuhrpreise um 5,3 Prozent stiegen.<\/p>\n<p style=\"text-align: center;\">[button link=\u201dhttps:\/\/dailynewshungary.com\/tag\/economy\/\u201d type=\u201dbig\u201d newwindow=\u201dyes\u201d] Lesen Sie mehr News \u00fcber UNGARISCHE WIRTSCHAFT [\/button]<\/p>\n","protected":false},"excerpt":{"rendered":"<p>Die industriellen Erzeugerpreise seien im November gegen\u00fcber dem Vorjahresmonat um 5,1 Prozent gestiegen, teilte das Statistische Zentralamt (KSH) am Freitag mit. Die Preise f\u00fcr Inlandsverk\u00e4ufe stiegen um 6,7 Prozent, w\u00e4hrend die Exportpreise um 4,3 Prozent stiegen. Im Monatsvergleich fielen die industriellen Erzeugerpreise um 0,2 Prozent, da die Inlandspreise um 0,4 Prozent sanken und die Ausfuhrpreise [&hellip;]<\/p>\n","protected":false},"author":2,"featured_media":733475,"comment_status":"open","ping_status":"open","sticky":false,"template":"","format":"standard","meta":{"_acf_changed":false,"_display_image":"","footnotes":""},"categories":[1281],"tags":[1104],"class_list":["post-733474","post","type-post","status-publish","format-standard","has-post-thumbnail","hentry","category-geschaft","tag-wirtschaft"],"blocksy_meta":[],"acf":[],"author_username":"alk","telegram_post":"","public_post_metadata":{"breaking_news":"","important":"","csempe":"","center_tile":"","disable_thumbnail":"","target_lang":"","_featured_image_style":"","telegram_post":"","_xlat_group_id":""},"public_rank_math_data":{"title":"%title% %sep% %sitename%","description":"","focus_keyword":"","canonical_url":"","robots":"","primary_category":"1281","breadcrumb_title":"","facebook_title":"","facebook_description":"","facebook_image":"","facebook_image_id":"","twitter_title":"","twitter_description":"","twitter_image":"","twitter_image_id":"","twitter_card_type":"","twitter_use_facebook":"","advanced_robots":"","pillar_content":"","seo_score":"","contentai_score":"","rich_snippet":""},"_links":{"self":[{"href":"https:\/\/dailynewshungary.com\/de\/wp-json\/wp\/v2\/posts\/733474","targetHints":{"allow":["GET"]}}],"collection":[{"href":"https:\/\/dailynewshungary.com\/de\/wp-json\/wp\/v2\/posts"}],"about":[{"href":"https:\/\/dailynewshungary.com\/de\/wp-json\/wp\/v2\/types\/post"}],"author":[{"embeddable":true,"href":"https:\/\/dailynewshungary.com\/de\/wp-json\/wp\/v2\/users\/2"}],"replies":[{"embeddable":true,"href":"https:\/\/dailynewshungary.com\/de\/wp-json\/wp\/v2\/comments?post=733474"}],"version-history":[{"count":0,"href":"https:\/\/dailynewshungary.com\/de\/wp-json\/wp\/v2\/posts\/733474\/revisions"}],"wp:featuredmedia":[{"embeddable":true,"href":"https:\/\/dailynewshungary.com\/de\/wp-json\/wp\/v2\/media\/733475"}],"wp:attachment":[{"href":"https:\/\/dailynewshungary.com\/de\/wp-json\/wp\/v2\/media?parent=733474"}],"wp:term":[{"taxonomy":"category","embeddable":true,"href":"https:\/\/dailynewshungary.com\/de\/wp-json\/wp\/v2\/categories?post=733474"},{"taxonomy":"post_tag","embeddable":true,"href":"https:\/\/dailynewshungary.com\/de\/wp-json\/wp\/v2\/tags?post=733474"}],"curies":[{"name":"wp","href":"https:\/\/api.w.org\/{rel}","templated":true}]}}