{"id":733801,"date":"2018-12-20T14:45:29","date_gmt":"2018-12-20T13:45:29","guid":{"rendered":"https:\/\/dailynewshungary.com\/de\/kabinett-orban-die-polizei-reagierte-verhalten-auf-die-angriffe-der-demonstranten\/"},"modified":"2018-12-20T14:45:29","modified_gmt":"2018-12-20T13:45:29","slug":"kabinett-orban-die-polizei-reagierte-verhalten-auf-die-angriffe-der-demonstranten","status":"publish","type":"post","link":"https:\/\/dailynewshungary.com\/de\/kabinett-orban-die-polizei-reagierte-verhalten-auf-die-angriffe-der-demonstranten\/","title":{"rendered":"Kabinett Orb\u00e1n: Die Polizei reagierte verhalten auf die \u2018Angriffe\u2019 der Demonstranten"},"content":{"rendered":"<p><strong>Zolt\u00e1n Kov\u00e1cs, Staatssekret\u00e4r f\u00fcr internationale Kommunikation, sagt, die Polizei habe bei den j\u00fcngsten Demonstrationen in Ungarn eine deutlich ged\u00e4mpfte Reaktion auf die Proteste gegeben, wenn man bedenkt, wie Oppositionsabgeordnete und politische Aktivisten sie und \u00f6ffentliche Institutionen \u201cangriffen\u201d haben.<\/strong><\/p>\n<p>Kov\u00e1cs teilte MTI telefonisch aus Paris mit, dass er und Szabolcs Takacs, der Staatssekret\u00e4r f\u00fcr Angelegenheiten der Europ\u00e4ischen Union im B\u00fcro des Premierministers, dort bei einer Presseveranstaltung eine Ansprache gehalten und den Kontext der j\u00fcngsten Ereignisse in Ungarn besprochen h\u00e4tten. Kov\u00e1cs sagte, die westlichen europ\u00e4ischen Medien h\u00e4tten dies versucht die Demonstrationen darzustellen, die seiner Meinung nach eindeutig von Gesetzgebern und politischen Aktivisten initiiert worden seien, \u201eals ob im Land etwas v\u00f6llig anderes vor sich ginge\u201c.<\/p>\n<p>Der Staatssekret\u00e4r sagte, er und Tak\u00e1cs h\u00e4tten das Journalisten gesagt<\/p>\n<blockquote>\n<p>Die Demonstrationen waren politischer Natur und konnten auch mit NGOs mit Verbindungen zur \u201eDemonstration\u201cin Verbindung gebracht werden<a href=\"https:\/\/dailynewshungary.com\/de\/der-grose-britische-zuguberfall-wie-eine-15-kopfige-bande-1963-26-millionen-pfund-stahl\/\" target=\"_blank\" rel=\"noopener\">Soros-netzwerk<\/a>\u201c.<\/p>\n<\/blockquote>\n<p>Im Gegensatz zu dem, wie westeurop\u00e4ische Medien versuchten, die Demonstrationen darzustellen, war das der Fall <a href=\"https:\/\/dailynewshungary.com\/de\/der-grose-britische-zuguberfall-wie-eine-15-kopfige-bande-1963-26-millionen-pfund-stahl\/\" target=\"_blank\" rel=\"noopener\">Polizei<\/a> \u00dcberm\u00e4\u00dfige Gewalt gegen die Protestierenden angewendet hatte und die politischen Autorit\u00e4ten \u201ceigentlich eine sehr ged\u00e4mpfte Antwort gegeben\u201d, wenn man bedenkt, dass die oppositionellen Gesetzgeber sie und \u00f6ffentliche Institutionen \u201cangegriffen\u201d haben, sagte Kov\u00e1cs.<\/p>\n<blockquote>\n<p>Der Staatssekret\u00e4r sagte, die betreffenden Medien w\u00fcrden bei der Darstellung der Proteste mit zweierlei Ma\u00df messen. Er f\u00fchrte das Beispiel der \u201cBehauptung\u201d an, dass es bei den Demonstrationen um die \u00c4nderung des Arbeitsgesetzbuchs gehe, und sagte, dass die niederl\u00e4ndische gr\u00fcne Europaabgeordnete Judith Sargentini das Thema Menschenrechte in den letzten Tagen angesprochen habe, als die Obergrenze f\u00fcr j\u00e4hrliche \u00dcberstunden in den Niederlanden das europ\u00e4ische Maximum von 416 Stunden sei, 16 Stunden mehr als die Obergrenze im ungarischen \u00c4nderungsantrag.<\/p>\n<\/blockquote>\n<p>Takacs sagte, Ungarn m\u00fcsse seit acht Jahren einen \u201csystematischen Angriff auf seinen Ruf\u201d ertragen, dessen bemerkenswertestes Beispiel der Sargentini-Bericht, die daraus resultierende Entschlie\u00dfung und die Ereignisse nach seiner Annahme durch das Europ\u00e4ische Parlament seien.<\/p>\n<h4>Demonstranten, die die Polizei angreifen, erhalten eine Bew\u00e4hrungsstrafe<\/h4>\n<blockquote>\n<p>Ein Demonstrant der regierungsfeindlichen Demonstration am Sonntag, der nach dem Vorfall Polizisten angegriffen hatte, wurde zu einer einj\u00e4hrigen Haftstrafe verurteilt, die f\u00fcr vier Jahre zur Bew\u00e4hrung ausgesetzt wurde, teilte das Stadtgericht MTI am Donnerstag mit.<\/p>\n<\/blockquote>\n<p>Das Gericht sagte, der Angeklagte sei betrunken gewesen und habe versucht, zwei Polizisten zu schlagen. Der Angeklagte, der mehrere Polizeiakten hatte, bekannte sich schuldig und akzeptierte das Urteil.<\/p>\n","protected":false},"excerpt":{"rendered":"<p>Zolt\u00e1n Kov\u00e1cs, Staatssekret\u00e4r f\u00fcr internationale Kommunikation, sagt, die Polizei habe bei den j\u00fcngsten Demonstrationen in Ungarn eine deutlich ged\u00e4mpfte Reaktion auf die Proteste gegeben, wenn man bedenkt, wie Oppositionsabgeordnete und politische Aktivisten sie und \u00f6ffentliche Institutionen \u201cangriffen\u201d haben. Kov\u00e1cs teilte MTI telefonisch aus Paris mit, dass er und Szabolcs Takacs, der Staatssekret\u00e4r f\u00fcr Angelegenheiten der [&hellip;]<\/p>\n","protected":false},"author":88,"featured_media":733802,"comment_status":"open","ping_status":"open","sticky":false,"template":"","format":"standard","meta":{"_acf_changed":false,"_display_image":"","footnotes":""},"categories":[1081],"tags":[1266,1236,1702],"class_list":["post-733801","post","type-post","status-publish","format-standard","has-post-thumbnail","hentry","category-politik","tag-demonstration","tag-polizei","tag-soros"],"blocksy_meta":[],"acf":[],"author_username":"alpar.kato","telegram_post":"","public_post_metadata":{"breaking_news":"","important":"","csempe":"","center_tile":"","disable_thumbnail":"","target_lang":"","_featured_image_style":"","telegram_post":"","_xlat_group_id":""},"public_rank_math_data":{"title":"%title% %sep% %sitename%","description":"","focus_keyword":"","canonical_url":"","robots":"","primary_category":"1081","breadcrumb_title":"","facebook_title":"","facebook_description":"","facebook_image":"","facebook_image_id":"","twitter_title":"","twitter_description":"","twitter_image":"","twitter_image_id":"","twitter_card_type":"","twitter_use_facebook":"","advanced_robots":"","pillar_content":"","seo_score":"","contentai_score":"","rich_snippet":""},"_links":{"self":[{"href":"https:\/\/dailynewshungary.com\/de\/wp-json\/wp\/v2\/posts\/733801","targetHints":{"allow":["GET"]}}],"collection":[{"href":"https:\/\/dailynewshungary.com\/de\/wp-json\/wp\/v2\/posts"}],"about":[{"href":"https:\/\/dailynewshungary.com\/de\/wp-json\/wp\/v2\/types\/post"}],"author":[{"embeddable":true,"href":"https:\/\/dailynewshungary.com\/de\/wp-json\/wp\/v2\/users\/88"}],"replies":[{"embeddable":true,"href":"https:\/\/dailynewshungary.com\/de\/wp-json\/wp\/v2\/comments?post=733801"}],"version-history":[{"count":0,"href":"https:\/\/dailynewshungary.com\/de\/wp-json\/wp\/v2\/posts\/733801\/revisions"}],"wp:featuredmedia":[{"embeddable":true,"href":"https:\/\/dailynewshungary.com\/de\/wp-json\/wp\/v2\/media\/733802"}],"wp:attachment":[{"href":"https:\/\/dailynewshungary.com\/de\/wp-json\/wp\/v2\/media?parent=733801"}],"wp:term":[{"taxonomy":"category","embeddable":true,"href":"https:\/\/dailynewshungary.com\/de\/wp-json\/wp\/v2\/categories?post=733801"},{"taxonomy":"post_tag","embeddable":true,"href":"https:\/\/dailynewshungary.com\/de\/wp-json\/wp\/v2\/tags?post=733801"}],"curies":[{"name":"wp","href":"https:\/\/api.w.org\/{rel}","templated":true}]}}