{"id":733985,"date":"2018-12-13T14:00:52","date_gmt":"2018-12-13T13:00:52","guid":{"rendered":"https:\/\/dailynewshungary.com\/de\/kabinett-orban-die-demonstration-in-budapest-war-unlegitim\/"},"modified":"2018-12-13T14:00:52","modified_gmt":"2018-12-13T13:00:52","slug":"kabinett-orban-die-demonstration-in-budapest-war-unlegitim","status":"publish","type":"post","link":"https:\/\/dailynewshungary.com\/de\/kabinett-orban-die-demonstration-in-budapest-war-unlegitim\/","title":{"rendered":"Kabinett Orb\u00e1n: Die Demonstration in Budapest war \u2018unlegitim\u2019"},"content":{"rendered":"<p><strong>\u201cUnlegitim\u201d sei die Demonstration in Budapest in der Nacht zum Mittwoch gegen die \u00c4nderungen des Parlaments an der \u00dcberstundenregelung gewesen, an der auch \u201caggressive politische Aktivisten\u201d teilgenommen h\u00e4tten, sagte Gergely Guly\u00e1s, der Leiter des B\u00fcros des Ministerpr\u00e4sidenten, am Donnerstag auf einer regelm\u00e4\u00dfigen Pressekonferenz.<\/strong><\/p>\n<p>Fr\u00fcher am Mittwoch<\/p>\n<blockquote>\n<p>Das Parlament stimmte daf\u00fcr, den Zeitraum, in dem Arbeitgeber \u00dcberstunden zur Berechnung von L\u00f6hnen und Ruhetagen abrechnen d\u00fcrfen, von zw\u00f6lf Monaten auf drei Jahre zu verl\u00e4ngern und die Obergrenze f\u00fcr j\u00e4hrliche \u00dcberstunden von 250 auf 400 Stunden anzuheben.<\/p>\n<\/blockquote>\n<p>Bez\u00fcglich der Opposition, die das Podium des Sprechers des Repr\u00e4sentantenhauses blockierte und das Verfahren mit lautem Pfeifen und Schreien behinderte, um die Abstimmung zu vereiteln, sagte Guly\u00e1s, dass sie sich \u201cl\u00e4cherlich gemacht\u201d habe.<\/p>\n<p>Die herrschende Mehrheit bewahrte die W\u00fcrde des Parlaments, indem sie f\u00fcr rechtm\u00e4\u00dfige und verfassungsm\u00e4\u00dfige Operationen sorgte, sagte er.<\/p>\n<p>Die Rechtm\u00e4\u00dfigkeit des parlamentarischen Abstimmungssystems, an der einige Oppositionsabgeordnete w\u00e4hrend des Protests Zweifel zu hegen schienen, stehe au\u00dfer jedem vern\u00fcnftigen Zweifel, sagte er.<\/p>\n<p>Zu Stra\u00dfendemonstrationen gegen die \u00dcberstundenregelung sp\u00e4ter am Tag sagte Guly\u00e1s, dass das Recht auf freie Vereinigung in der Verfassung verankert seiEs sollte jedoch friedlich und innerhalb der gesetzlichen Grenzen praktiziert werden, sagte er. <a href=\"https:\/\/dailynewshungary.com\/de\/proteste-der-opposition-gegen-arbeitsanderung-polizei-hat-tranengas-eingesetzt-zwei-beamte-wurden-verletzt-foto-video\/\" target=\"_blank\" rel=\"noopener noreferrer\">Lesen Sie mehr \u00fcber die Demonstration und schauen Sie sich HIER Fotos Videos an<\/a>.<\/p>\n<blockquote>\n<p>Guly\u00e1s sagte, dass die Proteste am Mittwoch, bei denen die Menge den Kossuth-Platz vor dem Parlament f\u00fcllte und Gegenst\u00e4nde auf die Polizeiabsperrung warf, \u201cunlegitim\u201d seien Unter den Teilnehmern seien aggressive politische Aktivisten gewesen, darunter Mitglieder des amerikanischen Finanziers \u201cGeorge Soros&#8217; Organisationen\u201d, beharrte er.<\/p>\n<\/blockquote>\n<p>Einige der Demonstranten h\u00e4tten \u201coffen Hass auf Christen gezeigt\u201d, f\u00fcgte Guly\u00e1s hinzu.<\/p>\n<blockquote>\n<p>Bisher habe die Polizei 34 Personen festgenommen und 5 Polizisten seien bei den Protesten verletzt worden, sagte er.<\/p>\n<\/blockquote>\n<p>Bez\u00fcglich der neuen Arbeits\u00e4nderung sagte Guly\u00e1s, dass \u201eim Gegensatz zu den Aussagen der Opposition \u00dcberstunden nur auf freiwilliger Basis geleistet werden\u201cund bestand darauf, dass die gesetzliche H\u00f6chstgrenze f\u00fcr \u00dcberstunden \u201edie Praxis anderer europ\u00e4ischer L\u00e4nder\u201d nicht \u00fcberschreite. Er sagte, dass Arbeitgeber verpflichtet seien, jeden Monat Zahlungen f\u00fcr \u00dcberstunden zu begleichen, und f\u00fcgte hinzu, dass Vorschl\u00e4ge einer Sechs-Tage-Woche \u201eL\u00fcgen\u201d seien.<\/p>\n<p>Auf eine Frage antwortete Guly\u00e1s, dass die Regierung die \u00dcberstundenregelungen mit keinem Unternehmen besprochen habeDie neuen Regeln seien nicht auf \u201ceinen greifbaren Widerstand seitens der Gesellschaft\u201d gesto\u00dfen, der einzige Protest, der von der Opposition ausging, \u201cdie jetzt die Grundregeln der Demokratie wegwirft\u201d und die \u201cimmer aggressiver ist, da ihre Unterst\u00fctzung schwindet\u201d, sagte er.<\/p>\n<p>Bez\u00fcglich eines neuen Gesetzes \u00fcber Verwaltungsgerichte sagte Guly\u00e1s, dass die Verabschiedung des Gesetzentwurfs am Mittwoch eine \u201cbedeutende Errungenschaft\u201d sei, und f\u00fcgte hinzu, dass sowohl Anw\u00e4lte als auch Akademiker die Gesetzgebung unterst\u00fctztenDas Gesetz \u201centh\u00e4lt notwendige Garantien\u201d in Bezug auf die Rechtsstaatlichkeit und schlie\u00dft jede M\u00f6glichkeit politischer Einflussnahme aus, betonte erDie neuen Verwaltungsgerichte werden \u201cunabh\u00e4ngig, aber innerhalb eines einheitlichen Justizsystems\u201d arbeiten, sagte er.<\/p>\n<blockquote>\n<p>Auf eine Frage bez\u00fcglich des Einzugs zweier Leibw\u00e4chter von Viktor Orb\u00e1n in den Versammlungssaal des Parlaments am Mittwoch antwortete Guly\u00e1s, dass der Premierminister ein \u201ehochgesch\u00fctzter W\u00fcrdentr\u00e4ger\u201csei und \u201eda er von der Opposition in k\u00f6rperliche Gefahr gebracht wurde, w\u00e4re es schwierig, das Verhalten zu verurteilen.\u201cder ihn Besch\u00fctzer\u201d.<\/p>\n<\/blockquote>\n<p>Zur Frage der Migrantenvisa, die das Europ\u00e4ische Parlament am Dienstag angenommen hat, sagte Gulyas, dass die Ma\u00dfnahme das Risiko von Terroranschl\u00e4gen \u00e4hnlich der Schie\u00dferei in Stra\u00dfburg am Dienstag erh\u00f6ht habeDas Visum w\u00fcrde Asylbewerbern die Einreise in die EU erm\u00f6glichen, damit sie ihre Asylantr\u00e4ge stellen k\u00f6nnen.<\/p>\n<p>Der Entscheidung \u201cmangele es an gesundem Menschenverstand\u201d, und die ungarische Regierung lehne sie ab, sagte GulyasDie Tatsache, dass die Entschlie\u00dfung einmal im EP abgelehnt und dann mit \u201cfalschen \u00c4nderungsantr\u00e4gen\u201d erneut vorgelegt wurde, damit die \u201cMigrationsmehrheit\u201d daf\u00fcr stimmen k\u00f6nne, zeichnet ein trauriges Bild der europ\u00e4ischen Demokratie, sagte erSeitdessen sollte das Gremium verk\u00fcnden, dass die Migration gestoppt werden muss.<\/p>\n<p>Guly\u00e1s sagte auch, dass das nationale Sicherheitskabinett der Regierung beschlossen habe, die Patrouillen in Budapest und anderen St\u00e4dten zu verst\u00e4rken und gepanzerte Fahrzeuge zur Sicherung gro\u00dfer Weihnachtsmessen einzusetzen. \u201eDie Regierung hat alle Ma\u00dfnahmen ergriffen, um sicherzustellen, dass die Weihnachtsvorbereitungen in \u00f6ffentlichen Bereichen ungest\u00f6rt bleiben.\u201csagte er\u201d.<\/p>\n<p>Zum n\u00e4chsten Siebenjahreshaushalt der EU, der auf der Tagesordnung des am Donnerstag beginnenden Gipfeltreffens der Gemeinschaft steht, sagte Guly\u00e1s, die Regierung sei entt\u00e4uscht dar\u00fcber, dass \u201cder Entwurf sich auf Migration und Grenzmanagement konzentriert\u201d \u201cMigration sollte nicht bew\u00e4ltigt, sondern gestoppt werden\u201d, sagte er weiter.<\/p>\n<p>Zum Thema Brexit sagte Guly\u00e1s<\/p>\n<blockquote>\n<p>Die ungarische Regierung sei an einem \u201cordentlichen britischen Aufbruch\u201d interessiert und sagte, wenn der Europ\u00e4ische Rat einen solchen Rahmen billige, werde Ungarn ihn unterst\u00fctzen.<\/p>\n<\/blockquote>\n<hr>\n<p><a href=\"https:\/\/dailynewshungary.com\/de\/skandal-im-ungarischen-parlament-orban-hagelt-sklavengesetz-oppositionelle-proteste\/\" target=\"_blank\" rel=\"noopener noreferrer\">SKANDAL IM UNGARISCHEN PARLAMENT! ORB\u00c1N HAGELT \u201cSKLAVENRECHT\u201d, PROTESTE DER OPPOSITION<\/a><\/p>\n","protected":false},"excerpt":{"rendered":"<p>\u201cUnlegitim\u201d sei die Demonstration in Budapest in der Nacht zum Mittwoch gegen die \u00c4nderungen des Parlaments an der \u00dcberstundenregelung gewesen, an der auch \u201caggressive politische Aktivisten\u201d teilgenommen h\u00e4tten, sagte Gergely Guly\u00e1s, der Leiter des B\u00fcros des Ministerpr\u00e4sidenten, am Donnerstag auf einer regelm\u00e4\u00dfigen Pressekonferenz. Fr\u00fcher am Mittwoch Das Parlament stimmte daf\u00fcr, den Zeitraum, in dem Arbeitgeber [&hellip;]<\/p>\n","protected":false},"author":2,"featured_media":733986,"comment_status":"open","ping_status":"open","sticky":false,"template":"","format":"standard","meta":{"_acf_changed":false,"_display_image":"","footnotes":""},"categories":[1081],"tags":[2328,1111,1266,1445,1702],"class_list":["post-733985","post","type-post","status-publish","format-standard","has-post-thumbnail","hentry","category-politik","tag-anderung-des-arbeitsgesetzbuchs","tag-budapest","tag-demonstration","tag-migration","tag-soros"],"blocksy_meta":[],"acf":[],"author_username":"alk","telegram_post":"","public_post_metadata":{"breaking_news":"","important":"","csempe":"","center_tile":"","disable_thumbnail":"","target_lang":"","_featured_image_style":"","telegram_post":"","_xlat_group_id":""},"public_rank_math_data":{"title":"%title% %sep% %sitename%","description":"","focus_keyword":"","canonical_url":"","robots":"","primary_category":"1081","breadcrumb_title":"","facebook_title":"","facebook_description":"","facebook_image":"","facebook_image_id":"","twitter_title":"","twitter_description":"","twitter_image":"","twitter_image_id":"","twitter_card_type":"","twitter_use_facebook":"","advanced_robots":"","pillar_content":"","seo_score":"","contentai_score":"","rich_snippet":""},"_links":{"self":[{"href":"https:\/\/dailynewshungary.com\/de\/wp-json\/wp\/v2\/posts\/733985","targetHints":{"allow":["GET"]}}],"collection":[{"href":"https:\/\/dailynewshungary.com\/de\/wp-json\/wp\/v2\/posts"}],"about":[{"href":"https:\/\/dailynewshungary.com\/de\/wp-json\/wp\/v2\/types\/post"}],"author":[{"embeddable":true,"href":"https:\/\/dailynewshungary.com\/de\/wp-json\/wp\/v2\/users\/2"}],"replies":[{"embeddable":true,"href":"https:\/\/dailynewshungary.com\/de\/wp-json\/wp\/v2\/comments?post=733985"}],"version-history":[{"count":0,"href":"https:\/\/dailynewshungary.com\/de\/wp-json\/wp\/v2\/posts\/733985\/revisions"}],"wp:featuredmedia":[{"embeddable":true,"href":"https:\/\/dailynewshungary.com\/de\/wp-json\/wp\/v2\/media\/733986"}],"wp:attachment":[{"href":"https:\/\/dailynewshungary.com\/de\/wp-json\/wp\/v2\/media?parent=733985"}],"wp:term":[{"taxonomy":"category","embeddable":true,"href":"https:\/\/dailynewshungary.com\/de\/wp-json\/wp\/v2\/categories?post=733985"},{"taxonomy":"post_tag","embeddable":true,"href":"https:\/\/dailynewshungary.com\/de\/wp-json\/wp\/v2\/tags?post=733985"}],"curies":[{"name":"wp","href":"https:\/\/api.w.org\/{rel}","templated":true}]}}