{"id":734050,"date":"2018-12-11T10:00:20","date_gmt":"2018-12-11T09:00:20","guid":{"rendered":"https:\/\/dailynewshungary.com\/de\/verteidigungsminister-sicherheit-des-westbalkans-ungarns-prioritat\/"},"modified":"2018-12-11T10:00:20","modified_gmt":"2018-12-11T09:00:20","slug":"verteidigungsminister-sicherheit-des-westbalkans-ungarns-prioritat","status":"publish","type":"post","link":"https:\/\/dailynewshungary.com\/de\/verteidigungsminister-sicherheit-des-westbalkans-ungarns-prioritat\/","title":{"rendered":"Verteidigungsminister: Sicherheit des Westbalkans Ungarns Priorit\u00e4t"},"content":{"rendered":"<p><strong>Die Sicherheit des Westbalkans sei f\u00fcr Ungarn von gro\u00dfer Bedeutung, sagte der Verteidigungsminister am Montag nach seiner R\u00fcckkehr von einer Reise nach Bosnien und Herzegowina gegen\u00fcber dem \u00f6ffentlich-rechtlichen Fernsehsender M1.<\/strong><\/p>\n<p>Tibor Benk. besuchte letzte Woche ungarische Truppen in diesem Land und f\u00fchrte auch Gespr\u00e4che mit Marina Pendes, seiner Amtskollegin.<\/p>\n<blockquote>\n<p>Er sagte dem Sender, dass Pendes lobte <a href=\"https:\/\/dailynewshungary.com\/de\/die-lander-des-westlichen-balkans-brauchen-unterstutzung-bei-der-eindammung-der-migration-sagt-ungarische-ukw-im-kosovo\/\" target=\"_blank\" rel=\"noopener\">Ungarische Friedenstruppen f\u00fcr ihre Leistung<\/a>(sowie nachgefragt <a href=\"https:\/\/dailynewshungary.com\/de\/viktor-orban-in-montenegro-migrationsroute-balkan-muss-geschlossen-bleiben\/\" target=\"_blank\" rel=\"noopener\">Ungarns Unterst\u00fctzung bei der euroatlantischen Integration ihres Landes<\/a>.<\/p>\n<\/blockquote>\n<p>Auf die Frage nach der Modernisierung der ungarischen Luftwaffe verwies Benk  auf die Entscheidung der Regierung vom 29. November 2016, einen Pool von f\u00fcnf neuen Flugzeugen in zwei Phasen zu kaufen.<\/p>\n<blockquote>\n<p>Der Kauf von zwei Flugzeugen f\u00fcr den Truppentransport und zwei weiteren Mehrzweck-Kleinflugzeugen habe bereits stattgefunden, sagte der Minister.<\/p>\n<\/blockquote>\n<p>Er sagte, dass sp\u00e4ter auch drei weitere Flugzeuge f\u00fcr den Kampfeinsatz in der Luft angeschafft w\u00fcrden.<\/p>\n<p><em>Ausgew\u00e4hltes Bild: MTI\/AP<\/em><\/p>\n","protected":false},"excerpt":{"rendered":"<p>Die Sicherheit des Westbalkans sei f\u00fcr Ungarn von gro\u00dfer Bedeutung, sagte der Verteidigungsminister am Montag nach seiner R\u00fcckkehr von einer Reise nach Bosnien und Herzegowina gegen\u00fcber dem \u00f6ffentlich-rechtlichen Fernsehsender M1. Tibor Benk. besuchte letzte Woche ungarische Truppen in diesem Land und f\u00fchrte auch Gespr\u00e4che mit Marina Pendes, seiner Amtskollegin. Er sagte dem Sender, dass Pendes [&hellip;]<\/p>\n","protected":false},"author":7,"featured_media":734051,"comment_status":"open","ping_status":"open","sticky":false,"template":"","format":"standard","meta":{"_acf_changed":false,"_display_image":"","footnotes":""},"categories":[1081],"tags":[1203,1243,1445],"class_list":["post-734050","post","type-post","status-publish","format-standard","has-post-thumbnail","hentry","category-politik","tag-armee","tag-balkan","tag-migration"],"blocksy_meta":[],"acf":[],"author_username":"Szandi","telegram_post":"","public_post_metadata":{"breaking_news":"","important":"","csempe":"","center_tile":"","disable_thumbnail":"","target_lang":"","_featured_image_style":"","telegram_post":"","_xlat_group_id":""},"public_rank_math_data":{"title":"%title% %sep% %sitename%","description":"","focus_keyword":"","canonical_url":"","robots":"","primary_category":"1081","breadcrumb_title":"","facebook_title":"","facebook_description":"","facebook_image":"","facebook_image_id":"","twitter_title":"","twitter_description":"","twitter_image":"","twitter_image_id":"","twitter_card_type":"","twitter_use_facebook":"","advanced_robots":"","pillar_content":"","seo_score":"","contentai_score":"","rich_snippet":""},"_links":{"self":[{"href":"https:\/\/dailynewshungary.com\/de\/wp-json\/wp\/v2\/posts\/734050","targetHints":{"allow":["GET"]}}],"collection":[{"href":"https:\/\/dailynewshungary.com\/de\/wp-json\/wp\/v2\/posts"}],"about":[{"href":"https:\/\/dailynewshungary.com\/de\/wp-json\/wp\/v2\/types\/post"}],"author":[{"embeddable":true,"href":"https:\/\/dailynewshungary.com\/de\/wp-json\/wp\/v2\/users\/7"}],"replies":[{"embeddable":true,"href":"https:\/\/dailynewshungary.com\/de\/wp-json\/wp\/v2\/comments?post=734050"}],"version-history":[{"count":0,"href":"https:\/\/dailynewshungary.com\/de\/wp-json\/wp\/v2\/posts\/734050\/revisions"}],"wp:featuredmedia":[{"embeddable":true,"href":"https:\/\/dailynewshungary.com\/de\/wp-json\/wp\/v2\/media\/734051"}],"wp:attachment":[{"href":"https:\/\/dailynewshungary.com\/de\/wp-json\/wp\/v2\/media?parent=734050"}],"wp:term":[{"taxonomy":"category","embeddable":true,"href":"https:\/\/dailynewshungary.com\/de\/wp-json\/wp\/v2\/categories?post=734050"},{"taxonomy":"post_tag","embeddable":true,"href":"https:\/\/dailynewshungary.com\/de\/wp-json\/wp\/v2\/tags?post=734050"}],"curies":[{"name":"wp","href":"https:\/\/api.w.org\/{rel}","templated":true}]}}