{"id":734335,"date":"2018-11-30T09:30:35","date_gmt":"2018-11-30T08:30:35","guid":{"rendered":"https:\/\/dailynewshungary.com\/de\/die-romantische-operette-land-des-lachelns-wurde-in-der-shanghai-opera-gezeigt\/"},"modified":"2018-11-30T09:30:35","modified_gmt":"2018-11-30T08:30:35","slug":"die-romantische-operette-land-des-lachelns-wurde-in-der-shanghai-opera-gezeigt","status":"publish","type":"post","link":"https:\/\/dailynewshungary.com\/de\/die-romantische-operette-land-des-lachelns-wurde-in-der-shanghai-opera-gezeigt\/","title":{"rendered":"Die romantische Operette Land des L\u00e4chelns wurde in der Shanghai Opera gezeigt"},"content":{"rendered":"<p><strong>Die romantische Operette Das Land des L\u00e4chelns (auf Ungarisch: Ein mosolischer Orsz\u00e1ga) des \u00f6sterreichisch-ungarischen Komponisten Franz Lehar wurde am Mittwoch erstmals in der Shanghai Opera gezeigt.<\/strong><\/p>\n<p>In einer einzigartigen Entwicklung wurde die Auff\u00fchrung angepasst, um sie in einer ungarisch-chinesischen Koproduktion aufzuf\u00fchren, die \u201eein Treffen des Ostens und des Westens\u201csymbolisiert, sagten die Organisatoren.<\/p>\n<blockquote>\n<p>Die Geschichte ist auch symbolisch, da sie sich um die Liebe einer europ\u00e4ischen Gr\u00e4fin, Lisa, und eines chinesischen Prinzen, Sou-Chong, dreht.<\/p>\n<\/blockquote>\n<p>Die Operette, eines der neuesten Werke Lehars, das 1929 ver\u00f6ffentlicht wurde, wird in Shanghai von europ\u00e4ischen und chinesischen K\u00fcnstlern und Musikern aufgef\u00fchrt, wobei die 200 Kost\u00fcme in einem Workshop in der N\u00e4he der Stadt zubereitet werden.<\/p>\n<blockquote>\n<p>Die Produktion wird f\u00fcr weitere Vorf\u00fchrungen weiterreisen <a href=\"https:\/\/dailynewshungary.com\/de\/der-grose-britische-zuguberfall-wie-eine-15-kopfige-bande-1963-26-millionen-pfund-stahl\/\" target=\"_blank\" rel=\"noopener\">China<\/a> und Europa einschlie\u00dflich Ungarn am 1. und 2. Februar.<\/p>\n<\/blockquote>\n<p style=\"text-align: center;\">[button link=\u201dhttps:\/\/dailynewshungary.com\/tag\/asia\/\u201d type=\u201dbig\u201d color=\u201dteal\u201d newwindow=\u201dyes\u201d] Mehr News aus ASIA [\/button]<\/p>\n<p><em>Foto: chine.in<\/em><\/p>\n","protected":false},"excerpt":{"rendered":"<p>Die romantische Operette Das Land des L\u00e4chelns (auf Ungarisch: Ein mosolischer Orsz\u00e1ga) des \u00f6sterreichisch-ungarischen Komponisten Franz Lehar wurde am Mittwoch erstmals in der Shanghai Opera gezeigt. In einer einzigartigen Entwicklung wurde die Auff\u00fchrung angepasst, um sie in einer ungarisch-chinesischen Koproduktion aufzuf\u00fchren, die \u201eein Treffen des Ostens und des Westens\u201csymbolisiert, sagten die Organisatoren. Die Geschichte ist [&hellip;]<\/p>\n","protected":false},"author":2,"featured_media":734336,"comment_status":"open","ping_status":"open","sticky":false,"template":"","format":"standard","meta":{"_acf_changed":false,"_display_image":"","footnotes":""},"categories":[1151],"tags":[1094,1162,1436,1263],"class_list":["post-734335","post","type-post","status-publish","format-standard","has-post-thumbnail","hentry","category-kulturen","tag-asien","tag-china","tag-event","tag-musik"],"blocksy_meta":[],"acf":[],"author_username":"alk","telegram_post":"","public_post_metadata":{"breaking_news":"","important":"","csempe":"","center_tile":"","disable_thumbnail":"","target_lang":"","_featured_image_style":"","telegram_post":"","_xlat_group_id":""},"public_rank_math_data":{"title":"%title% %sep% %sitename%","description":"","focus_keyword":"","canonical_url":"","robots":"","primary_category":"1151","breadcrumb_title":"","facebook_title":"","facebook_description":"","facebook_image":"","facebook_image_id":"","twitter_title":"","twitter_description":"","twitter_image":"","twitter_image_id":"","twitter_card_type":"","twitter_use_facebook":"","advanced_robots":"","pillar_content":"","seo_score":"","contentai_score":"","rich_snippet":""},"_links":{"self":[{"href":"https:\/\/dailynewshungary.com\/de\/wp-json\/wp\/v2\/posts\/734335","targetHints":{"allow":["GET"]}}],"collection":[{"href":"https:\/\/dailynewshungary.com\/de\/wp-json\/wp\/v2\/posts"}],"about":[{"href":"https:\/\/dailynewshungary.com\/de\/wp-json\/wp\/v2\/types\/post"}],"author":[{"embeddable":true,"href":"https:\/\/dailynewshungary.com\/de\/wp-json\/wp\/v2\/users\/2"}],"replies":[{"embeddable":true,"href":"https:\/\/dailynewshungary.com\/de\/wp-json\/wp\/v2\/comments?post=734335"}],"version-history":[{"count":0,"href":"https:\/\/dailynewshungary.com\/de\/wp-json\/wp\/v2\/posts\/734335\/revisions"}],"wp:featuredmedia":[{"embeddable":true,"href":"https:\/\/dailynewshungary.com\/de\/wp-json\/wp\/v2\/media\/734336"}],"wp:attachment":[{"href":"https:\/\/dailynewshungary.com\/de\/wp-json\/wp\/v2\/media?parent=734335"}],"wp:term":[{"taxonomy":"category","embeddable":true,"href":"https:\/\/dailynewshungary.com\/de\/wp-json\/wp\/v2\/categories?post=734335"},{"taxonomy":"post_tag","embeddable":true,"href":"https:\/\/dailynewshungary.com\/de\/wp-json\/wp\/v2\/tags?post=734335"}],"curies":[{"name":"wp","href":"https:\/\/api.w.org\/{rel}","templated":true}]}}