{"id":734470,"date":"2018-11-25T11:30:16","date_gmt":"2018-11-25T10:30:16","guid":{"rendered":"https:\/\/dailynewshungary.com\/de\/das-kabinett-orban-weist-die-behauptung-des-handelsblatts-zuruck-dass-die-kritik-der-regierung-an-soros-antisemitischer-natur-sei\/"},"modified":"2018-11-25T11:30:16","modified_gmt":"2018-11-25T10:30:16","slug":"das-kabinett-orban-weist-die-behauptung-des-handelsblatts-zuruck-dass-die-kritik-der-regierung-an-soros-antisemitischer-natur-sei","status":"publish","type":"post","link":"https:\/\/dailynewshungary.com\/de\/das-kabinett-orban-weist-die-behauptung-des-handelsblatts-zuruck-dass-die-kritik-der-regierung-an-soros-antisemitischer-natur-sei\/","title":{"rendered":"Das Kabinett Orb\u00e1n weist die Behauptung des Handelsblatts zur\u00fcck, dass die Kritik der Regierung an Soros antisemitischer Natur sei"},"content":{"rendered":"<p><strong>Der ungarische Regierungssprecher Zolt\u00e1n Kov\u00e1cs wies am Samstag die in einem Leitartikel der deutschen Tageszeitung Handelsblatt ver\u00f6ffentlichte Behauptung zur\u00fcck, die Kritik der ungarischen Regierung am US-Milliard\u00e4r George Soros sei antisemitischer Natur.<\/strong><\/p>\n<blockquote>\n<p>\nIm Leitartikel schrieb Handelsblatts Chefredakteur Andreas Kluth, dass sich \u201cvon Ungarn aus Verschw\u00f6rungstheorien \u00fcber George Soros verbreiten\u201d und verkn\u00fcpfte sie dann mit den \u201cb\u00f6sesten Formen des europ\u00e4ischen Antisemitismus\u201d.<\/p>\n<\/blockquote>\n<p>Kov\u00e1cs beschwerte sich dar\u00fcber, dass ein Brief, den er als Antwort auf den Leitartikel schrieb, vom Handelsblatt nicht ver\u00f6ffentlicht wurde, weil die Zeitung \u201ePressefreiheit\u201cbezichtigte, und so ver\u00f6ffentlichte er den Brief vollst\u00e4ndig in seinem Blog \u201eabouthungary.hu\u201d.<\/p>\n<p>In dem Brief betonte er dies <a href=\"https:\/\/dailynewshungary.com\/de\/der-grose-britische-zuguberfall-wie-eine-15-kopfige-bande-1963-26-millionen-pfund-stahl\/\" target=\"_blank\" rel=\"noopener\">Ministerpr\u00e4sident Viktor Orb\u00e1n<\/a> und seine Regierung berufe sich nie auf die j\u00fcdischen Wurzeln von Soros und f\u00fcgte hinzu, dass \u201csoros selbst interessanterweise wenig dar\u00fcber rede, sondern stattdessen seine amerikanische Identit\u00e4t betone\u201d.<\/p>\n<p>\u201cKluth und der Liberale, die <a href=\"https:\/\/dailynewshungary.com\/de\/der-grose-britische-zuguberfall-wie-eine-15-kopfige-bande-1963-26-millionen-pfund-stahl\/\" target=\"_blank\" rel=\"noopener\">Soros<\/a> Apologeten spielen die j\u00fcdische Karte aus, in dem verzweifelten Versuch, diejenigen zu verunglimpfen, die es wagen, sich Soros\u2018undemokratischer, einwanderungsfreundlicher Agenda zu widersetzen, sagte Kov\u00e1cs.<\/p>\n<blockquote>\n<p>Das \u201cechte Thema, um das es geht\u201d, sei \u201cdie Achtung vor dem Willen des Volkes\u201d, f\u00fcgte er hinzu.<\/p>\n<\/blockquote>\n<p>\u201cEs gibt einen Unterschied zwischen der Arbeit, kommunistische Diktaturen zu st\u00fcrzen, wie es einst die Stiftungen von Soros taten, und der aktiven Arbeit gegen demokratisch gew\u00e4hlte Regierungen, wie es Soros und sein Netzwerk heute tun\u201d, sagte Kov\u00e1cs.<\/p>\n","protected":false},"excerpt":{"rendered":"<p>Der ungarische Regierungssprecher Zolt\u00e1n Kov\u00e1cs wies am Samstag die in einem Leitartikel der deutschen Tageszeitung Handelsblatt ver\u00f6ffentlichte Behauptung zur\u00fcck, die Kritik der ungarischen Regierung am US-Milliard\u00e4r George Soros sei antisemitischer Natur. Im Leitartikel schrieb Handelsblatts Chefredakteur Andreas Kluth, dass sich \u201cvon Ungarn aus Verschw\u00f6rungstheorien \u00fcber George Soros verbreiten\u201d und verkn\u00fcpfte sie dann mit den \u201cb\u00f6sesten [&hellip;]<\/p>\n","protected":false},"author":2,"featured_media":734471,"comment_status":"open","ping_status":"open","sticky":false,"template":"","format":"standard","meta":{"_acf_changed":false,"_display_image":"","footnotes":""},"categories":[1081],"tags":[1702,1128],"class_list":["post-734470","post","type-post","status-publish","format-standard","has-post-thumbnail","hentry","category-politik","tag-soros","tag-viktor-orban"],"blocksy_meta":[],"acf":[],"author_username":"alk","telegram_post":"","public_post_metadata":{"breaking_news":"","important":"","csempe":"","center_tile":"","disable_thumbnail":"","target_lang":"","_featured_image_style":"","telegram_post":"","_xlat_group_id":""},"public_rank_math_data":{"title":"%title% %sep% %sitename%","description":"","focus_keyword":"","canonical_url":"","robots":"","primary_category":"1081","breadcrumb_title":"","facebook_title":"","facebook_description":"","facebook_image":"","facebook_image_id":"","twitter_title":"","twitter_description":"","twitter_image":"","twitter_image_id":"","twitter_card_type":"","twitter_use_facebook":"","advanced_robots":"","pillar_content":"","seo_score":"","contentai_score":"","rich_snippet":""},"_links":{"self":[{"href":"https:\/\/dailynewshungary.com\/de\/wp-json\/wp\/v2\/posts\/734470","targetHints":{"allow":["GET"]}}],"collection":[{"href":"https:\/\/dailynewshungary.com\/de\/wp-json\/wp\/v2\/posts"}],"about":[{"href":"https:\/\/dailynewshungary.com\/de\/wp-json\/wp\/v2\/types\/post"}],"author":[{"embeddable":true,"href":"https:\/\/dailynewshungary.com\/de\/wp-json\/wp\/v2\/users\/2"}],"replies":[{"embeddable":true,"href":"https:\/\/dailynewshungary.com\/de\/wp-json\/wp\/v2\/comments?post=734470"}],"version-history":[{"count":0,"href":"https:\/\/dailynewshungary.com\/de\/wp-json\/wp\/v2\/posts\/734470\/revisions"}],"wp:featuredmedia":[{"embeddable":true,"href":"https:\/\/dailynewshungary.com\/de\/wp-json\/wp\/v2\/media\/734471"}],"wp:attachment":[{"href":"https:\/\/dailynewshungary.com\/de\/wp-json\/wp\/v2\/media?parent=734470"}],"wp:term":[{"taxonomy":"category","embeddable":true,"href":"https:\/\/dailynewshungary.com\/de\/wp-json\/wp\/v2\/categories?post=734470"},{"taxonomy":"post_tag","embeddable":true,"href":"https:\/\/dailynewshungary.com\/de\/wp-json\/wp\/v2\/tags?post=734470"}],"curies":[{"name":"wp","href":"https:\/\/api.w.org\/{rel}","templated":true}]}}