{"id":734937,"date":"2018-11-08T07:30:09","date_gmt":"2018-11-08T06:30:09","guid":{"rendered":"https:\/\/dailynewshungary.com\/de\/sicherheitsberater-des-premierministers-situation-im-einwanderungslager-bihac-unhaltbar\/"},"modified":"2018-11-08T07:30:09","modified_gmt":"2018-11-08T06:30:09","slug":"sicherheitsberater-des-premierministers-situation-im-einwanderungslager-bihac-unhaltbar","status":"publish","type":"post","link":"https:\/\/dailynewshungary.com\/de\/sicherheitsberater-des-premierministers-situation-im-einwanderungslager-bihac-unhaltbar\/","title":{"rendered":"Sicherheitsberater des Premierministers: Situation im Einwanderungslager Bihac \u201eunhaltbar\u2019"},"content":{"rendered":"<p><strong><a href=\"https:\/\/dailynewshungary.com\/de\/orbans-berater-migranten-strandeten-in-bosnien-herzegowina-und-schufen-eine-unhaltbare-situation\/\" target=\"_blank\" rel=\"noopener\">Verbrechen von Migranten in einem Einwanderungslager in Bihac im Norden Bosniens<\/a> \u201cSituation dort unhaltbar gemacht haben\u201d, sagte Gy\u00f6rgy Bakondi, der innenpolitische Sicherheitsberater des Premierministers, am Mittwoch dem \u00f6ffentlich-rechtlichen Fernsehen.<\/strong><\/p>\n<p>Lokale Beh\u00f6rden ermitteln in 60 F\u00e4llen von \u201cschwereren\u201d Verbrechen im Dorf an der bosnisch-kroatischen Grenze, sagte Bakondi.<\/p>\n<blockquote>\n<p><span style=\"color: #0000ff;\"><a href=\"https:\/\/dailynewshungary.com\/de\/die-ungarischen-nationalen-verteidigungskrafte-konnten-biometrische-daten-von-kriminellen-und-illegalen-einwanderern-sammeln\/\" target=\"_blank\" rel=\"noopener\">Mehrere tausend illegale Migranten wollen dort Asyl erhalten<\/a> In L\u00e4ndern, die wohlhabender sind als Bosnien, sagte Bakondi und f\u00fcgte hinzu, dass sie \u00fcber Kroatien und Slowenien nach Italien oder \u00d6sterreich unterwegs seien.<\/span><\/p>\n<\/blockquote>\n<p>Er sagte, die UN-Fl\u00fcchtlingskonvention sehe vor, dass das erste sichere Land Asyl gew\u00e4hren solle.<\/p>\n<p>Etwa 70.000 registrierte Migranten stranden nahe der bosnisch-kroatischen Grenze und dort entstehen schwere Konflikte, f\u00fcgte Bakondi hinzu.<\/p>\n","protected":false},"excerpt":{"rendered":"<p>Verbrechen von Migranten in einem Einwanderungslager in Bihac im Norden Bosniens \u201cSituation dort unhaltbar gemacht haben\u201d, sagte Gy\u00f6rgy Bakondi, der innenpolitische Sicherheitsberater des Premierministers, am Mittwoch dem \u00f6ffentlich-rechtlichen Fernsehen. Lokale Beh\u00f6rden ermitteln in 60 F\u00e4llen von \u201cschwereren\u201d Verbrechen im Dorf an der bosnisch-kroatischen Grenze, sagte Bakondi. Mehrere tausend illegale Migranten wollen dort Asyl erhalten In [&hellip;]<\/p>\n","protected":false},"author":7,"featured_media":734938,"comment_status":"open","ping_status":"open","sticky":false,"template":"","format":"standard","meta":{"_acf_changed":false,"_display_image":"","footnotes":""},"categories":[1081],"tags":[1243,1445],"class_list":["post-734937","post","type-post","status-publish","format-standard","has-post-thumbnail","hentry","category-politik","tag-balkan","tag-migration"],"blocksy_meta":[],"acf":[],"author_username":"Szandi","telegram_post":"","public_post_metadata":{"breaking_news":"","important":"","csempe":"","center_tile":"","disable_thumbnail":"","target_lang":"","_featured_image_style":"","telegram_post":"","_xlat_group_id":""},"public_rank_math_data":{"title":"%title% %sep% %sitename%","description":"","focus_keyword":"","canonical_url":"","robots":"","primary_category":"1081","breadcrumb_title":"","facebook_title":"","facebook_description":"","facebook_image":"","facebook_image_id":"","twitter_title":"","twitter_description":"","twitter_image":"","twitter_image_id":"","twitter_card_type":"","twitter_use_facebook":"","advanced_robots":"","pillar_content":"","seo_score":"","contentai_score":"","rich_snippet":""},"_links":{"self":[{"href":"https:\/\/dailynewshungary.com\/de\/wp-json\/wp\/v2\/posts\/734937","targetHints":{"allow":["GET"]}}],"collection":[{"href":"https:\/\/dailynewshungary.com\/de\/wp-json\/wp\/v2\/posts"}],"about":[{"href":"https:\/\/dailynewshungary.com\/de\/wp-json\/wp\/v2\/types\/post"}],"author":[{"embeddable":true,"href":"https:\/\/dailynewshungary.com\/de\/wp-json\/wp\/v2\/users\/7"}],"replies":[{"embeddable":true,"href":"https:\/\/dailynewshungary.com\/de\/wp-json\/wp\/v2\/comments?post=734937"}],"version-history":[{"count":0,"href":"https:\/\/dailynewshungary.com\/de\/wp-json\/wp\/v2\/posts\/734937\/revisions"}],"wp:featuredmedia":[{"embeddable":true,"href":"https:\/\/dailynewshungary.com\/de\/wp-json\/wp\/v2\/media\/734938"}],"wp:attachment":[{"href":"https:\/\/dailynewshungary.com\/de\/wp-json\/wp\/v2\/media?parent=734937"}],"wp:term":[{"taxonomy":"category","embeddable":true,"href":"https:\/\/dailynewshungary.com\/de\/wp-json\/wp\/v2\/categories?post=734937"},{"taxonomy":"post_tag","embeddable":true,"href":"https:\/\/dailynewshungary.com\/de\/wp-json\/wp\/v2\/tags?post=734937"}],"curies":[{"name":"wp","href":"https:\/\/api.w.org\/{rel}","templated":true}]}}