{"id":735230,"date":"2018-10-27T10:24:40","date_gmt":"2018-10-27T08:24:40","guid":{"rendered":"https:\/\/dailynewshungary.com\/de\/tausende-versammelten-sich-in-budapest-um-ihre-solidaritat-mit-der-ceu-auszudrucken\/"},"modified":"2018-10-27T10:24:40","modified_gmt":"2018-10-27T08:24:40","slug":"tausende-versammelten-sich-in-budapest-um-ihre-solidaritat-mit-der-ceu-auszudrucken","status":"publish","type":"post","link":"https:\/\/dailynewshungary.com\/de\/tausende-versammelten-sich-in-budapest-um-ihre-solidaritat-mit-der-ceu-auszudrucken\/","title":{"rendered":"Tausende versammelten sich in Budapest, um ihre Solidarit\u00e4t mit der CEU auszudr\u00fccken"},"content":{"rendered":"<p><strong>Tausende versammelten sich am Freitag im Zentrum von Budapest, um ihre Solidarit\u00e4t mit der Mitteleurop\u00e4ischen Universit\u00e4t in einer Demonstration der Momentum-Bewegung zum Ausdruck zu bringen.<\/strong><\/p>\n<p>Momentum-Chef Andr\u00e1s Fekete-Gy.r sagte der Menge, dass die Regierung \u201cdie CEU aus Ungarn vertreiben will\u201d, weil Premierminister Viktor Orban \u201cangst vor all denen hat, die Gedanken haben\u201d Er gab dem Premierminister bis zum 1. Dezember \u201cseine schmutzigen, korrupten H\u00e4nde von der Universit\u00e4t zu nehmen\u201d und forderte die Ungarn auf, \u201czu verteidigen, was ihnen geh\u00f6rt\u201d.<\/p>\n<blockquote>\n<p>Die CEU hat erkl\u00e4rt, dass die neue Studentenaufnahme f\u00fcr ihre in den USA akkreditierten Master- und Doktorandenprogramme am neuen Campus der CEU in Wien studieren wird, sofern die Universit\u00e4t nicht bis zum 1. Dezember aus ihrer derzeitigen rechtlichen Schwebe in Ungarn herauskommen kann (<a href=\"https:\/\/dailynewshungary.com\/de\/ceu-umzug-nach-wien-wenn-bis-zum-1-dezember-keine-losung-gefunden-wird-die-in-die-sackgasse-gerat\/\" target=\"_blank\" rel=\"noopener noreferrer\">Details<\/a>).<\/p>\n<\/blockquote>\n<p>Michael Ignatieff, Pr\u00e4sident und Rektor der CEU, sagte am Donnerstag auf einer Pressekonferenz in Budapest, dass die Entscheidung des Kuratoriums der Institution am 1. Dezember in Kraft treten werde, obwohl hoffentlich noch eine L\u00f6sung f\u00fcr die Pattsituation m\u00f6glich sei um sicherzustellen, dass die Kurse in Ungarn fortgesetzt werden.<\/p>\n<blockquote>\n<p>Sollte aber keine L\u00f6sung gefunden werden, werde die CEU nach Wien umziehen, \u201cda wir in Budapest nicht weiter legal t\u00e4tig sein k\u00f6nnen\u201d, sagte er.<\/p>\n<\/blockquote>\n<p>Ruling Fidesz sagte in einer Erkl\u00e4rung, dass Momentum \u201cdie Interessen des Gesch\u00e4ftsmanns George Soros f\u00f6rdert\u201d Sie argumentierten, dass Politiker der Opposition vom US-Milliard\u00e4r unterst\u00fctzt werden und \u201csie sich jetzt vor der Soros-Universit\u00e4t bedanken\u201d In der Erkl\u00e4rung wurde hinzugef\u00fcgt, dass die <a href=\"https:\/\/dailynewshungary.com\/de\/der-grose-britische-zuguberfall-wie-eine-15-kopfige-bande-1963-26-millionen-pfund-stahl\/\" target=\"_blank\" rel=\"noopener noreferrer\">CEU<\/a> \u201cfunktioniert ungest\u00f6rt\u201d und die \u201cHysterie darum ist nur ein politischer Trick\u201d.<\/p>\n<p><em>Foto: MTI<\/em><\/p>\n","protected":false},"excerpt":{"rendered":"<p>Tausende versammelten sich am Freitag im Zentrum von Budapest, um ihre Solidarit\u00e4t mit der Mitteleurop\u00e4ischen Universit\u00e4t in einer Demonstration der Momentum-Bewegung zum Ausdruck zu bringen. Momentum-Chef Andr\u00e1s Fekete-Gy.r sagte der Menge, dass die Regierung \u201cdie CEU aus Ungarn vertreiben will\u201d, weil Premierminister Viktor Orban \u201cangst vor all denen hat, die Gedanken haben\u201d Er gab dem [&hellip;]<\/p>\n","protected":false},"author":2,"featured_media":735231,"comment_status":"open","ping_status":"open","sticky":false,"template":"","format":"standard","meta":{"_acf_changed":false,"_display_image":"","footnotes":""},"categories":[1081],"tags":[1438,2113,1266,2343,1510,1702,1157],"class_list":["post-735230","post","type-post","status-publish","format-standard","has-post-thumbnail","hentry","category-politik","tag-bildung","tag-ceu","tag-demonstration","tag-hochschulrecht","tag-impulsbewegung","tag-soros","tag-vereinigte-staaten"],"blocksy_meta":[],"acf":[],"author_username":"alk","telegram_post":"","public_post_metadata":{"breaking_news":"","important":"","csempe":"","center_tile":"","disable_thumbnail":"","target_lang":"","_featured_image_style":"","telegram_post":"","_xlat_group_id":""},"public_rank_math_data":{"title":"%title% %sep% %sitename%","description":"","focus_keyword":"","canonical_url":"","robots":"","primary_category":"1081","breadcrumb_title":"","facebook_title":"","facebook_description":"","facebook_image":"","facebook_image_id":"","twitter_title":"","twitter_description":"","twitter_image":"","twitter_image_id":"","twitter_card_type":"","twitter_use_facebook":"","advanced_robots":"","pillar_content":"","seo_score":"","contentai_score":"","rich_snippet":""},"_links":{"self":[{"href":"https:\/\/dailynewshungary.com\/de\/wp-json\/wp\/v2\/posts\/735230","targetHints":{"allow":["GET"]}}],"collection":[{"href":"https:\/\/dailynewshungary.com\/de\/wp-json\/wp\/v2\/posts"}],"about":[{"href":"https:\/\/dailynewshungary.com\/de\/wp-json\/wp\/v2\/types\/post"}],"author":[{"embeddable":true,"href":"https:\/\/dailynewshungary.com\/de\/wp-json\/wp\/v2\/users\/2"}],"replies":[{"embeddable":true,"href":"https:\/\/dailynewshungary.com\/de\/wp-json\/wp\/v2\/comments?post=735230"}],"version-history":[{"count":0,"href":"https:\/\/dailynewshungary.com\/de\/wp-json\/wp\/v2\/posts\/735230\/revisions"}],"wp:featuredmedia":[{"embeddable":true,"href":"https:\/\/dailynewshungary.com\/de\/wp-json\/wp\/v2\/media\/735231"}],"wp:attachment":[{"href":"https:\/\/dailynewshungary.com\/de\/wp-json\/wp\/v2\/media?parent=735230"}],"wp:term":[{"taxonomy":"category","embeddable":true,"href":"https:\/\/dailynewshungary.com\/de\/wp-json\/wp\/v2\/categories?post=735230"},{"taxonomy":"post_tag","embeddable":true,"href":"https:\/\/dailynewshungary.com\/de\/wp-json\/wp\/v2\/tags?post=735230"}],"curies":[{"name":"wp","href":"https:\/\/api.w.org\/{rel}","templated":true}]}}