{"id":735274,"date":"2018-10-25T19:40:26","date_gmt":"2018-10-25T17:40:26","guid":{"rendered":"https:\/\/dailynewshungary.com\/de\/ceu-umzug-nach-wien-wenn-bis-zum-1-dezember-keine-losung-gefunden-wird-die-in-die-sackgasse-gerat\/"},"modified":"2018-10-25T19:40:26","modified_gmt":"2018-10-25T17:40:26","slug":"ceu-umzug-nach-wien-wenn-bis-zum-1-dezember-keine-losung-gefunden-wird-die-in-die-sackgasse-gerat","status":"publish","type":"post","link":"https:\/\/dailynewshungary.com\/de\/ceu-umzug-nach-wien-wenn-bis-zum-1-dezember-keine-losung-gefunden-wird-die-in-die-sackgasse-gerat\/","title":{"rendered":"CEU: Umzug nach Wien, wenn bis zum 1. Dezember keine L\u00f6sung gefunden wird, die in die Sackgasse ger\u00e4t"},"content":{"rendered":"<p><strong>Die Central European University (CEU) hat erkl\u00e4rt, dass die neue Studentenaufnahme f\u00fcr ihre amerikanisch akkreditierten Master- und Doktorandenprogramme am neuen Campus der CEU in Wien studieren wird, sofern die Universit\u00e4t nicht bis zum 1. Dezember aus ihrer derzeitigen rechtlichen Schwebe in Ungarn herauskommen kann.<\/strong><\/p>\n<p>Michael Ignatieff, Pr\u00e4sident und Rektor der CEU, sagte am Donnerstag auf einer Pressekonferenz in Budapest, dass die Entscheidung des Kuratoriums der Institution am 1. Dezember in Kraft treten werde, obwohl hoffentlich noch eine L\u00f6sung f\u00fcr die Pattsituation m\u00f6glich sei um sicherzustellen, dass die Kurse in Ungarn fortgesetzt werden.<\/p>\n<p>Wenn aber keine L\u00f6sung gefunden wird <a href=\"https:\/\/dailynewshungary.com\/de\/ceu-bereitet-umzug-nach-wien-vor\/\" target=\"_blank\" rel=\"noopener noreferrer\">Die CEU wird nach Wien umziehen<\/a> \u201cAngesichts der Tatsache, dass wir in Budapest nicht weiter legal t\u00e4tig sein k\u00f6nnen\u201d, sagte er.<\/p>\n<p>Sagte Ignatieff<\/p>\n<blockquote>\n<p>Die CEU hatte die Bedingungen der ungarischen Regierung erf\u00fcllt, die entsprechende internationale Konvention wollte die Regierung jedoch nicht unterzeichnen.<\/p>\n<\/blockquote>\n<p>Als Reaktion auf die <a href=\"https:\/\/dailynewshungary.com\/de\/der-grose-britische-zuguberfall-wie-eine-15-kopfige-bande-1963-26-millionen-pfund-stahl\/\" target=\"_blank\" rel=\"noopener noreferrer\">CEU<\/a> Pressekonferenz brandmarkte Regierungssprecher Zolt\u00e1n Kov\u00e1cs die Aussage Ignatieffs als \u201ceinen politischen Bluff\u201d des US-Milliard\u00e4rs George Soros, des Gr\u00fcnders und Hauptf\u00f6rderers der CEU, Er sagte, die CEU werde \u201cheute, und unserer Meinung nach auch in Zukunft, in Ungarn weiter t\u00e4tig sein\u201d<\/p>\n<p>Er sagte<\/p>\n<blockquote>\n<p>Die Regierung \u201creagiert nicht auf politische Bluffs\u201d.<\/p>\n<\/blockquote>\n<p>Auf die Frage nach k\u00fcnftigen Verhandlungen zwischen der Regierung und der CEU sagte er, die CEU solle sich mit den Fakten der Angelegenheit befassen, \u201cdie ihnen tausendmal klar gemacht wurden\u201d.<\/p>\n<p>\u201cDie Universit\u00e4t wei\u00df sehr wohl, was die ungarischen Vorschriften sind, aber anstatt sie tats\u00e4chlich einzuhalten, ist ihre Reaktion politischer Bluster\u201d, sagte der Sprecher.<\/p>\n<p>Auf der Pressekonferenz der CEU sagte Ignatieff, dass<\/p>\n<blockquote>\n<p>Studenten, die ihr Studium bereits in Budapest begonnen haben, werden sie hier beenden, und so viel Bildung und Forschung wie m\u00f6glich w\u00fcrde in der ungarischen Hauptstadt bleiben.<\/p>\n<\/blockquote>\n<p>Ignatieff sagte, die CEU habe die von der ungarischen Regierung gestellten Bedingungen erf\u00fcllt und eine ungarische Pr\u00fcfung habe ergeben, dass die Erwartungen erf\u00fcllt worden seien. Was au\u00dferdem die Akkreditierung der CEU in den Vereinigten Staaten betrifft, sei die Universit\u00e4t ihren Verpflichtungen nachgekommen, f\u00fcgte er hinzu. Vor einigen Wochen signalisierte der amerikanische Botschafter jedoch, dass die ungarische Regierung die entsprechende internationale Konvention nicht unterzeichnen wolle, f\u00fcgte er hinzu.<\/p>\n<p>Der Rektor sagte<\/p>\n<blockquote>\n<p>Die CEU wollte die ungarischen Gesetze einhalten und in Budapest bleiben.<\/p>\n<\/blockquote>\n<p>Auf eine Frage antwortete er, Soros habe an einer Vorstandssitzung zum m\u00f6glichen Umzug nach Wien teilgenommen. Er sagte, die CEU \u201erespektiere und bewundere\u201d Soros und danke ihm f\u00fcr seine Unterst\u00fctzung, aber es versto\u00dfe gegen die Grundregeln der Universit\u00e4t, Anweisungen von ihm entgegenzunehmen, f\u00fcgte er hinzu.<\/p>\n<p>Letzte Woche traf sich die Leitung der Universit\u00e4t mit ungarischen Beamten, die jedoch kein zufriedenstellendes Ergebnis erzielten. Die CEU w\u00fcrde weitere Gespr\u00e4che begr\u00fc\u00dfen, m\u00f6chte jedoch, dass ihre akademische Freiheit als in Ungarn t\u00e4tige US-Institution anerkannt wird, sagte der Rektor.<\/p>\n<p>Ignatieff f\u00fcgte hinzu<\/p>\n<blockquote>\n<p>Der US-Kongress unterstrich auch die Bedeutung des Verbleibs der CEU in Ungarn.<\/p>\n<\/blockquote>\n<p>Er wies darauf hin, dass die Europ\u00e4ische Kommission und der Europ\u00e4ische Gerichtshof gebeten worden seien, \u201cLex CEU\u201d im Lichte des Standpunkts der Universit\u00e4t zu bewerten, dass das Gesetz Bedenken hinsichtlich der Verfassungsm\u00e4\u00dfigkeit aufwirftEs sei bisher keine Antwort eingegangen, sagte er und f\u00fcgte hinzu, dass die CEU hoffe, dass die ungarische Regierung jedes k\u00fcnftige Urteil, das die CEU sch\u00fctzt, respektieren werde. Gleichzeitig k\u00f6nne die Universit\u00e4t eine solche Entscheidung nicht abwarten und m\u00fcsse weitere Schritte unternehmen, f\u00fcgte er hinzu.<\/p>\n<p>Ignatieff sagte, der Wiener Campus bereite sich seit mehreren Monaten auf die Er\u00f6ffnung vor. \u201eDies wird auch dann geschehen, wenn die CEU ihre Freiheiten in Ungarn behalten kann, sagte er.<\/p>\n<p>Vizerektor Liviu Matei sagte, dass etwa zweitausend Menschen von einem m\u00f6glichen Umzug betroffen w\u00e4ren.<\/p>\n<p>Der f\u00fcr ungarische Angelegenheiten zust\u00e4ndige Vizerektor Zsolt Erdei sagte, die Aktivit\u00e4ten der CEU seien von den Vertretern des internationalen akademischen Lebens und vom ungarischen Volk unterst\u00fctzt wordenDie Universit\u00e4t sei immer noch davon \u00fcberzeugt, dass die Beziehungen zwischen der CEU und der Regierung gel\u00f6st werden k\u00f6nnten, f\u00fcgte er hinzu.<\/p>\n<p><em>Foto: ceu.edu<\/em><\/p>\n","protected":false},"excerpt":{"rendered":"<p>Die Central European University (CEU) hat erkl\u00e4rt, dass die neue Studentenaufnahme f\u00fcr ihre amerikanisch akkreditierten Master- und Doktorandenprogramme am neuen Campus der CEU in Wien studieren wird, sofern die Universit\u00e4t nicht bis zum 1. Dezember aus ihrer derzeitigen rechtlichen Schwebe in Ungarn herauskommen kann. Michael Ignatieff, Pr\u00e4sident und Rektor der CEU, sagte am Donnerstag auf [&hellip;]<\/p>\n","protected":false},"author":88,"featured_media":0,"comment_status":"open","ping_status":"open","sticky":false,"template":"","format":"standard","meta":{"_acf_changed":false,"_display_image":"","footnotes":""},"categories":[1081],"tags":[1465,1438,1111,2113,2343,1702,1157],"class_list":["post-735274","post","type-post","status-publish","format-standard","hentry","category-politik","tag-austria","tag-bildung","tag-budapest","tag-ceu","tag-hochschulrecht","tag-soros","tag-vereinigte-staaten"],"blocksy_meta":[],"acf":[],"author_username":"alpar.kato","telegram_post":"","public_post_metadata":{"breaking_news":"","important":"","csempe":"","center_tile":"","disable_thumbnail":"","target_lang":"","_featured_image_style":"","telegram_post":"","_xlat_group_id":""},"public_rank_math_data":{"title":"%title% %sep% %sitename%","description":"","focus_keyword":"","canonical_url":"","robots":"","primary_category":"1081","breadcrumb_title":"","facebook_title":"","facebook_description":"","facebook_image":"","facebook_image_id":"","twitter_title":"","twitter_description":"","twitter_image":"","twitter_image_id":"","twitter_card_type":"","twitter_use_facebook":"","advanced_robots":"","pillar_content":"","seo_score":"","contentai_score":"","rich_snippet":""},"_links":{"self":[{"href":"https:\/\/dailynewshungary.com\/de\/wp-json\/wp\/v2\/posts\/735274","targetHints":{"allow":["GET"]}}],"collection":[{"href":"https:\/\/dailynewshungary.com\/de\/wp-json\/wp\/v2\/posts"}],"about":[{"href":"https:\/\/dailynewshungary.com\/de\/wp-json\/wp\/v2\/types\/post"}],"author":[{"embeddable":true,"href":"https:\/\/dailynewshungary.com\/de\/wp-json\/wp\/v2\/users\/88"}],"replies":[{"embeddable":true,"href":"https:\/\/dailynewshungary.com\/de\/wp-json\/wp\/v2\/comments?post=735274"}],"version-history":[{"count":0,"href":"https:\/\/dailynewshungary.com\/de\/wp-json\/wp\/v2\/posts\/735274\/revisions"}],"wp:attachment":[{"href":"https:\/\/dailynewshungary.com\/de\/wp-json\/wp\/v2\/media?parent=735274"}],"wp:term":[{"taxonomy":"category","embeddable":true,"href":"https:\/\/dailynewshungary.com\/de\/wp-json\/wp\/v2\/categories?post=735274"},{"taxonomy":"post_tag","embeddable":true,"href":"https:\/\/dailynewshungary.com\/de\/wp-json\/wp\/v2\/tags?post=735274"}],"curies":[{"name":"wp","href":"https:\/\/api.w.org\/{rel}","templated":true}]}}