{"id":735324,"date":"2018-10-24T10:35:07","date_gmt":"2018-10-24T08:35:07","guid":{"rendered":"https:\/\/dailynewshungary.com\/de\/opposition-ngos-fordern-beitritt-zur-europaischen-staatsanwaltschaft-bei-budapester-demonstration\/"},"modified":"2018-10-24T10:35:07","modified_gmt":"2018-10-24T08:35:07","slug":"opposition-ngos-fordern-beitritt-zur-europaischen-staatsanwaltschaft-bei-budapester-demonstration","status":"publish","type":"post","link":"https:\/\/dailynewshungary.com\/de\/opposition-ngos-fordern-beitritt-zur-europaischen-staatsanwaltschaft-bei-budapester-demonstration\/","title":{"rendered":"Opposition, NGOs fordern Beitritt zur europ\u00e4ischen Staatsanwaltschaft bei Budapester Demonstration"},"content":{"rendered":"<p><strong>Oppositionsparteien und zivile Gruppen veranstalteten eine Demonstration <a href=\"https:\/\/dailynewshungary.com\/de\/23-oktober-ungarn-erinnert-an-den-aufstand-von-1956-fotogalerie\/\" target=\"_blank\" rel=\"noopener\">Budapests Bem-J\u00f3zsef-Platz am Dienstag<\/a> Ungarn zum Beitritt zur Europ\u00e4ischen Staatsanwaltschaft (EPPO) aufrufen.<\/strong><\/p>\n<p>Der unabh\u00e4ngige Abgeordnete \u00c1kos Hadh\u00e1zy, der Organisator der Demonstration, sagte, wenn es der Opposition gel\u00e4nge, eine Million Unterschriften zur Unterst\u00fctzung einer Kampagne zu sammeln, die darauf abzielte, Ungarn zum Beitritt zur EUStA zu bewegen, w\u00fcrde die Regierung einem Beitritt zustimmen.<\/p>\n<blockquote>\n<p><span style=\"color: #0000ff;\">Er sagte, dies w\u00fcrde nicht zur Aussetzung des Transfers von Geldern der Europ\u00e4ischen Union nach Ungarn f\u00fchren, sondern stattdessen die Korruption zur\u00fcckdr\u00e4ngen.<\/span><\/p>\n<\/blockquote>\n<p>Hadh\u00e1zy k\u00fcndigte an, dass Oppositionelle und Zivilaktivisten bald damit beginnen w\u00fcrden, Unterschriften f\u00fcr die Aussetzung von Hausr\u00e4umungen zu sammeln.<\/p>\n<p>P\u00e9ter M\u00e1rki-Zay, der B\u00fcrgermeister von H\u00f3dmez,v\u00e1rhely, sagte <a href=\"https:\/\/dailynewshungary.com\/de\/oppositionsparteien-drangen-gemeinsam-auf-den-beitritt-zur-europaischen-staatsanwaltschaft\/\" target=\"_blank\" rel=\"noopener\">Das \u201cOrb\u00e1n-Regime\u201d konnte nur gest\u00fcrzt werden, wenn sich die Opposition zusammenschloss.<\/a> \u201cWir werden 3.200 H\u00f3dmez.v\u00e1s\u00e1rhelys brauchen, um den Parteistaat bei den Kommunalwahlen im n\u00e4chsten Jahr zu besiegen\u201d, sagte er und bezog sich dabei auf die oppositionelle Zusammenarbeit, die es ihm erm\u00f6glichte, die vorl\u00e4ufige B\u00fcrgermeisterwahl der Stadt im Februar zu gewinnen.<\/p>\n<blockquote>\n<p><span style=\"color: #0000ff;\">Tam\u00e1s Harangoz\u00f3 von der Sozialistischen Partei sagte, die europ\u00e4ische Staatsanwaltschaft werde von der Opposition als Waffe \u201cim Freiheitskampf gegen das Orb\u00e1n-Regime\u201d eingesetzt, bevor sie das Land in eine Sackgasse f\u00fchre.<\/span><\/p>\n<\/blockquote>\n<p>Der p\u00e1rbeszierte Europaabgeordnete Benedek J\u00e1vor sagte, die Regierung, die er \u201cDiebesregime\u201d nannte, wende Ungarn wegen seiner Selbstbereicherung von der EU ab.<\/p>\n<figure id=\"attachment_215669\" aria-describedby=\"caption-attachment-215669\" style=\"width: 405px\" class=\"wp-caption aligncenter\"><img loading=\"lazy\" decoding=\"async\" class=\"wp-image-215669\" src=\"https:\/\/dailynewshungary.com\/wp-content\/uploads\/2018\/10\/56-al\u00e1\u00edr\u00e1sgy\u0171jt\u00e9s-202x300.jpg\" alt=\"Gedenken an die Revolution 1956\" width=\"405\" height=\"600\" srcset=\"https:\/\/contentf5.dailynewshungary.com\/wp-content\/uploads\/2018\/10\/56-al\u00e1\u00edr\u00e1sgy\u0171jt\u00e9s-202x300.jpg 202w, https:\/\/contentf5.dailynewshungary.com\/wp-content\/uploads\/2018\/10\/56-al\u00e1\u00edr\u00e1sgy\u0171jt\u00e9s-768x1138.jpg 768w, https:\/\/contentf5.dailynewshungary.com\/wp-content\/uploads\/2018\/10\/56-al\u00e1\u00edr\u00e1sgy\u0171jt\u00e9s-691x1024.jpg 691w, https:\/\/contentf5.dailynewshungary.com\/wp-content\/uploads\/2018\/10\/56-al\u00e1\u00edr\u00e1sgy\u0171jt\u00e9s-148x220.jpg 148w, https:\/\/contentf5.dailynewshungary.com\/wp-content\/uploads\/2018\/10\/56-al\u00e1\u00edr\u00e1sgy\u0171jt\u00e9s-600x889.jpg 600w, https:\/\/contentf5.dailynewshungary.com\/wp-content\/uploads\/2018\/10\/56-al\u00e1\u00edr\u00e1sgy\u0171jt\u00e9s-200x296.jpg 200w, https:\/\/contentf5.dailynewshungary.com\/wp-content\/uploads\/2018\/10\/56-al\u00e1\u00edr\u00e1sgy\u0171jt\u00e9s-1080x1601.jpg 1080w, https:\/\/contentf5.dailynewshungary.com\/wp-content\/uploads\/2018\/10\/56-al\u00e1\u00edr\u00e1sgy\u0171jt\u00e9s.jpg 1382w\" sizes=\"auto, (max-width: 405px) 100vw, 405px\"><figcaption id=\"caption-attachment-215669\" class=\"wp-caption-text\">Foto: MTI<\/figcaption><\/figure>\n<p>Das Vorstandsmitglied der Demokratischen Koalition, Judit F\u00f6ldi, dr\u00e4ngte auf die Beseitigung der Folgen der \u201cZerst\u00f6rung durch das Orban-Regime\u201d und forderte die Schaffung eines lebenswerten Ungarns.<\/p>\n<p>Bei der Veranstaltung versicherte Anna Don\u00e1th, stellvertretende Vorsitzende der oppositionellen Momentum-Bewegung, der Kampagne die Unterst\u00fctzung ihrer Partei.<\/p>\n<blockquote>\n<p><span style=\"color: #0000ff;\">An der Demonstration nahmen einige hundert Menschen teil.<\/span><\/p>\n<\/blockquote>\n<p>Nach der Demonstration auf dem Bem-J\u00f3zsef-Platz machten sich etwa zweihundert Demonstranten auf den Weg zum Budapester Hauptquartier des ungarischen \u00f6ffentlich-rechtlichen Senders MTVA, um f\u00fcr die unabh\u00e4ngige Berichterstattung zu demonstrieren.<\/p>\n<p>In einer Rede vor dem Hauptquartier sagte Hadh\u00e1zy, eine \u201eDesinformationsdiktatur oder Demagogie\u201csei die beste M\u00f6glichkeit, den aktuellen Stand der Dinge in ungarischen Medien zu beschreiben. Er sagte, die Parlamentswahlen im April seien \u201egetakelt\u201d worden und daher sei das derzeitige Parlament \u201eunrechtm\u00e4\u00dfig\u201d.<\/p>\n<p><em>Ausgew\u00e4hlte Bild: MTI<\/em><\/p>\n","protected":false},"excerpt":{"rendered":"<p>Oppositionsparteien und zivile Gruppen veranstalteten eine Demonstration Budapests Bem-J\u00f3zsef-Platz am Dienstag Ungarn zum Beitritt zur Europ\u00e4ischen Staatsanwaltschaft (EPPO) aufrufen. Der unabh\u00e4ngige Abgeordnete \u00c1kos Hadh\u00e1zy, der Organisator der Demonstration, sagte, wenn es der Opposition gel\u00e4nge, eine Million Unterschriften zur Unterst\u00fctzung einer Kampagne zu sammeln, die darauf abzielte, Ungarn zum Beitritt zur EUStA zu bewegen, w\u00fcrde die [&hellip;]<\/p>\n","protected":false},"author":7,"featured_media":735325,"comment_status":"open","ping_status":"open","sticky":false,"template":"","format":"standard","meta":{"_acf_changed":false,"_display_image":"","footnotes":""},"categories":[1081],"tags":[1222,1266,1661,1144,1326,1279,1685,1695],"class_list":["post-735324","post","type-post","status-publish","format-standard","has-post-thumbnail","hentry","category-politik","tag-demokratische-koalition","tag-demonstration","tag-dialog-fur-ungarn","tag-gedenken","tag-gericht","tag-korruption","tag-momentum-bewegung-2","tag-sozialisten"],"blocksy_meta":[],"acf":[],"author_username":"Szandi","telegram_post":"","public_post_metadata":{"breaking_news":"","important":"","csempe":"","center_tile":"","disable_thumbnail":"","target_lang":"","_featured_image_style":"","telegram_post":"","_xlat_group_id":""},"public_rank_math_data":{"title":"%title% %sep% %sitename%","description":"","focus_keyword":"","canonical_url":"","robots":"","primary_category":"1081","breadcrumb_title":"","facebook_title":"","facebook_description":"","facebook_image":"","facebook_image_id":"","twitter_title":"","twitter_description":"","twitter_image":"","twitter_image_id":"","twitter_card_type":"","twitter_use_facebook":"","advanced_robots":"","pillar_content":"","seo_score":"","contentai_score":"","rich_snippet":""},"_links":{"self":[{"href":"https:\/\/dailynewshungary.com\/de\/wp-json\/wp\/v2\/posts\/735324","targetHints":{"allow":["GET"]}}],"collection":[{"href":"https:\/\/dailynewshungary.com\/de\/wp-json\/wp\/v2\/posts"}],"about":[{"href":"https:\/\/dailynewshungary.com\/de\/wp-json\/wp\/v2\/types\/post"}],"author":[{"embeddable":true,"href":"https:\/\/dailynewshungary.com\/de\/wp-json\/wp\/v2\/users\/7"}],"replies":[{"embeddable":true,"href":"https:\/\/dailynewshungary.com\/de\/wp-json\/wp\/v2\/comments?post=735324"}],"version-history":[{"count":0,"href":"https:\/\/dailynewshungary.com\/de\/wp-json\/wp\/v2\/posts\/735324\/revisions"}],"wp:featuredmedia":[{"embeddable":true,"href":"https:\/\/dailynewshungary.com\/de\/wp-json\/wp\/v2\/media\/735325"}],"wp:attachment":[{"href":"https:\/\/dailynewshungary.com\/de\/wp-json\/wp\/v2\/media?parent=735324"}],"wp:term":[{"taxonomy":"category","embeddable":true,"href":"https:\/\/dailynewshungary.com\/de\/wp-json\/wp\/v2\/categories?post=735324"},{"taxonomy":"post_tag","embeddable":true,"href":"https:\/\/dailynewshungary.com\/de\/wp-json\/wp\/v2\/tags?post=735324"}],"curies":[{"name":"wp","href":"https:\/\/api.w.org\/{rel}","templated":true}]}}