{"id":735334,"date":"2018-10-23T20:30:05","date_gmt":"2018-10-23T18:30:05","guid":{"rendered":"https:\/\/dailynewshungary.com\/de\/23-oktober-ungarn-erinnert-an-den-aufstand-von-1956-fotogalerie\/"},"modified":"2018-10-23T20:30:05","modified_gmt":"2018-10-23T18:30:05","slug":"23-oktober-ungarn-erinnert-an-den-aufstand-von-1956-fotogalerie","status":"publish","type":"post","link":"https:\/\/dailynewshungary.com\/de\/23-oktober-ungarn-erinnert-an-den-aufstand-von-1956-fotogalerie\/","title":{"rendered":"23. Oktober \u2013 Ungarn erinnert an den Aufstand von 1956 \u2013 Fotogalerie"},"content":{"rendered":"<p><strong>Die ungarische Nationalflagge wurde am Dienstag anl\u00e4sslich des 62. Jahrestages vor dem Parlamentsgeb\u00e4ude gehisst <a href=\"https:\/\/dailynewshungary.com\/de\/deshalb-ist-der-23-oktober-fur-ungarn-so-wichtig-video\/\" target=\"_blank\" rel=\"noopener noreferrer\">Der antisowjetische Aufstand begann am 23. Oktober 1956.<\/a><\/strong><\/p>\n<p>An der Zeremonie nahmen Pr\u00e4sident J\u00e1nos \u00c1der, der Sprecher des Repr\u00e4sentantenhauses L\u00e1szl\u00f3 K\u00f6v\u00e9r, Regierungsmitglieder, milit\u00e4rische und zivile Beamte sowie Diplomaten teil.<\/p>\n<blockquote>\n<p><span style=\"color: #0000ff;\"><a href=\"https:\/\/dailynewshungary.com\/de\/23-oktober-gedenkfeiern-beginnen-in-budapest\/\" target=\"_blank\" rel=\"noopener noreferrer\">Ungarische Menschen schrieben 1956 Weltgeschichte<\/a> Der Leiter des B\u00fcros des Premierministers sagte in Budapest bei einer Gedenkfeier zum antisowjetischen Aufstand von 1956.<\/span><\/p>\n<\/blockquote>\n<div id=\"gallery-1\" class=\"gallery galleryid-215564 gallery-columns-3 gallery-size-large\">\n<figure class=\"gallery-item\">\n<div class=\"gallery-icon landscape\">\n\t\t\t\t<a href=\"https:\/\/dailynewshungary.com\/de\/23-oktober-ungarn-erinnert-an-den-aufstand-von-1956-fotogalerie\/\"><img loading=\"lazy\" decoding=\"async\" width=\"1024\" height=\"683\" src=\"https:\/\/contentf5.dailynewshungary.com\/wp-content\/uploads\/2018\/10\/56-z\u00e1szl\u00f32-1024x683.jpg\" class=\"attachment-large size-large\" alt=\"Gedenken an die Revolution 1956\" aria-describedby=\"gallery-1-215626\" srcset=\"https:\/\/contentf5.dailynewshungary.com\/wp-content\/uploads\/2018\/10\/56-z\u00e1szl\u00f32-1024x683.jpg 1024w, https:\/\/contentf5.dailynewshungary.com\/wp-content\/uploads\/2018\/10\/56-z\u00e1szl\u00f32-300x200.jpg 300w, https:\/\/contentf5.dailynewshungary.com\/wp-content\/uploads\/2018\/10\/56-z\u00e1szl\u00f32-768x512.jpg 768w, https:\/\/contentf5.dailynewshungary.com\/wp-content\/uploads\/2018\/10\/56-z\u00e1szl\u00f32-220x147.jpg 220w, https:\/\/contentf5.dailynewshungary.com\/wp-content\/uploads\/2018\/10\/56-z\u00e1szl\u00f32-600x400.jpg 600w, https:\/\/contentf5.dailynewshungary.com\/wp-content\/uploads\/2018\/10\/56-z\u00e1szl\u00f32-200x133.jpg 200w, https:\/\/contentf5.dailynewshungary.com\/wp-content\/uploads\/2018\/10\/56-z\u00e1szl\u00f32-1080x720.jpg 1080w, https:\/\/contentf5.dailynewshungary.com\/wp-content\/uploads\/2018\/10\/56-z\u00e1szl\u00f32.jpg 2048w\" sizes=\"auto, (max-width: 1024px) 100vw, 1024px\"><\/a>\n\t\t\t<\/div><figcaption class=\"wp-caption-text gallery-caption\" id=\"gallery-1-215626\">\n\t\t\t\tFoto: MTI<br \/>\n\t\t\t\t<\/figcaption><\/figure>\n<figure class=\"gallery-item\">\n<div class=\"gallery-icon landscape\">\n\t\t\t\t<a href=\"https:\/\/dailynewshungary.com\/de\/23-oktober-ungarn-erinnert-an-den-aufstand-von-1956-fotogalerie\/\"><img loading=\"lazy\" decoding=\"async\" width=\"1024\" height=\"653\" src=\"https:\/\/contentf5.dailynewshungary.com\/wp-content\/uploads\/2018\/10\/56-z\u00e1szl\u00f3-1024x653.jpg\" class=\"attachment-large size-large\" alt=\"Gedenken an die Revolution 1956\" aria-describedby=\"gallery-1-215625\" srcset=\"https:\/\/contentf5.dailynewshungary.com\/wp-content\/uploads\/2018\/10\/56-z\u00e1szl\u00f3-1024x653.jpg 1024w, https:\/\/contentf5.dailynewshungary.com\/wp-content\/uploads\/2018\/10\/56-z\u00e1szl\u00f3-300x191.jpg 300w, https:\/\/contentf5.dailynewshungary.com\/wp-content\/uploads\/2018\/10\/56-z\u00e1szl\u00f3-768x490.jpg 768w, https:\/\/contentf5.dailynewshungary.com\/wp-content\/uploads\/2018\/10\/56-z\u00e1szl\u00f3-220x140.jpg 220w, https:\/\/contentf5.dailynewshungary.com\/wp-content\/uploads\/2018\/10\/56-z\u00e1szl\u00f3-600x383.jpg 600w, https:\/\/contentf5.dailynewshungary.com\/wp-content\/uploads\/2018\/10\/56-z\u00e1szl\u00f3-200x128.jpg 200w, https:\/\/contentf5.dailynewshungary.com\/wp-content\/uploads\/2018\/10\/56-z\u00e1szl\u00f3-1080x689.jpg 1080w, https:\/\/contentf5.dailynewshungary.com\/wp-content\/uploads\/2018\/10\/56-z\u00e1szl\u00f3.jpg 2048w\" sizes=\"auto, (max-width: 1024px) 100vw, 1024px\"><\/a>\n\t\t\t<\/div><figcaption class=\"wp-caption-text gallery-caption\" id=\"gallery-1-215625\">\n\t\t\t\tFoto: MTI<br \/>\n\t\t\t\t<\/figcaption><\/figure>\n<figure class=\"gallery-item\">\n<div class=\"gallery-icon landscape\">\n\t\t\t\t<a href=\"https:\/\/dailynewshungary.com\/de\/23-oktober-ungarn-erinnert-an-den-aufstand-von-1956-fotogalerie\/\"><img loading=\"lazy\" decoding=\"async\" width=\"1024\" height=\"683\" src=\"https:\/\/contentf5.dailynewshungary.com\/wp-content\/uploads\/2018\/10\/56-ellenz\u00e9k-1024x683.jpg\" class=\"attachment-large size-large\" alt=\"Gedenken an die Revolution 1956\" aria-describedby=\"gallery-1-215615\" srcset=\"https:\/\/contentf5.dailynewshungary.com\/wp-content\/uploads\/2018\/10\/56-ellenz\u00e9k-1024x683.jpg 1024w, https:\/\/contentf5.dailynewshungary.com\/wp-content\/uploads\/2018\/10\/56-ellenz\u00e9k-300x200.jpg 300w, https:\/\/contentf5.dailynewshungary.com\/wp-content\/uploads\/2018\/10\/56-ellenz\u00e9k-768x512.jpg 768w, https:\/\/contentf5.dailynewshungary.com\/wp-content\/uploads\/2018\/10\/56-ellenz\u00e9k-220x147.jpg 220w, https:\/\/contentf5.dailynewshungary.com\/wp-content\/uploads\/2018\/10\/56-ellenz\u00e9k-600x400.jpg 600w, https:\/\/contentf5.dailynewshungary.com\/wp-content\/uploads\/2018\/10\/56-ellenz\u00e9k-200x133.jpg 200w, https:\/\/contentf5.dailynewshungary.com\/wp-content\/uploads\/2018\/10\/56-ellenz\u00e9k-1080x721.jpg 1080w, https:\/\/contentf5.dailynewshungary.com\/wp-content\/uploads\/2018\/10\/56-ellenz\u00e9k.jpg 2048w\" sizes=\"auto, (max-width: 1024px) 100vw, 1024px\"><\/a>\n\t\t\t<\/div><figcaption class=\"wp-caption-text gallery-caption\" id=\"gallery-1-215615\">\n\t\t\t\tFoto: MTI<br \/>\n\t\t\t\t<\/figcaption><\/figure>\n<\/p><\/div>\n<p>\u201cDie Helden von 1956 k\u00e4mpften f\u00fcr ein freies, souver\u00e4nes und unabh\u00e4ngiges Ungarn, ein Land, das unabh\u00e4ngig von Imperien steht; sie gaben ihr Leben f\u00fcr ein unabh\u00e4ngiges Ungarn, das f\u00fcr sich selbst einstehen und \u00fcber seine Zukunft selbst entscheiden kann\u201d, sagte Gergely Guly\u00e1s bei der Gedenkst\u00e4tte auf dem Sz\u00e9na-Platz, einem wichtigen Ort des bewaffneten Widerstands.<\/p>\n<p>\u201cDie Botschaft von 1956 ist, dass Ungarn in der Lage ist, den Lauf der Geschichte zu \u00e4ndern, wenn es sein eigenes Schicksal selbst in die Hand nimmt\u201d, sagte er bei der Gedenkst\u00e4tte 1956.<\/p>\n<figure id=\"attachment_215616\" aria-describedby=\"caption-attachment-215616\" style=\"width: 1024px\" class=\"wp-caption aligncenter\"><img loading=\"lazy\" decoding=\"async\" class=\"wp-image-215616 size-large\" src=\"https:\/\/dailynewshungary.com\/wp-content\/uploads\/2018\/10\/56-guly\u00e1s-1024x683.jpg\" alt=\"Gedenken an die Revolution 1956\" width=\"1024\" height=\"683\" srcset=\"https:\/\/contentf5.dailynewshungary.com\/wp-content\/uploads\/2018\/10\/56-guly\u00e1s-1024x683.jpg 1024w, https:\/\/contentf5.dailynewshungary.com\/wp-content\/uploads\/2018\/10\/56-guly\u00e1s-300x200.jpg 300w, https:\/\/contentf5.dailynewshungary.com\/wp-content\/uploads\/2018\/10\/56-guly\u00e1s-768x512.jpg 768w, https:\/\/contentf5.dailynewshungary.com\/wp-content\/uploads\/2018\/10\/56-guly\u00e1s-220x147.jpg 220w, https:\/\/contentf5.dailynewshungary.com\/wp-content\/uploads\/2018\/10\/56-guly\u00e1s-600x400.jpg 600w, https:\/\/contentf5.dailynewshungary.com\/wp-content\/uploads\/2018\/10\/56-guly\u00e1s-200x133.jpg 200w, https:\/\/contentf5.dailynewshungary.com\/wp-content\/uploads\/2018\/10\/56-guly\u00e1s-1080x720.jpg 1080w, https:\/\/contentf5.dailynewshungary.com\/wp-content\/uploads\/2018\/10\/56-guly\u00e1s.jpg 2048w\" sizes=\"auto, (max-width: 1024px) 100vw, 1024px\"><figcaption id=\"caption-attachment-215616\" class=\"wp-caption-text\">Foto: MTI<\/figcaption><\/figure>\n<p>Ungarn sind nicht der Typ zum Zocken, sie zocken nicht mit ihrem Land, aber wenn n\u00f6tig, k\u00f6nnen sie k\u00e4mpfen, wenn es keine Hoffnung gibt, obwohl sie lieber Heldentum und gesunden Menschenverstand auf ihrer Seite haben, sagte Ministerpr\u00e4sident Viktor Orb\u00e1n am Dienstag bei einer staatlichen Gedenkfeier zum antisowjetischen Aufstand Ungarns im Jahr 1956 vor dem Budapester Museum des Hauses des Terrors.<\/p>\n<blockquote>\n<p><span style=\"color: #0000ff;\">Orb\u00e1n sagte, \u201cdie Freiheitsk\u00e4mpfer von 1956 h\u00e4tten eine vern\u00fcnftige Entscheidung getroffen\u201d.<\/span><\/p>\n<\/blockquote>\n<p>Die Sowjets zogen sich aus \u00d6sterreich zur\u00fcck, die ungarischen Kommunisten konzentrierten sich aufeinander und der freie Westen dr\u00e4ngte die Ungarn zum Aufstieg und versprach Hilfe, sagte Orb\u00e1n.<\/p>\n<div id=\"gallery-2\" class=\"gallery galleryid-215564 gallery-columns-3 gallery-size-large\">\n<figure class=\"gallery-item\">\n<div class=\"gallery-icon landscape\">\n\t\t\t\t<a href=\"https:\/\/dailynewshungary.com\/de\/23-oktober-ungarn-erinnert-an-den-aufstand-von-1956-fotogalerie\/\"><img loading=\"lazy\" decoding=\"async\" width=\"1024\" height=\"683\" src=\"https:\/\/contentf5.dailynewshungary.com\/wp-content\/uploads\/2018\/10\/56-orb\u00e1n-1024x683.jpg\" class=\"attachment-large size-large\" alt=\"Gedenken an die Revolution 1956\" aria-describedby=\"gallery-2-215619\" srcset=\"https:\/\/contentf5.dailynewshungary.com\/wp-content\/uploads\/2018\/10\/56-orb\u00e1n-1024x683.jpg 1024w, https:\/\/contentf5.dailynewshungary.com\/wp-content\/uploads\/2018\/10\/56-orb\u00e1n-300x200.jpg 300w, https:\/\/contentf5.dailynewshungary.com\/wp-content\/uploads\/2018\/10\/56-orb\u00e1n-768x512.jpg 768w, https:\/\/contentf5.dailynewshungary.com\/wp-content\/uploads\/2018\/10\/56-orb\u00e1n-220x147.jpg 220w, https:\/\/contentf5.dailynewshungary.com\/wp-content\/uploads\/2018\/10\/56-orb\u00e1n-600x400.jpg 600w, https:\/\/contentf5.dailynewshungary.com\/wp-content\/uploads\/2018\/10\/56-orb\u00e1n-200x133.jpg 200w, https:\/\/contentf5.dailynewshungary.com\/wp-content\/uploads\/2018\/10\/56-orb\u00e1n-1080x720.jpg 1080w, https:\/\/contentf5.dailynewshungary.com\/wp-content\/uploads\/2018\/10\/56-orb\u00e1n.jpg 2048w\" sizes=\"auto, (max-width: 1024px) 100vw, 1024px\"><\/a>\n\t\t\t<\/div><figcaption class=\"wp-caption-text gallery-caption\" id=\"gallery-2-215619\">\n\t\t\t\tFoto: MTI<br \/>\n\t\t\t\t<\/figcaption><\/figure>\n<figure class=\"gallery-item\">\n<div class=\"gallery-icon landscape\">\n\t\t\t\t<a href=\"https:\/\/dailynewshungary.com\/de\/23-oktober-ungarn-erinnert-an-den-aufstand-von-1956-fotogalerie\/\"><img loading=\"lazy\" decoding=\"async\" width=\"1024\" height=\"647\" src=\"https:\/\/contentf5.dailynewshungary.com\/wp-content\/uploads\/2018\/10\/56-orb\u00e1n3-e1541065074805-1024x647.jpg\" class=\"attachment-large size-large\" alt=\"Gedenken an die Revolution 1956\" aria-describedby=\"gallery-2-215621\" srcset=\"https:\/\/contentf5.dailynewshungary.com\/wp-content\/uploads\/2018\/10\/56-orb\u00e1n3-e1541065074805-1024x647.jpg 1024w, https:\/\/contentf5.dailynewshungary.com\/wp-content\/uploads\/2018\/10\/56-orb\u00e1n3-e1541065074805-300x189.jpg 300w, https:\/\/contentf5.dailynewshungary.com\/wp-content\/uploads\/2018\/10\/56-orb\u00e1n3-e1541065074805-768x485.jpg 768w, https:\/\/contentf5.dailynewshungary.com\/wp-content\/uploads\/2018\/10\/56-orb\u00e1n3-e1541065074805-220x139.jpg 220w, https:\/\/contentf5.dailynewshungary.com\/wp-content\/uploads\/2018\/10\/56-orb\u00e1n3-e1541065074805-600x379.jpg 600w, https:\/\/contentf5.dailynewshungary.com\/wp-content\/uploads\/2018\/10\/56-orb\u00e1n3-e1541065074805-200x126.jpg 200w, https:\/\/contentf5.dailynewshungary.com\/wp-content\/uploads\/2018\/10\/56-orb\u00e1n3-e1541065074805-1080x682.jpg 1080w, https:\/\/contentf5.dailynewshungary.com\/wp-content\/uploads\/2018\/10\/56-orb\u00e1n3-e1541065074805.jpg 1694w\" sizes=\"auto, (max-width: 1024px) 100vw, 1024px\"><\/a>\n\t\t\t<\/div><figcaption class=\"wp-caption-text gallery-caption\" id=\"gallery-2-215621\">\n\t\t\t\tFoto: MTI<br \/>\n\t\t\t\t<\/figcaption><\/figure>\n<figure class=\"gallery-item\">\n<div class=\"gallery-icon landscape\">\n\t\t\t\t<a href=\"https:\/\/dailynewshungary.com\/de\/23-oktober-ungarn-erinnert-an-den-aufstand-von-1956-fotogalerie\/\"><img loading=\"lazy\" decoding=\"async\" width=\"1024\" height=\"683\" src=\"https:\/\/contentf5.dailynewshungary.com\/wp-content\/uploads\/2018\/10\/56-orb\u00e1n2-1024x683.jpg\" class=\"attachment-large size-large\" alt=\"Gedenken an die Revolution 1956\" aria-describedby=\"gallery-2-215620\" srcset=\"https:\/\/contentf5.dailynewshungary.com\/wp-content\/uploads\/2018\/10\/56-orb\u00e1n2-1024x683.jpg 1024w, https:\/\/contentf5.dailynewshungary.com\/wp-content\/uploads\/2018\/10\/56-orb\u00e1n2-300x200.jpg 300w, https:\/\/contentf5.dailynewshungary.com\/wp-content\/uploads\/2018\/10\/56-orb\u00e1n2-768x512.jpg 768w, https:\/\/contentf5.dailynewshungary.com\/wp-content\/uploads\/2018\/10\/56-orb\u00e1n2-220x147.jpg 220w, https:\/\/contentf5.dailynewshungary.com\/wp-content\/uploads\/2018\/10\/56-orb\u00e1n2-600x400.jpg 600w, https:\/\/contentf5.dailynewshungary.com\/wp-content\/uploads\/2018\/10\/56-orb\u00e1n2-200x133.jpg 200w, https:\/\/contentf5.dailynewshungary.com\/wp-content\/uploads\/2018\/10\/56-orb\u00e1n2-1080x720.jpg 1080w, https:\/\/contentf5.dailynewshungary.com\/wp-content\/uploads\/2018\/10\/56-orb\u00e1n2.jpg 2048w\" sizes=\"auto, (max-width: 1024px) 100vw, 1024px\"><\/a>\n\t\t\t<\/div><figcaption class=\"wp-caption-text gallery-caption\" id=\"gallery-2-215620\">\n\t\t\t\tFoto: MTI<br \/>\n\t\t\t\t<\/figcaption><\/figure>\n<\/p><\/div>\n<p>\u201cAuf der einen Seite stand die Hoffnungslosigkeit des sicheren Verfalls und auf der anderen die einmalige letzte Chance\u201d, sagte der Premierminister \u201cSie mussten es versuchen und sie taten es Nur so wissen wir Ungarn wie\u201d Mit todesmutiger Tapferkeit, indem wir unsere schlimmen Streitigkeiten hinter uns lassen, in v\u00f6lliger Einheit und mit reinem Herzen.\u201d<\/p>\n<p>Der Au\u00dfenminister bedankte sich \u201can jeden Helden des Jahres 1956\u201d f\u00fcr seine Rolle, die Ungarn \u201cheute die Freiheit genie\u00dfen kann\u201d, in einer Videobotschaft, die an ungarische Gemeinden jenseits der Grenzen und ungarische diplomatische Vertretungen gerichtet war.<\/p>\n<blockquote>\n<p><span style=\"color: #0000ff;\">Das ungarische Volk sagte 1956 Nein zur Tyrannei und diktatorischen Herrschaft, da es auch Nein zur Einsch\u00fcchterung sagte, sagte P\u00e9ter Szijj\u00e1rt\u00f3 in seiner Botschaft.<\/span><\/p>\n<\/blockquote>\n<div id=\"gallery-3\" class=\"gallery galleryid-215564 gallery-columns-3 gallery-size-large\">\n<figure class=\"gallery-item\">\n<div class=\"gallery-icon landscape\">\n\t\t\t\t<a href=\"https:\/\/dailynewshungary.com\/de\/23-oktober-ungarn-erinnert-an-den-aufstand-von-1956-fotogalerie\/\"><img loading=\"lazy\" decoding=\"async\" width=\"1024\" height=\"683\" src=\"https:\/\/contentf5.dailynewshungary.com\/wp-content\/uploads\/2018\/10\/56-ungv\u00e1r-1024x683.jpg\" class=\"attachment-large size-large\" alt=\"Gedenken an die Revolution 1956\" aria-describedby=\"gallery-3-215624\" srcset=\"https:\/\/contentf5.dailynewshungary.com\/wp-content\/uploads\/2018\/10\/56-ungv\u00e1r-1024x683.jpg 1024w, https:\/\/contentf5.dailynewshungary.com\/wp-content\/uploads\/2018\/10\/56-ungv\u00e1r-300x200.jpg 300w, https:\/\/contentf5.dailynewshungary.com\/wp-content\/uploads\/2018\/10\/56-ungv\u00e1r-768x512.jpg 768w, https:\/\/contentf5.dailynewshungary.com\/wp-content\/uploads\/2018\/10\/56-ungv\u00e1r-220x147.jpg 220w, https:\/\/contentf5.dailynewshungary.com\/wp-content\/uploads\/2018\/10\/56-ungv\u00e1r-600x400.jpg 600w, https:\/\/contentf5.dailynewshungary.com\/wp-content\/uploads\/2018\/10\/56-ungv\u00e1r-200x133.jpg 200w, https:\/\/contentf5.dailynewshungary.com\/wp-content\/uploads\/2018\/10\/56-ungv\u00e1r-1080x720.jpg 1080w, https:\/\/contentf5.dailynewshungary.com\/wp-content\/uploads\/2018\/10\/56-ungv\u00e1r.jpg 2048w\" sizes=\"auto, (max-width: 1024px) 100vw, 1024px\"><\/a>\n\t\t\t<\/div><figcaption class=\"wp-caption-text gallery-caption\" id=\"gallery-3-215624\">\n\t\t\t\tFoto: MTI<br \/>\n\t\t\t\t<\/figcaption><\/figure>\n<figure class=\"gallery-item\">\n<div class=\"gallery-icon landscape\">\n\t\t\t\t<a href=\"https:\/\/dailynewshungary.com\/de\/23-oktober-ungarn-erinnert-an-den-aufstand-von-1956-fotogalerie\/\"><img loading=\"lazy\" decoding=\"async\" width=\"1024\" height=\"682\" src=\"https:\/\/contentf5.dailynewshungary.com\/wp-content\/uploads\/2018\/10\/56-temet\u0151-1024x682.jpg\" class=\"attachment-large size-large\" alt=\"Gedenken an die Revolution 1956\" aria-describedby=\"gallery-3-215622\" srcset=\"https:\/\/contentf5.dailynewshungary.com\/wp-content\/uploads\/2018\/10\/56-temet\u0151-1024x682.jpg 1024w, https:\/\/contentf5.dailynewshungary.com\/wp-content\/uploads\/2018\/10\/56-temet\u0151-300x200.jpg 300w, https:\/\/contentf5.dailynewshungary.com\/wp-content\/uploads\/2018\/10\/56-temet\u0151-768x511.jpg 768w, https:\/\/contentf5.dailynewshungary.com\/wp-content\/uploads\/2018\/10\/56-temet\u0151-220x146.jpg 220w, https:\/\/contentf5.dailynewshungary.com\/wp-content\/uploads\/2018\/10\/56-temet\u0151-600x399.jpg 600w, https:\/\/contentf5.dailynewshungary.com\/wp-content\/uploads\/2018\/10\/56-temet\u0151-200x133.jpg 200w, https:\/\/contentf5.dailynewshungary.com\/wp-content\/uploads\/2018\/10\/56-temet\u0151-1080x719.jpg 1080w, https:\/\/contentf5.dailynewshungary.com\/wp-content\/uploads\/2018\/10\/56-temet\u0151.jpg 2048w\" sizes=\"auto, (max-width: 1024px) 100vw, 1024px\"><\/a>\n\t\t\t<\/div><figcaption class=\"wp-caption-text gallery-caption\" id=\"gallery-3-215622\">\n\t\t\t\tFoto: MTI<br \/>\n\t\t\t\t<\/figcaption><\/figure>\n<\/p><\/div>\n<p>\u201cSie sagten, es sei genug, dass andere \u00fcber Ungarns Zukunft entscheiden wollten und diktierten, wie sie ihr Leben in ihrem eigenen Land leben sollten\u201d, sagte er.<\/p>\n<p>\u201cDie ungarische Nation ist eine Nation von Freiheitsk\u00e4mpfern, das zeigte sich auch 1956, als das ungarische Volk genug Mut hatte, sich gegen eine weit \u00fcberlegene Streitmacht zu erheben, und trotz des Fehlens der mit Spannung erwarteten Hilfe aus dem Ausland bis zum Ende f\u00fcr die Freiheit Ungarns k\u00e4mpfte\u201d, sagte Szijj\u00e1rt\u00f3.<\/p>\n<blockquote>\n<p><span style=\"color: #0000ff;\">\u201cWir Ungarn werden niemals akzeptieren, dass andere \u00fcber unsere Zukunft entscheiden sollten Das sind wir den Helden von 1956 schuldig\u201d, sagte der Minister.<\/span><\/p>\n<\/blockquote>\n<p>Der Co-Vorsitzende der gr\u00fcnen Opposition LMP sagte bei der Gedenkfeier der Partei zum antisowjetischen Aufstand von 1956, dass die Freiheit Ungarns immer wieder bedroht sei, die Ungarn jedoch nicht zulassen w\u00fcrden, dass ihre Rechte, \u201eStimme und Gedanken\u201cunterdr\u00fcckt w\u00fcrden.<\/p>\n<figure id=\"attachment_215617\" aria-describedby=\"caption-attachment-215617\" style=\"width: 400px\" class=\"wp-caption aligncenter\"><img loading=\"lazy\" decoding=\"async\" class=\"wp-image-215617\" src=\"https:\/\/dailynewshungary.com\/wp-content\/uploads\/2018\/10\/56-lmp-200x300.jpg\" alt=\"Gedenken an die Revolution 1956\" width=\"400\" height=\"600\" srcset=\"https:\/\/contentf5.dailynewshungary.com\/wp-content\/uploads\/2018\/10\/56-lmp-200x300.jpg 200w, https:\/\/contentf5.dailynewshungary.com\/wp-content\/uploads\/2018\/10\/56-lmp-768x1152.jpg 768w, https:\/\/contentf5.dailynewshungary.com\/wp-content\/uploads\/2018\/10\/56-lmp-683x1024.jpg 683w, https:\/\/contentf5.dailynewshungary.com\/wp-content\/uploads\/2018\/10\/56-lmp-147x220.jpg 147w, https:\/\/contentf5.dailynewshungary.com\/wp-content\/uploads\/2018\/10\/56-lmp-600x900.jpg 600w, https:\/\/contentf5.dailynewshungary.com\/wp-content\/uploads\/2018\/10\/56-lmp-1080x1620.jpg 1080w, https:\/\/contentf5.dailynewshungary.com\/wp-content\/uploads\/2018\/10\/56-lmp.jpg 1365w\" sizes=\"auto, (max-width: 400px) 100vw, 400px\"><figcaption id=\"caption-attachment-215617\" class=\"wp-caption-text\">Foto: MTI<\/figcaption><\/figure>\n<p>Anl\u00e4sslich eines Denkmals der Revolution sagte L\u00e1szl\u00f3 L\u00f3r\u00e1nt Keresztes, dass \u201ediejenigen, die sich vor drei\u00dfig Jahren dem Regime widersetzten, zu Soldaten des Verrats, Diebstahls und der Zerst\u00f6rung geworden sind\u201c\u201eSie haben alles gelernt und umgesetzt, wogegen sie fr\u00fcher gek\u00e4mpft haben\u201d, sagte er und f\u00fcgte hinzu, dass \u201edie namentlich nicht genannten Betreiber des kommunistischen Regimes jetzt in den Reihen der [regierenden] Fidesz sitzen\u201d.<\/p>\n<p>Die F\u00fchrer des Landes r\u00fchmen sich des Patriotismus, setzen aber in Wirklichkeit das kommunistische Regime wieder ein, in dem sie aufgewachsen sind, sagte erDie amtierende Regierung \u201cbolschewistischen Typs\u201d habe eine \u201cgro\u00dfartige Trag\u00f6die \u00fcber unsere Nation gebracht\u201d, die Auswanderung mehrerer Hunderttausende Ungarn, \u00e4hnlich wie nach der Revolution 1956, sagte er.<\/p>\n<blockquote>\n<p><span style=\"color: #0000ff;\">Ungarn m\u00fcsse jedoch \u201cin das 21. Jahrhundert\u201d treten und \u201cdie Diebe, die unser Land verraten und berauben, beseitigen\u201d<\/span><\/p>\n<\/blockquote>\n<p>Die Jugend von heute muss Wissen und Informationen anstelle von Waffen einsetzen, obwohl die herrschende Macht versucht, ihnen diese Werkzeuge zu entziehen, sagte Keresztes.<\/p>\n<p>\u201cDie Botschaft von 1956 ist, st\u00e4ndig f\u00fcr das zu k\u00e4mpfen, woran wir glauben, und f\u00fcr diejenigen, die wir lieben\u201d, sagte Keresztes.<\/p>\n<p>Keresztes legte mit seiner Co-Vorsitzenden M\u00e1rta Demeter einen Kranz auf dem Wandgem\u00e4lde zum Gedenken an Peter Mansfeld nieder, der im Alter von 15 Jahren an der Revolution teilnahm und kurz nach seinem 18. Lebensjahr hingerichtet wurde<\/p>\n<blockquote>\n<p><span style=\"color: #0000ff;\">Die oppositionellen sozialistischen und p\u00e1rbesz\u00e9d-Parteien legten in Budapest einen Kranz an der Statue des gemarterten ungarischen Ministerpr\u00e4sidenten Imre Nagy nieder.<\/span><\/p>\n<\/blockquote>\n<p>P\u00e1rbesz\u00e9d-Co-Vorsitzender Gergely Kar\u00e1csony sagte Reportern nach der Kranzniederlegung, dass Nagy \u201eden Glauben der Menschen wiederhergestellt\u201chabe, dass Ungarn ein unabh\u00e4ngiges Land der Freiheit und Gleichheit werden k\u00f6nne, in dem die Arbeiter ihre eigenen Fabriken kontrollieren k\u00f6nnten und in dem Freiheit und Gleichheit kompatible Werte seien.<\/p>\n<figure id=\"attachment_215618\" aria-describedby=\"caption-attachment-215618\" style=\"width: 1024px\" class=\"wp-caption aligncenter\"><img loading=\"lazy\" decoding=\"async\" class=\"wp-image-215618 size-large\" src=\"https:\/\/dailynewshungary.com\/wp-content\/uploads\/2018\/10\/56-mszp-1024x749.jpg\" alt=\"Gedenken an die Revolution 1956\" width=\"1024\" height=\"749\" srcset=\"https:\/\/contentf5.dailynewshungary.com\/wp-content\/uploads\/2018\/10\/56-mszp-1024x749.jpg 1024w, https:\/\/contentf5.dailynewshungary.com\/wp-content\/uploads\/2018\/10\/56-mszp-300x219.jpg 300w, https:\/\/contentf5.dailynewshungary.com\/wp-content\/uploads\/2018\/10\/56-mszp-768x561.jpg 768w, https:\/\/contentf5.dailynewshungary.com\/wp-content\/uploads\/2018\/10\/56-mszp-220x161.jpg 220w, https:\/\/contentf5.dailynewshungary.com\/wp-content\/uploads\/2018\/10\/56-mszp-600x439.jpg 600w, https:\/\/contentf5.dailynewshungary.com\/wp-content\/uploads\/2018\/10\/56-mszp-200x146.jpg 200w, https:\/\/contentf5.dailynewshungary.com\/wp-content\/uploads\/2018\/10\/56-mszp-1080x789.jpg 1080w, https:\/\/contentf5.dailynewshungary.com\/wp-content\/uploads\/2018\/10\/56-mszp.jpg 2048w\" sizes=\"auto, (max-width: 1024px) 100vw, 1024px\"><figcaption id=\"caption-attachment-215618\" class=\"wp-caption-text\">Foto: MTI<\/figcaption><\/figure>\n<p>Der Vorsitzende der Sozialistischen Partei, Bertalan T\u00f3th, unterstrich die Bedeutung von Werten, die die Gesellschaft zusammenhalten, und f\u00fcgte hinzu, dass der Patriotismus, der seiner Meinung nach einer dieser Werte sei, der Kern von Nagys Botschaft gewesen sei. Nagy tauschte seine fr\u00fcheren \u00dcberzeugungen gegen die Hoffnung auf die Zukunft ein und unterst\u00fctzte die Revolution, indem er sein Leben f\u00fcr die Freiheit und sein Land gab, sagte T\u00f3th.<\/p>\n<p>Kar\u00e1csony und T\u00f3th sagten, ihre Parteien w\u00fcrden alles in ihrer Macht Stehende tun, um sicherzustellen, dass Nagys Statue auf dem V\u00e9rtan\u00fak-Platz im Zentrum von Budapest bleibt.<\/p>\n<p>Der gesch\u00e4ftsf\u00fchrende stellvertretende Vorsitzende der linken Demokratischen Koalition (DK) sagte bei der Gedenkfeier der Partei zum antisowjetischen Aufstand von 1956, dass der Kampf im Jahr 2018 um die gleichen Ziele gef\u00fchrt werde wie die Revolution:<\/p>\n<blockquote>\n<p><span style=\"color: #0000ff;\"> Rechtsstaat und einen unabh\u00e4ngigen, demokratischen Staat.<\/span><\/p>\n<\/blockquote>\n<p>Csaba Moln\u00e1r, der auch Europaabgeordneter der Partei ist, sprach mit der Presse, nachdem er in Budapest einen Kranz an der Statue des martyrten ungarischen Premierministers Imre Nagy niedergelegt hatte. Er sagte, Nagy und seine Gef\u00e4hrten h\u00e4tten sich Presse-, Religions- und Vereinigungsfreiheit gew\u00fcnscht.<\/p>\n<figure id=\"attachment_215614\" aria-describedby=\"caption-attachment-215614\" style=\"width: 1024px\" class=\"wp-caption aligncenter\"><img loading=\"lazy\" decoding=\"async\" class=\"wp-image-215614 size-large\" src=\"https:\/\/dailynewshungary.com\/wp-content\/uploads\/2018\/10\/56-dk-1024x572.jpg\" alt=\"Gedenken an die Revolution 1956\" width=\"1024\" height=\"572\" srcset=\"https:\/\/contentf5.dailynewshungary.com\/wp-content\/uploads\/2018\/10\/56-dk-1024x572.jpg 1024w, https:\/\/contentf5.dailynewshungary.com\/wp-content\/uploads\/2018\/10\/56-dk-300x168.jpg 300w, https:\/\/contentf5.dailynewshungary.com\/wp-content\/uploads\/2018\/10\/56-dk-768x429.jpg 768w, https:\/\/contentf5.dailynewshungary.com\/wp-content\/uploads\/2018\/10\/56-dk-220x123.jpg 220w, https:\/\/contentf5.dailynewshungary.com\/wp-content\/uploads\/2018\/10\/56-dk-600x335.jpg 600w, https:\/\/contentf5.dailynewshungary.com\/wp-content\/uploads\/2018\/10\/56-dk-200x112.jpg 200w, https:\/\/contentf5.dailynewshungary.com\/wp-content\/uploads\/2018\/10\/56-dk-1080x604.jpg 1080w, https:\/\/contentf5.dailynewshungary.com\/wp-content\/uploads\/2018\/10\/56-dk.jpg 2048w\" sizes=\"auto, (max-width: 1024px) 100vw, 1024px\"><figcaption id=\"caption-attachment-215614\" class=\"wp-caption-text\">Foto: MTI<\/figcaption><\/figure>\n<p>Heute fehlen die gleichen Freiheiten, sagte Moln\u00e1r \u201cEs gibt keine Pressefreiheit, die Vereinigungsfreiheit und das Schicksal des ungarischen Volkes wird in Moskauer Versammlungsr\u00e4umen entschieden\u201d, bestand er darauf.<\/p>\n<p>Moln\u00e1r sagte, DK habe \u201cseinen Widerstand erkl\u00e4rt\u201d, weil sie an die gleichen Werte wie die Helden von 1956 glauben: \u201cWir k\u00f6nnen nicht zulassen, dass eine kleine Gruppe dem Volk die Freiheit f\u00fcr seine eigenen Interessen raubt\u201d<\/p>\n<blockquote>\n<p><span style=\"color: #0000ff;\">Moln\u00e1r warf dem regierenden Fidesz vor, Nagys Statue aus der N\u00e4he des Parlaments entfernen zu wollen, \u201enachdem er sein Andenken aus dem offiziellen historischen Gedenken gel\u00f6scht hatte.\u201c\u201d<\/span><\/p>\n<\/blockquote>\n<p>DK-Chef Ferenc Gyurcs\u00e1ny sagte der Gedenkveranstaltung der Partei, dass der Grund f\u00fcr die Gr\u00fcndung von DK am 23. Oktober darin bestehe, zu zeigen, dass ihre Gr\u00fcnder auf derselben Seite wie Nagy st\u00fcnden.<\/p>\n<p>Man k\u00f6nne nicht \u201cein bisschen in der Opposition oder sehr viel in der Opposition sein\u201d, sagte Gyurcs\u00e1nyIm Einklang mit dem Wesen der Demokratie \u201cist es nicht m\u00f6glich, in der N\u00e4he der [regierenden] Fidesz oder sehr weit von Fidesz entfernt zu stehen, nur gegen Fidesz\u201d, f\u00fcgte er hinzu.<\/p>\n<p>DK identifiziert sich mit einem europ\u00e4ischen, staatsb\u00fcrgerlichen und verfassungsrechtlichen Standard, nach dem die Regierungsmitglieder ohne zu z\u00f6gern als \u201cGauner\u201d gebrandmarkt werden sollten, weil \u201csie in der Tat Gauner im politischen und auch im kriminellen Sinne sind\u201d, f\u00fcgte er hinzu.<\/p>\n<p>Nicht zuletzt lehnt die konservative Opposition Jobbik jeden Kompromiss mit dem \u201cRegime\u201d von Ministerpr\u00e4sident Viktor Orb\u00e1n ab und wird ihren Kampf um dessen Sturz fortsetzen, sagte Parteichef Tam\u00e1s Sneider bei einer Veranstaltung zum Gedenken an den Jahrestag des antisowjetischen Aufstands von 1956.<\/p>\n<blockquote>\n<p><span style=\"color: #0000ff;\">\u201cDer gr\u00f6\u00dfte Dieb der Welt\u201d baue den Bolschewismus in Ungarn auf, sagte er zu der Veranstaltung, die vor dem Geb\u00e4ude des Ungarischen Rundfunks stattfand.<\/span><\/p>\n<\/blockquote>\n<figure id=\"attachment_215664\" aria-describedby=\"caption-attachment-215664\" style=\"width: 1024px\" class=\"wp-caption aligncenter\"><img loading=\"lazy\" decoding=\"async\" class=\"wp-image-215664 size-large\" src=\"https:\/\/dailynewshungary.com\/wp-content\/uploads\/2018\/10\/56-jobbik-1024x683.jpg\" alt=\"Gedenken an die Revolution 1956\" width=\"1024\" height=\"683\" srcset=\"https:\/\/contentf5.dailynewshungary.com\/wp-content\/uploads\/2018\/10\/56-jobbik-1024x683.jpg 1024w, https:\/\/contentf5.dailynewshungary.com\/wp-content\/uploads\/2018\/10\/56-jobbik-300x200.jpg 300w, https:\/\/contentf5.dailynewshungary.com\/wp-content\/uploads\/2018\/10\/56-jobbik-768x512.jpg 768w, https:\/\/contentf5.dailynewshungary.com\/wp-content\/uploads\/2018\/10\/56-jobbik-220x147.jpg 220w, https:\/\/contentf5.dailynewshungary.com\/wp-content\/uploads\/2018\/10\/56-jobbik-600x400.jpg 600w, https:\/\/contentf5.dailynewshungary.com\/wp-content\/uploads\/2018\/10\/56-jobbik-200x133.jpg 200w, https:\/\/contentf5.dailynewshungary.com\/wp-content\/uploads\/2018\/10\/56-jobbik-1080x720.jpg 1080w, https:\/\/contentf5.dailynewshungary.com\/wp-content\/uploads\/2018\/10\/56-jobbik.jpg 2048w\" sizes=\"auto, (max-width: 1024px) 100vw, 1024px\"><figcaption id=\"caption-attachment-215664\" class=\"wp-caption-text\">Foto: MTI<\/figcaption><\/figure>\n<p>Er f\u00fchrte mehrere Parallelen zwischen den Ereignissen w\u00e4hrend der kommunistischen \u00c4ra und der heutigen Zeit an, darunter die Auswanderer, die Ungarn nach 1956 verlie\u00dfen, und diejenigen, die Ungarn in den letzten Jahren verlassen haben, um im Ausland zu arbeiten und zu leben.<\/p>\n<p>Sneider sagte, dass der derzeitige Premierminister ebenso wie die Kommunisten der Sowjetunion unterworfen gewesen seien, auch \u201eder ergebenste Diener\u201cRusslands und Pr\u00e4sident Wladimir Putins sei.<\/p>\n<p>Er sagte, das derzeitige \u201cRegime\u201d w\u00fcrde nicht nachlassen und nur diejenigen sollten sich Jobbik anschlie\u00dfen, die bereit sind, sich an dem harten Kampf zu beteiligen, um es zu st\u00fcrzen.<\/p>\n<p><em>Ausgew\u00e4hlte Bild: MTI<\/em><\/p>\n","protected":false},"excerpt":{"rendered":"<p>Die ungarische Nationalflagge wurde am Dienstag anl\u00e4sslich des 62. Jahrestages vor dem Parlamentsgeb\u00e4ude gehisst Der antisowjetische Aufstand begann am 23. Oktober 1956. An der Zeremonie nahmen Pr\u00e4sident J\u00e1nos \u00c1der, der Sprecher des Repr\u00e4sentantenhauses L\u00e1szl\u00f3 K\u00f6v\u00e9r, Regierungsmitglieder, milit\u00e4rische und zivile Beamte sowie Diplomaten teil. Ungarische Menschen schrieben 1956 Weltgeschichte Der Leiter des B\u00fcros des Premierministers sagte [&hellip;]<\/p>\n","protected":false},"author":7,"featured_media":735335,"comment_status":"open","ping_status":"open","sticky":false,"template":"","format":"standard","meta":{"_acf_changed":false,"_display_image":"","footnotes":""},"categories":[1098],"tags":[1111,1942,1483,1196,1144,1125,1437,1076,1128],"class_list":["post-735334","post","type-post","status-publish","format-standard","has-post-thumbnail","hentry","category-gesellschaft","tag-budapest","tag-die-ungarische-revolution-von-1956","tag-ereignis","tag-fotogalerie","tag-gedenken","tag-geschichte","tag-jubilaum","tag-ungarn","tag-viktor-orban"],"blocksy_meta":[],"acf":[],"author_username":"Szandi","telegram_post":"","public_post_metadata":{"breaking_news":"","important":"","csempe":"","center_tile":"","disable_thumbnail":"","target_lang":"","_featured_image_style":"","telegram_post":"","_xlat_group_id":""},"public_rank_math_data":{"title":"%title% %sep% %sitename%","description":"","focus_keyword":"","canonical_url":"","robots":"","primary_category":"1098","breadcrumb_title":"","facebook_title":"","facebook_description":"","facebook_image":"","facebook_image_id":"","twitter_title":"","twitter_description":"","twitter_image":"","twitter_image_id":"","twitter_card_type":"","twitter_use_facebook":"","advanced_robots":"","pillar_content":"","seo_score":"","contentai_score":"","rich_snippet":""},"_links":{"self":[{"href":"https:\/\/dailynewshungary.com\/de\/wp-json\/wp\/v2\/posts\/735334","targetHints":{"allow":["GET"]}}],"collection":[{"href":"https:\/\/dailynewshungary.com\/de\/wp-json\/wp\/v2\/posts"}],"about":[{"href":"https:\/\/dailynewshungary.com\/de\/wp-json\/wp\/v2\/types\/post"}],"author":[{"embeddable":true,"href":"https:\/\/dailynewshungary.com\/de\/wp-json\/wp\/v2\/users\/7"}],"replies":[{"embeddable":true,"href":"https:\/\/dailynewshungary.com\/de\/wp-json\/wp\/v2\/comments?post=735334"}],"version-history":[{"count":0,"href":"https:\/\/dailynewshungary.com\/de\/wp-json\/wp\/v2\/posts\/735334\/revisions"}],"wp:featuredmedia":[{"embeddable":true,"href":"https:\/\/dailynewshungary.com\/de\/wp-json\/wp\/v2\/media\/735335"}],"wp:attachment":[{"href":"https:\/\/dailynewshungary.com\/de\/wp-json\/wp\/v2\/media?parent=735334"}],"wp:term":[{"taxonomy":"category","embeddable":true,"href":"https:\/\/dailynewshungary.com\/de\/wp-json\/wp\/v2\/categories?post=735334"},{"taxonomy":"post_tag","embeddable":true,"href":"https:\/\/dailynewshungary.com\/de\/wp-json\/wp\/v2\/tags?post=735334"}],"curies":[{"name":"wp","href":"https:\/\/api.w.org\/{rel}","templated":true}]}}