{"id":735356,"date":"2018-10-22T20:30:51","date_gmt":"2018-10-22T18:30:51","guid":{"rendered":"https:\/\/dailynewshungary.com\/de\/23-oktober-gedenkfeiern-beginnen-in-budapest\/"},"modified":"2018-10-22T20:30:51","modified_gmt":"2018-10-22T18:30:51","slug":"23-oktober-gedenkfeiern-beginnen-in-budapest","status":"publish","type":"post","link":"https:\/\/dailynewshungary.com\/de\/23-oktober-gedenkfeiern-beginnen-in-budapest\/","title":{"rendered":"23. Oktober \u2013 Gedenkfeiern beginnen in Budapest"},"content":{"rendered":"<p><strong>Gedenkfeiern von <a href=\"https:\/\/dailynewshungary.com\/de\/deshalb-ist-der-23-oktober-fur-ungarn-so-wichtig-video\/\" target=\"_blank\" rel=\"noopener\">Ungarns antisowjetischer Aufstand von 1956<\/a> Am Montag, dem Vorabend des Nationalfeiertags, begann in Budapest der Start.<\/strong><\/p>\n<p>In seiner Ansprache an die Gedenkfeiernden der Technischen und Wirtschaftswissenschaftlichen Universit\u00e4t Budapest, einem der Schwerpunkte der Revolution, w\u00fcrdigte der Staatssekret\u00e4r des Personalministeriums Bence R\u00e9tv\u00e1ri die Freiheitsk\u00e4mpfer.<\/p>\n<blockquote>\n<p><span style=\"color: #0000ff;\">R\u00e9tv\u00e1ri bezeichnet <a href=\"https:\/\/dailynewshungary.com\/de\/personliche-geschichten-vom-23-oktober-1956\/\" target=\"_blank\" rel=\"noopener\">Ungarn \u201cdas Land der Helden und Freiheitsk\u00e4mpfer\u201d<\/a> und sagte, die Helden von 1956 h\u00e4tten sowohl f\u00fcr die Freiheit des Einzelnen als auch f\u00fcr die Unabh\u00e4ngigkeit des Landes gek\u00e4mpft.<\/span><\/p>\n<\/blockquote>\n<p>Ungarns Freiheitsk\u00e4mpfer h\u00e4tten sich im Interesse der Nation sogar \u201ceiner als aussichtslos geltenden Schlacht angeschlossen\u201d, weil sie glaubten, dass eine stalinistische Diktatur in Demokratie verwandelt werden k\u00f6nne, sagte R\u00e9tv\u00e1ri.<\/p>\n<div id=\"gallery-4\" class=\"gallery galleryid-215428 gallery-columns-3 gallery-size-large\">\n<figure class=\"gallery-item\">\n<div class=\"gallery-icon landscape\">\n\t\t\t\t<a href=\"https:\/\/dailynewshungary.com\/de\/23-oktober-gedenkfeiern-beginnen-in-budapest\/\"><img loading=\"lazy\" decoding=\"async\" width=\"1024\" height=\"683\" src=\"https:\/\/contentf5.dailynewshungary.com\/wp-content\/uploads\/2018\/10\/566-1024x683.jpg\" class=\"attachment-large size-large\" alt=\"Gedenken an die Revolution 1956\" aria-describedby=\"gallery-4-215451\" srcset=\"https:\/\/contentf5.dailynewshungary.com\/wp-content\/uploads\/2018\/10\/566-1024x683.jpg 1024w, https:\/\/contentf5.dailynewshungary.com\/wp-content\/uploads\/2018\/10\/566-300x200.jpg 300w, https:\/\/contentf5.dailynewshungary.com\/wp-content\/uploads\/2018\/10\/566-768x512.jpg 768w, https:\/\/contentf5.dailynewshungary.com\/wp-content\/uploads\/2018\/10\/566-220x147.jpg 220w, https:\/\/contentf5.dailynewshungary.com\/wp-content\/uploads\/2018\/10\/566-600x400.jpg 600w, https:\/\/contentf5.dailynewshungary.com\/wp-content\/uploads\/2018\/10\/566-200x133.jpg 200w, https:\/\/contentf5.dailynewshungary.com\/wp-content\/uploads\/2018\/10\/566-1080x720.jpg 1080w, https:\/\/contentf5.dailynewshungary.com\/wp-content\/uploads\/2018\/10\/566.jpg 2048w\" sizes=\"auto, (max-width: 1024px) 100vw, 1024px\"><\/a>\n\t\t\t<\/div><figcaption class=\"wp-caption-text gallery-caption\" id=\"gallery-4-215451\">\n\t\t\t\tFoto: MTI<br \/>\n\t\t\t\t<\/figcaption><\/figure>\n<figure class=\"gallery-item\">\n<div class=\"gallery-icon landscape\">\n\t\t\t\t<a href=\"https:\/\/dailynewshungary.com\/de\/23-oktober-gedenkfeiern-beginnen-in-budapest\/\"><img loading=\"lazy\" decoding=\"async\" width=\"1024\" height=\"683\" src=\"https:\/\/contentf5.dailynewshungary.com\/wp-content\/uploads\/2018\/10\/564-1024x683.jpg\" class=\"attachment-large size-large\" alt=\"Gedenken an die Revolution 1956\" aria-describedby=\"gallery-4-215449\" srcset=\"https:\/\/contentf5.dailynewshungary.com\/wp-content\/uploads\/2018\/10\/564-1024x683.jpg 1024w, https:\/\/contentf5.dailynewshungary.com\/wp-content\/uploads\/2018\/10\/564-300x200.jpg 300w, https:\/\/contentf5.dailynewshungary.com\/wp-content\/uploads\/2018\/10\/564-768x512.jpg 768w, https:\/\/contentf5.dailynewshungary.com\/wp-content\/uploads\/2018\/10\/564-220x147.jpg 220w, https:\/\/contentf5.dailynewshungary.com\/wp-content\/uploads\/2018\/10\/564-600x400.jpg 600w, https:\/\/contentf5.dailynewshungary.com\/wp-content\/uploads\/2018\/10\/564-200x133.jpg 200w, https:\/\/contentf5.dailynewshungary.com\/wp-content\/uploads\/2018\/10\/564-1080x720.jpg 1080w, https:\/\/contentf5.dailynewshungary.com\/wp-content\/uploads\/2018\/10\/564.jpg 2048w\" sizes=\"auto, (max-width: 1024px) 100vw, 1024px\"><\/a>\n\t\t\t<\/div><figcaption class=\"wp-caption-text gallery-caption\" id=\"gallery-4-215449\">\n\t\t\t\tFoto: MTI<br \/>\n\t\t\t\t<\/figcaption><\/figure>\n<figure class=\"gallery-item\">\n<div class=\"gallery-icon landscape\">\n\t\t\t\t<a href=\"https:\/\/dailynewshungary.com\/de\/23-oktober-gedenkfeiern-beginnen-in-budapest\/\"><img loading=\"lazy\" decoding=\"async\" width=\"1024\" height=\"683\" src=\"https:\/\/contentf5.dailynewshungary.com\/wp-content\/uploads\/2018\/10\/565-1024x683.jpg\" class=\"attachment-large size-large\" alt=\"Gedenken an die Revolution 1956\" aria-describedby=\"gallery-4-215450\" srcset=\"https:\/\/contentf5.dailynewshungary.com\/wp-content\/uploads\/2018\/10\/565-1024x683.jpg 1024w, https:\/\/contentf5.dailynewshungary.com\/wp-content\/uploads\/2018\/10\/565-300x200.jpg 300w, https:\/\/contentf5.dailynewshungary.com\/wp-content\/uploads\/2018\/10\/565-768x512.jpg 768w, https:\/\/contentf5.dailynewshungary.com\/wp-content\/uploads\/2018\/10\/565-220x147.jpg 220w, https:\/\/contentf5.dailynewshungary.com\/wp-content\/uploads\/2018\/10\/565-600x400.jpg 600w, https:\/\/contentf5.dailynewshungary.com\/wp-content\/uploads\/2018\/10\/565-200x133.jpg 200w, https:\/\/contentf5.dailynewshungary.com\/wp-content\/uploads\/2018\/10\/565-1080x720.jpg 1080w, https:\/\/contentf5.dailynewshungary.com\/wp-content\/uploads\/2018\/10\/565.jpg 2048w\" sizes=\"auto, (max-width: 1024px) 100vw, 1024px\"><\/a>\n\t\t\t<\/div><figcaption class=\"wp-caption-text gallery-caption\" id=\"gallery-4-215450\">\n\t\t\t\tFoto: MTI<br \/>\n\t\t\t\t<\/figcaption><\/figure>\n<figure class=\"gallery-item\">\n<div class=\"gallery-icon landscape\">\n\t\t\t\t<a href=\"https:\/\/dailynewshungary.com\/de\/23-oktober-gedenkfeiern-beginnen-in-budapest\/\"><img loading=\"lazy\" decoding=\"async\" width=\"1024\" height=\"683\" src=\"https:\/\/contentf5.dailynewshungary.com\/wp-content\/uploads\/2018\/10\/563-1024x683.jpg\" class=\"attachment-large size-large\" alt=\"Gedenken an die Revolution 1956\" aria-describedby=\"gallery-4-215448\" srcset=\"https:\/\/contentf5.dailynewshungary.com\/wp-content\/uploads\/2018\/10\/563-1024x683.jpg 1024w, https:\/\/contentf5.dailynewshungary.com\/wp-content\/uploads\/2018\/10\/563-300x200.jpg 300w, https:\/\/contentf5.dailynewshungary.com\/wp-content\/uploads\/2018\/10\/563-768x512.jpg 768w, https:\/\/contentf5.dailynewshungary.com\/wp-content\/uploads\/2018\/10\/563-220x147.jpg 220w, https:\/\/contentf5.dailynewshungary.com\/wp-content\/uploads\/2018\/10\/563-600x400.jpg 600w, https:\/\/contentf5.dailynewshungary.com\/wp-content\/uploads\/2018\/10\/563-200x133.jpg 200w, https:\/\/contentf5.dailynewshungary.com\/wp-content\/uploads\/2018\/10\/563-1080x720.jpg 1080w, https:\/\/contentf5.dailynewshungary.com\/wp-content\/uploads\/2018\/10\/563.jpg 2048w\" sizes=\"auto, (max-width: 1024px) 100vw, 1024px\"><\/a>\n\t\t\t<\/div><figcaption class=\"wp-caption-text gallery-caption\" id=\"gallery-4-215448\">\n\t\t\t\tFoto: MTI<br \/>\n\t\t\t\t<\/figcaption><\/figure>\n<figure class=\"gallery-item\">\n<div class=\"gallery-icon landscape\">\n\t\t\t\t<a href=\"https:\/\/dailynewshungary.com\/de\/23-oktober-gedenkfeiern-beginnen-in-budapest\/\"><img loading=\"lazy\" decoding=\"async\" width=\"1024\" height=\"683\" src=\"https:\/\/contentf5.dailynewshungary.com\/wp-content\/uploads\/2018\/10\/567-1024x683.jpg\" class=\"attachment-large size-large\" alt=\"Gedenken an die Revolution 1956\" aria-describedby=\"gallery-4-215452\" srcset=\"https:\/\/contentf5.dailynewshungary.com\/wp-content\/uploads\/2018\/10\/567-1024x683.jpg 1024w, https:\/\/contentf5.dailynewshungary.com\/wp-content\/uploads\/2018\/10\/567-300x200.jpg 300w, https:\/\/contentf5.dailynewshungary.com\/wp-content\/uploads\/2018\/10\/567-768x512.jpg 768w, https:\/\/contentf5.dailynewshungary.com\/wp-content\/uploads\/2018\/10\/567-220x147.jpg 220w, https:\/\/contentf5.dailynewshungary.com\/wp-content\/uploads\/2018\/10\/567-600x400.jpg 600w, https:\/\/contentf5.dailynewshungary.com\/wp-content\/uploads\/2018\/10\/567-200x133.jpg 200w, https:\/\/contentf5.dailynewshungary.com\/wp-content\/uploads\/2018\/10\/567-1080x720.jpg 1080w, https:\/\/contentf5.dailynewshungary.com\/wp-content\/uploads\/2018\/10\/567.jpg 2048w\" sizes=\"auto, (max-width: 1024px) 100vw, 1024px\"><\/a>\n\t\t\t<\/div><figcaption class=\"wp-caption-text gallery-caption\" id=\"gallery-4-215452\">\n\t\t\t\tFoto: MTI<br \/>\n\t\t\t\t<\/figcaption><\/figure>\n<figure class=\"gallery-item\">\n<div class=\"gallery-icon landscape\">\n\t\t\t\t<a href=\"https:\/\/dailynewshungary.com\/de\/23-oktober-gedenkfeiern-beginnen-in-budapest\/\"><img loading=\"lazy\" decoding=\"async\" width=\"1024\" height=\"683\" src=\"https:\/\/contentf5.dailynewshungary.com\/wp-content\/uploads\/2018\/10\/561-1024x683.jpg\" class=\"attachment-large size-large\" alt=\"Gedenken an die Revolution 1956\" aria-describedby=\"gallery-4-215446\" srcset=\"https:\/\/contentf5.dailynewshungary.com\/wp-content\/uploads\/2018\/10\/561-1024x683.jpg 1024w, https:\/\/contentf5.dailynewshungary.com\/wp-content\/uploads\/2018\/10\/561-300x200.jpg 300w, https:\/\/contentf5.dailynewshungary.com\/wp-content\/uploads\/2018\/10\/561-768x512.jpg 768w, https:\/\/contentf5.dailynewshungary.com\/wp-content\/uploads\/2018\/10\/561-220x147.jpg 220w, https:\/\/contentf5.dailynewshungary.com\/wp-content\/uploads\/2018\/10\/561-600x400.jpg 600w, https:\/\/contentf5.dailynewshungary.com\/wp-content\/uploads\/2018\/10\/561-200x133.jpg 200w, https:\/\/contentf5.dailynewshungary.com\/wp-content\/uploads\/2018\/10\/561-1080x720.jpg 1080w, https:\/\/contentf5.dailynewshungary.com\/wp-content\/uploads\/2018\/10\/561.jpg 2048w\" sizes=\"auto, (max-width: 1024px) 100vw, 1024px\"><\/a>\n\t\t\t<\/div><figcaption class=\"wp-caption-text gallery-caption\" id=\"gallery-4-215446\">\n\t\t\t\tFoto: MTI<br \/>\n\t\t\t\t<\/figcaption><\/figure>\n<figure class=\"gallery-item\">\n<div class=\"gallery-icon landscape\">\n\t\t\t\t<a href=\"https:\/\/dailynewshungary.com\/de\/23-oktober-gedenkfeiern-beginnen-in-budapest\/\"><img loading=\"lazy\" decoding=\"async\" width=\"1024\" height=\"683\" src=\"https:\/\/contentf5.dailynewshungary.com\/wp-content\/uploads\/2018\/10\/562-1024x683.jpg\" class=\"attachment-large size-large\" alt=\"Gedenken an die Revolution 1956\" aria-describedby=\"gallery-4-215447\" srcset=\"https:\/\/contentf5.dailynewshungary.com\/wp-content\/uploads\/2018\/10\/562-1024x683.jpg 1024w, https:\/\/contentf5.dailynewshungary.com\/wp-content\/uploads\/2018\/10\/562-300x200.jpg 300w, https:\/\/contentf5.dailynewshungary.com\/wp-content\/uploads\/2018\/10\/562-768x512.jpg 768w, https:\/\/contentf5.dailynewshungary.com\/wp-content\/uploads\/2018\/10\/562-220x147.jpg 220w, https:\/\/contentf5.dailynewshungary.com\/wp-content\/uploads\/2018\/10\/562-600x400.jpg 600w, https:\/\/contentf5.dailynewshungary.com\/wp-content\/uploads\/2018\/10\/562-200x133.jpg 200w, https:\/\/contentf5.dailynewshungary.com\/wp-content\/uploads\/2018\/10\/562-1080x720.jpg 1080w, https:\/\/contentf5.dailynewshungary.com\/wp-content\/uploads\/2018\/10\/562.jpg 2048w\" sizes=\"auto, (max-width: 1024px) 100vw, 1024px\"><\/a>\n\t\t\t<\/div><figcaption class=\"wp-caption-text gallery-caption\" id=\"gallery-4-215447\">\n\t\t\t\tFoto: MTI<br \/>\n\t\t\t\t<\/figcaption><\/figure>\n<\/p><\/div>\n<p>\u201cDas ist auch eine Botschaft an diejenigen, die die ungarische Souver\u00e4nit\u00e4t und Unabh\u00e4ngigkeit im Ausland beschneiden wollen\u201d, sagte der Staatssekret\u00e4r.<\/p>\n<blockquote>\n<p><span style=\"color: #0000ff;\">Viele h\u00e4tten versucht, dies zu tun, sagte er und f\u00fcgte hinzu, dass die Ungarn am Ende immer ihre Unabh\u00e4ngigkeit zur\u00fcckerobert h\u00e4tten.<\/span><\/p>\n<\/blockquote>\n<p>Retv\u00e1ri sagte, Ungarn als Nation sei kein \u201cMinderj\u00e4hriger\u201d mehr \u201cEs ist seit 1100 Jahren erwachsen und wir erwarten, in respektvollem Ton angesprochen zu werden\u201d, f\u00fcgte er hinzu.<\/p>\n<p>In Budapest wurde auch ein Fackelmarsch zur Erinnerung an die Revolution abgehalten, der Marsch startete von der Technischen Universit\u00e4t Budapest und endete am Bem-J\u00f3zsef-Platz in der N\u00e4he der Margaretenbr\u00fccke.<\/p>\n<p>An die Marschierenden richtete Gergely Guly\u00e1s, Leiter des B\u00fcros des Ministerpr\u00e4sidenten, aus, dass \u201cdie Geschichte gezeigt hat, dass wir unsere Freiheit und die ungarische Kultur nur bewahren k\u00f6nnen, wenn wir zusammenstehen\u201d.<\/p>\n<blockquote>\n<p><span style=\"color: #0000ff;\">Ungarn auf der ganzen Welt m\u00fcssen wissen, dass sie auf die Heimat z\u00e4hlen k\u00f6nnen, sagte Guly\u00e1s \u201cDeshalb m\u00fcssen wir alles tun, um die Ungarn in Transkarpatien zu sch\u00fctzen\u201d, sagte er.<\/span><\/p>\n<\/blockquote>\n<p>\u201cIndem wir dem Opfer derer, die vor uns kamen, unseren Respekt zollten und uns an die H\u00f6lle erinnerten, die sie nach der Unterdr\u00fcckung der Revolution erlebt hatten, setzten wir Ma\u00dfst\u00e4beErinnerung ist Verantwortung\u201d, sagte Guly\u00e1s.<\/p>\n<p><em>Ausgew\u00e4hlte Bild: MTI<\/em><\/p>\n","protected":false},"excerpt":{"rendered":"<p>Gedenkfeiern von Ungarns antisowjetischer Aufstand von 1956 Am Montag, dem Vorabend des Nationalfeiertags, begann in Budapest der Start. In seiner Ansprache an die Gedenkfeiernden der Technischen und Wirtschaftswissenschaftlichen Universit\u00e4t Budapest, einem der Schwerpunkte der Revolution, w\u00fcrdigte der Staatssekret\u00e4r des Personalministeriums Bence R\u00e9tv\u00e1ri die Freiheitsk\u00e4mpfer. R\u00e9tv\u00e1ri bezeichnet Ungarn \u201cdas Land der Helden und Freiheitsk\u00e4mpfer\u201d und sagte, [&hellip;]<\/p>\n","protected":false},"author":7,"featured_media":735357,"comment_status":"open","ping_status":"open","sticky":false,"template":"","format":"standard","meta":{"_acf_changed":false,"_display_image":"","footnotes":""},"categories":[1098],"tags":[1196,1144,1125,1437,1469],"class_list":["post-735356","post","type-post","status-publish","format-standard","has-post-thumbnail","hentry","category-gesellschaft","tag-fotogalerie","tag-gedenken","tag-geschichte","tag-jubilaum","tag-veranstaltung"],"blocksy_meta":[],"acf":[],"author_username":"Szandi","telegram_post":"","public_post_metadata":{"breaking_news":"","important":"","csempe":"","center_tile":"","disable_thumbnail":"","target_lang":"","_featured_image_style":"","telegram_post":"","_xlat_group_id":""},"public_rank_math_data":{"title":"%title% %sep% %sitename%","description":"","focus_keyword":"","canonical_url":"","robots":"","primary_category":"1098","breadcrumb_title":"","facebook_title":"","facebook_description":"","facebook_image":"","facebook_image_id":"","twitter_title":"","twitter_description":"","twitter_image":"","twitter_image_id":"","twitter_card_type":"","twitter_use_facebook":"","advanced_robots":"","pillar_content":"","seo_score":"","contentai_score":"","rich_snippet":""},"_links":{"self":[{"href":"https:\/\/dailynewshungary.com\/de\/wp-json\/wp\/v2\/posts\/735356","targetHints":{"allow":["GET"]}}],"collection":[{"href":"https:\/\/dailynewshungary.com\/de\/wp-json\/wp\/v2\/posts"}],"about":[{"href":"https:\/\/dailynewshungary.com\/de\/wp-json\/wp\/v2\/types\/post"}],"author":[{"embeddable":true,"href":"https:\/\/dailynewshungary.com\/de\/wp-json\/wp\/v2\/users\/7"}],"replies":[{"embeddable":true,"href":"https:\/\/dailynewshungary.com\/de\/wp-json\/wp\/v2\/comments?post=735356"}],"version-history":[{"count":0,"href":"https:\/\/dailynewshungary.com\/de\/wp-json\/wp\/v2\/posts\/735356\/revisions"}],"wp:featuredmedia":[{"embeddable":true,"href":"https:\/\/dailynewshungary.com\/de\/wp-json\/wp\/v2\/media\/735357"}],"wp:attachment":[{"href":"https:\/\/dailynewshungary.com\/de\/wp-json\/wp\/v2\/media?parent=735356"}],"wp:term":[{"taxonomy":"category","embeddable":true,"href":"https:\/\/dailynewshungary.com\/de\/wp-json\/wp\/v2\/categories?post=735356"},{"taxonomy":"post_tag","embeddable":true,"href":"https:\/\/dailynewshungary.com\/de\/wp-json\/wp\/v2\/tags?post=735356"}],"curies":[{"name":"wp","href":"https:\/\/api.w.org\/{rel}","templated":true}]}}