{"id":735387,"date":"2018-10-21T11:30:23","date_gmt":"2018-10-21T09:30:23","guid":{"rendered":"https:\/\/dailynewshungary.com\/de\/demeter-zum-lmp-co-vorsitzenden-gewahlt\/"},"modified":"2018-10-21T11:30:23","modified_gmt":"2018-10-21T09:30:23","slug":"demeter-zum-lmp-co-vorsitzenden-gewahlt","status":"publish","type":"post","link":"https:\/\/dailynewshungary.com\/de\/demeter-zum-lmp-co-vorsitzenden-gewahlt\/","title":{"rendered":"Demeter zum LMP-Co-Vorsitzenden gew\u00e4hlt"},"content":{"rendered":"<p><strong>Der Kongress der gr\u00fcnen Opposition LMP w\u00e4hlte M\u00e1rta Demeter am Samstag in Budapest zur Co-Vorsitzenden der Partei.<\/strong><\/p>\n<p>Demeter, der allein f\u00fcr den Posten kandidierte, war bisher stellvertretender Fraktionsvorsitzender von <a href=\"https:\/\/dailynewshungary.com\/de\/der-grose-britische-zuguberfall-wie-eine-15-kopfige-bande-1963-26-millionen-pfund-stahl\/\" target=\"_blank\" rel=\"noopener\">LMP<\/a>.<\/p>\n<blockquote>\n<p>Demeter wird den Posten von Bernadett Sz\u00e9l besetzen, der im August zur\u00fccktrat, nachdem die Ethikkommission der LMP ihr drei Jahre lang jegliche \u00c4mter innerhalb der Partei untersagt hatte L\u00e1szl\u00f3 L\u00f3r\u00e1nt Keresztes ist der andere Co-Vorsitzende der LMP.<\/p>\n<\/blockquote>\n<p>Auf einer Pressekonferenz nach der Abstimmung nannte Demeter ihre Partei \u201cden h\u00e4rtesten Gegner der Regierung\u201d und sagte, dass \u201cdas derzeitige Regime wie ein Kartenhaus zusammenbrechen wird\u201d Sobald das passiert, werde LMP \u201cbereit f\u00fcr die Regierung sein\u201d, sagte sie und sagte \u201cmaximale Unterst\u00fctzung\u201d f\u00fcr die aktuelle Politik von LMP zu.<\/p>\n<blockquote>\n<p>Demeter nannte die Vorbereitungen f\u00fcr die bevorstehenden Wahlen zum Europ\u00e4ischen Parlament und die Kommunalwahlen in Ungarn eine Priorit\u00e4t, im Interesse des \u201cAnfangs in ein neues Zeitalter im n\u00e4chsten Jahr\u201d.<\/p>\n<\/blockquote>\n<p>Sie sagte, dass \u201cnicht nur ein neues Europ\u00e4isches Parlament und eine neue Europ\u00e4ische Kommission ben\u00f6tigt werden\u201d, sondern auch Abgeordnete, die \u201cechte nationale Werte\u201d vertreten und den Menschen Stabilit\u00e4t und Sicherheit bieten k\u00f6nnen, \u201canstatt multinationale Unternehmen zu f\u00f6rdern\u201d.<\/p>\n<p>Zu Fragen, die Demeter gestellt hat <a href=\"https:\/\/dailynewshungary.com\/de\/fidesz-fordert-die-entfernung-des-abgeordneten-demeter-aus-dem-parlament-wegen-vorwurfen-bezuglich-der-tochter-des-premierministers\/\" target=\"_blank\" rel=\"noopener\">Regierungsbeamte letzte Woche \u00fcber die Passagiere eines Milit\u00e4rflugzeugs<\/a> Und Demeter deutete an, dass sich unter ihnen ein Familienmitglied des Premierministers befinde, und sagte, dass die von ihr ver\u00f6ffentlichten Daten \u00f6ffentlich zug\u00e4nglich seien.<\/p>\n<blockquote>\n<p>Sie werde auch in Zukunft \u201cdie Regierung zur Rechenschaft ziehen\u201d, sagte sie.<\/p>\n<\/blockquote>\n","protected":false},"excerpt":{"rendered":"<p>Der Kongress der gr\u00fcnen Opposition LMP w\u00e4hlte M\u00e1rta Demeter am Samstag in Budapest zur Co-Vorsitzenden der Partei. Demeter, der allein f\u00fcr den Posten kandidierte, war bisher stellvertretender Fraktionsvorsitzender von LMP. Demeter wird den Posten von Bernadett Sz\u00e9l besetzen, der im August zur\u00fccktrat, nachdem die Ethikkommission der LMP ihr drei Jahre lang jegliche \u00c4mter innerhalb der [&hellip;]<\/p>\n","protected":false},"author":2,"featured_media":735388,"comment_status":"open","ping_status":"open","sticky":false,"template":"","format":"standard","meta":{"_acf_changed":false,"_display_image":"","footnotes":""},"categories":[1081],"tags":[1873],"class_list":["post-735387","post","type-post","status-publish","format-standard","has-post-thumbnail","hentry","category-politik","tag-lmp"],"blocksy_meta":[],"acf":[],"author_username":"alk","telegram_post":"","public_post_metadata":{"breaking_news":"","important":"","csempe":"","center_tile":"","disable_thumbnail":"","target_lang":"","_featured_image_style":"","telegram_post":"","_xlat_group_id":""},"public_rank_math_data":{"title":"%title% %sep% %sitename%","description":"","focus_keyword":"","canonical_url":"","robots":"","primary_category":"1081","breadcrumb_title":"","facebook_title":"","facebook_description":"","facebook_image":"","facebook_image_id":"","twitter_title":"","twitter_description":"","twitter_image":"","twitter_image_id":"","twitter_card_type":"","twitter_use_facebook":"","advanced_robots":"","pillar_content":"","seo_score":"","contentai_score":"","rich_snippet":""},"_links":{"self":[{"href":"https:\/\/dailynewshungary.com\/de\/wp-json\/wp\/v2\/posts\/735387","targetHints":{"allow":["GET"]}}],"collection":[{"href":"https:\/\/dailynewshungary.com\/de\/wp-json\/wp\/v2\/posts"}],"about":[{"href":"https:\/\/dailynewshungary.com\/de\/wp-json\/wp\/v2\/types\/post"}],"author":[{"embeddable":true,"href":"https:\/\/dailynewshungary.com\/de\/wp-json\/wp\/v2\/users\/2"}],"replies":[{"embeddable":true,"href":"https:\/\/dailynewshungary.com\/de\/wp-json\/wp\/v2\/comments?post=735387"}],"version-history":[{"count":0,"href":"https:\/\/dailynewshungary.com\/de\/wp-json\/wp\/v2\/posts\/735387\/revisions"}],"wp:featuredmedia":[{"embeddable":true,"href":"https:\/\/dailynewshungary.com\/de\/wp-json\/wp\/v2\/media\/735388"}],"wp:attachment":[{"href":"https:\/\/dailynewshungary.com\/de\/wp-json\/wp\/v2\/media?parent=735387"}],"wp:term":[{"taxonomy":"category","embeddable":true,"href":"https:\/\/dailynewshungary.com\/de\/wp-json\/wp\/v2\/categories?post=735387"},{"taxonomy":"post_tag","embeddable":true,"href":"https:\/\/dailynewshungary.com\/de\/wp-json\/wp\/v2\/tags?post=735387"}],"curies":[{"name":"wp","href":"https:\/\/api.w.org\/{rel}","templated":true}]}}