{"id":735413,"date":"2018-10-19T20:00:58","date_gmt":"2018-10-19T18:00:58","guid":{"rendered":"https:\/\/dailynewshungary.com\/de\/jobbik-beklagt-parteileid-groste-schmutzkampagne-aller-zeiten\/"},"modified":"2018-10-19T20:00:58","modified_gmt":"2018-10-19T18:00:58","slug":"jobbik-beklagt-parteileid-groste-schmutzkampagne-aller-zeiten","status":"publish","type":"post","link":"https:\/\/dailynewshungary.com\/de\/jobbik-beklagt-parteileid-groste-schmutzkampagne-aller-zeiten\/","title":{"rendered":"Jobbik beklagt Parteileid \u2018gr\u00f6\u00dfte Schmutzkampagne aller Zeiten\u2019"},"content":{"rendered":"<p><strong>Jobbik leide \u201cdie gr\u00f6\u00dfte Hetzkampagne aller Zeiten\u201d, sagte der Kommunikationsdirektor der konservativen Oppositionspartei am Freitag.<\/strong><\/p>\n<p>Das sagte \u00c1d\u00e1m Mirkoczki auf einer Pressekonferenz<\/p>\n<blockquote>\n<p>Jobbik sei auf eine Weise getestet worden, \u201cdass ich mir jetzt keine Situation vorstellen kann, die wir in Zukunft nicht \u00fcberleben k\u00f6nnten\u201d<\/p>\n<\/blockquote>\n<p>Er sagte, dass seit den Parlamentswahlen im April die Berichterstattung \u00fcber die Partei auf \u201cbeispiellose Tiefen\u201d gesunken sei.<\/p>\n<p>Er sagte, Jobbik werde von nun an seine Pressekonferenzen, die bestimmten Politikbereichen gewidmet seien, aufgeben und stattdessen auf jede Frage antworten, \u201cegal wie absurd oder verleumderisch\u201d.<\/p>\n<blockquote>\n<p>Nach selbstkritischem Unterricht gefragt <a href=\"https:\/\/dailynewshungary.com\/de\/der-grose-britische-zuguberfall-wie-eine-15-kopfige-bande-1963-26-millionen-pfund-stahl\/\" target=\"_blank\" rel=\"noopener\">Jobbik<\/a> Mag aus dem politischen Leben seit 2010 sch\u00f6pfen, sagte er, die F\u00fchrung der Partei in diesem Zeitraum habe \u201criesige Fehler\u201d gemacht.<\/p>\n<\/blockquote>\n<p>Er wies auch den Vorschlag zur\u00fcck, dass mehr Parteimitglieder bereit seien, Jobbik zu verlassen.<\/p>\n<p>Mirkoczki bestritt auch Berichte, wonach Jobbik an einer zwielichtigen Finanzierung im Zusammenhang mit einem Videokanal beteiligt gewesen sei, der den Gro\u00dfteil seiner Mittel von der Jobbik-Parteistiftung erhalten habe. Auf eine Frage zu Vorw\u00fcrfen eines Mitarbeiters des Senders N1, Szabolcs Kisberk, antwortete der Kommunikationsdirektor, dass seine Behauptungen entweder ein b\u00f6swilliger oder vors\u00e4tzlicher Fehler seien.<\/p>\n<blockquote>\n<p>\u201cEs gab kein Schwarzgeld und jetzt gibt es auch dort kein Schwarzgeld\u201d, sagte Mirkoczki.<\/p>\n<\/blockquote>\n<p>Auf eine weitere Frage zu angeblichen Unzul\u00e4nglichkeiten im Zusammenhang mit Jobbik antwortete Gy\u00f6rgy Szil\u00e1gyi, der Sprecher der Partei, \u201cwenn jemand von einem Verbrechen wei\u00df, sollte er Anklage erheben\u201d, andernfalls w\u00fcrden sie wegen Verleumdung verklagt.<\/p>\n","protected":false},"excerpt":{"rendered":"<p>Jobbik leide \u201cdie gr\u00f6\u00dfte Hetzkampagne aller Zeiten\u201d, sagte der Kommunikationsdirektor der konservativen Oppositionspartei am Freitag. Das sagte \u00c1d\u00e1m Mirkoczki auf einer Pressekonferenz Jobbik sei auf eine Weise getestet worden, \u201cdass ich mir jetzt keine Situation vorstellen kann, die wir in Zukunft nicht \u00fcberleben k\u00f6nnten\u201d Er sagte, dass seit den Parlamentswahlen im April die Berichterstattung \u00fcber [&hellip;]<\/p>\n","protected":false},"author":2,"featured_media":735414,"comment_status":"open","ping_status":"open","sticky":false,"template":"","format":"standard","meta":{"_acf_changed":false,"_display_image":"","footnotes":""},"categories":[1081],"tags":[1632],"class_list":["post-735413","post","type-post","status-publish","format-standard","has-post-thumbnail","hentry","category-politik","tag-jobbik"],"blocksy_meta":[],"acf":[],"author_username":"alk","telegram_post":"","public_post_metadata":{"breaking_news":"","important":"","csempe":"","center_tile":"","disable_thumbnail":"","target_lang":"","_featured_image_style":"","telegram_post":"","_xlat_group_id":""},"public_rank_math_data":{"title":"%title% %sep% %sitename%","description":"","focus_keyword":"","canonical_url":"","robots":"","primary_category":"1081","breadcrumb_title":"","facebook_title":"","facebook_description":"","facebook_image":"","facebook_image_id":"","twitter_title":"","twitter_description":"","twitter_image":"","twitter_image_id":"","twitter_card_type":"","twitter_use_facebook":"","advanced_robots":"","pillar_content":"","seo_score":"","contentai_score":"","rich_snippet":""},"_links":{"self":[{"href":"https:\/\/dailynewshungary.com\/de\/wp-json\/wp\/v2\/posts\/735413","targetHints":{"allow":["GET"]}}],"collection":[{"href":"https:\/\/dailynewshungary.com\/de\/wp-json\/wp\/v2\/posts"}],"about":[{"href":"https:\/\/dailynewshungary.com\/de\/wp-json\/wp\/v2\/types\/post"}],"author":[{"embeddable":true,"href":"https:\/\/dailynewshungary.com\/de\/wp-json\/wp\/v2\/users\/2"}],"replies":[{"embeddable":true,"href":"https:\/\/dailynewshungary.com\/de\/wp-json\/wp\/v2\/comments?post=735413"}],"version-history":[{"count":0,"href":"https:\/\/dailynewshungary.com\/de\/wp-json\/wp\/v2\/posts\/735413\/revisions"}],"wp:featuredmedia":[{"embeddable":true,"href":"https:\/\/dailynewshungary.com\/de\/wp-json\/wp\/v2\/media\/735414"}],"wp:attachment":[{"href":"https:\/\/dailynewshungary.com\/de\/wp-json\/wp\/v2\/media?parent=735413"}],"wp:term":[{"taxonomy":"category","embeddable":true,"href":"https:\/\/dailynewshungary.com\/de\/wp-json\/wp\/v2\/categories?post=735413"},{"taxonomy":"post_tag","embeddable":true,"href":"https:\/\/dailynewshungary.com\/de\/wp-json\/wp\/v2\/tags?post=735413"}],"curies":[{"name":"wp","href":"https:\/\/api.w.org\/{rel}","templated":true}]}}