{"id":735496,"date":"2018-10-16T21:30:54","date_gmt":"2018-10-16T19:30:54","guid":{"rendered":"https:\/\/dailynewshungary.com\/de\/drei-abgeordnete-traten-aus-der-oppositionellen-jobbik-partei-aus\/"},"modified":"2018-10-16T21:30:54","modified_gmt":"2018-10-16T19:30:54","slug":"drei-abgeordnete-traten-aus-der-oppositionellen-jobbik-partei-aus","status":"publish","type":"post","link":"https:\/\/dailynewshungary.com\/de\/drei-abgeordnete-traten-aus-der-oppositionellen-jobbik-partei-aus\/","title":{"rendered":"Drei Abgeordnete traten aus der oppositionellen Jobbik-Partei aus"},"content":{"rendered":"<p><strong>J\u00e1nos Volner, ein ehemaliger stellvertretender Leiter von <a href=\"https:\/\/dailynewshungary.com\/de\/der-grose-britische-zuguberfall-wie-eine-15-kopfige-bande-1963-26-millionen-pfund-stahl\/\" target=\"_blank\" rel=\"noopener\">Konservative Jobbik<\/a>, k\u00fcndigte am Dienstag an, die Partei zu verlassen, zusammen mit den Abgeordneten Erik F\u00fcl\u00f6p und Istv\u00e1n Ap\u00e1ti.<\/strong><\/p>\n<p>Rede auf einer Pressekonferenz vor seiner Disziplinaranh\u00f6rung <a href=\"https:\/\/dailynewshungary.com\/de\/volner-aus-der-parlamentsfraktion-jobbik-ausgeschlossen\/\" target=\"_blank\" rel=\"noopener\">Volner sagte, dass \u201eeinige Anf\u00fchrer von Jobbik ihr Urteil bereits ausgesprochen haben.<\/a> Das Verfahren ist ein Schauprozess, der mich am Ende aus meiner eigenen Partei ausschlie\u00dfen soll.\u201d<\/p>\n<p>Jobbik sei auf dem falschen Weg und vertrete nicht mehr die nationale Sache, betonte Volner und warf Parteichef Tam\u00e1s Sneider vor, \u201e[die Partei] zu einem unwiderruflich versinkenden Wrack zu degradieren\u201c\u201d<\/p>\n<blockquote>\n<p><span style=\"color: #0000ff;\">Mit Jobbik \u201cout of the game\u201d gebe es keine gro\u00dfe Partei, die in der Lage sei, sich an die Fidesz-W\u00e4hler zu wenden, sagte Volner.<\/span><\/p>\n<\/blockquote>\n<p>Die einzige M\u00f6glichkeit, das \u201caktuelle Regime\u201d zu st\u00fcrzen, sei, sagte er, \u201cHunderttausende, vielleicht sogar eine Million W\u00e4hler von der Regierungspartei\u201d zu gewinnen.<\/p>\n<p>Jobbik habe diesen Kampf aufgegeben und seine F\u00fchrer h\u00e4tten sich f\u00fcr die Politik entschieden, nur um ihren Lebensunterhalt zu verdienen, sagte er \u201cDie Diskrepanz zwischen Jobbiks offizieller Politik und seinen Handlungen ist enorm\u201d, sagte er.<\/p>\n<p>Von den beiden anderen Gesetzgebern sei F\u00fcl\u00f6p bereits aus der Partei ausgetreten, w\u00e4hrend Ap\u00e1ti dies in K\u00fcrze tun werde, sagte Volner.<\/p>\n<blockquote>\n<p><span style=\"color: #0000ff;\">Volner wurde am 5. Oktober in einer au\u00dferordentlichen Sitzung aus der Fraktion der Partei ausgeschlossen, nachdem er einen Brief an die Basisf\u00fchrer Jobbiks geschickt hatte, in dem er die Einsetzung einer neuen Parteif\u00fchrung forderte.<\/span><\/p>\n<\/blockquote>\n<p>In seinem Brief \u201eOnline-Exemplar\u201cauf dem die Wirtschaftswoche \u201eFigyel.\u201d ver\u00f6ffentlicht wurde, in dem er sich auf Jobbiks Bem\u00fchungen bezog, sich in eine \u201ePartei der Wirtschaft\u201d zu verwandeln, verachtete Figy die Versuche, ein enges B\u00fcndnis mit der gr\u00fcnen Partei LMP zu schmieden. Er beschuldigte auch Jobbiks F\u00fchrer und seinen Stellvertreter, ein B\u00fcndnis \u201emit NGOs geschmiedet zu haben, die vom Spekulanten George Soros, einem Freimaurer\u201d, und der linken Oppositionspartei \u201eDemocratic Coalition\u201cgef\u00f6rdert werden.<\/p>\n<p><em>Ausgew\u00e4hltes Bild: www.facebook.com\/VolnerJ\u00e1nos<\/em><\/p>\n","protected":false},"excerpt":{"rendered":"<p>J\u00e1nos Volner, ein ehemaliger stellvertretender Leiter von Konservative Jobbik, k\u00fcndigte am Dienstag an, die Partei zu verlassen, zusammen mit den Abgeordneten Erik F\u00fcl\u00f6p und Istv\u00e1n Ap\u00e1ti. Rede auf einer Pressekonferenz vor seiner Disziplinaranh\u00f6rung Volner sagte, dass \u201eeinige Anf\u00fchrer von Jobbik ihr Urteil bereits ausgesprochen haben. Das Verfahren ist ein Schauprozess, der mich am Ende aus [&hellip;]<\/p>\n","protected":false},"author":7,"featured_media":735497,"comment_status":"open","ping_status":"open","sticky":false,"template":"","format":"standard","meta":{"_acf_changed":false,"_display_image":"","footnotes":""},"categories":[1081],"tags":[1632],"class_list":["post-735496","post","type-post","status-publish","format-standard","has-post-thumbnail","hentry","category-politik","tag-jobbik"],"blocksy_meta":[],"acf":[],"author_username":"Szandi","telegram_post":"","public_post_metadata":{"breaking_news":"","important":"","csempe":"","center_tile":"","disable_thumbnail":"","target_lang":"","_featured_image_style":"","telegram_post":"","_xlat_group_id":""},"public_rank_math_data":{"title":"%title% %sep% %sitename%","description":"","focus_keyword":"","canonical_url":"","robots":"","primary_category":"1081","breadcrumb_title":"","facebook_title":"","facebook_description":"","facebook_image":"","facebook_image_id":"","twitter_title":"","twitter_description":"","twitter_image":"","twitter_image_id":"","twitter_card_type":"","twitter_use_facebook":"","advanced_robots":"","pillar_content":"","seo_score":"","contentai_score":"","rich_snippet":""},"_links":{"self":[{"href":"https:\/\/dailynewshungary.com\/de\/wp-json\/wp\/v2\/posts\/735496","targetHints":{"allow":["GET"]}}],"collection":[{"href":"https:\/\/dailynewshungary.com\/de\/wp-json\/wp\/v2\/posts"}],"about":[{"href":"https:\/\/dailynewshungary.com\/de\/wp-json\/wp\/v2\/types\/post"}],"author":[{"embeddable":true,"href":"https:\/\/dailynewshungary.com\/de\/wp-json\/wp\/v2\/users\/7"}],"replies":[{"embeddable":true,"href":"https:\/\/dailynewshungary.com\/de\/wp-json\/wp\/v2\/comments?post=735496"}],"version-history":[{"count":0,"href":"https:\/\/dailynewshungary.com\/de\/wp-json\/wp\/v2\/posts\/735496\/revisions"}],"wp:featuredmedia":[{"embeddable":true,"href":"https:\/\/dailynewshungary.com\/de\/wp-json\/wp\/v2\/media\/735497"}],"wp:attachment":[{"href":"https:\/\/dailynewshungary.com\/de\/wp-json\/wp\/v2\/media?parent=735496"}],"wp:term":[{"taxonomy":"category","embeddable":true,"href":"https:\/\/dailynewshungary.com\/de\/wp-json\/wp\/v2\/categories?post=735496"},{"taxonomy":"post_tag","embeddable":true,"href":"https:\/\/dailynewshungary.com\/de\/wp-json\/wp\/v2\/tags?post=735496"}],"curies":[{"name":"wp","href":"https:\/\/api.w.org\/{rel}","templated":true}]}}