{"id":735740,"date":"2018-10-06T15:30:43","date_gmt":"2018-10-06T13:30:43","guid":{"rendered":"https:\/\/dailynewshungary.com\/de\/ungarns-industrieproduktion-stieg-im-august-um-15-prozent\/"},"modified":"2018-10-06T15:30:43","modified_gmt":"2018-10-06T13:30:43","slug":"ungarns-industrieproduktion-stieg-im-august-um-15-prozent","status":"publish","type":"post","link":"https:\/\/dailynewshungary.com\/de\/ungarns-industrieproduktion-stieg-im-august-um-15-prozent\/","title":{"rendered":"Ungarns Industrieproduktion stieg im August um 1,5 Prozent"},"content":{"rendered":"<p><strong>Die Industrieproduktion in Ungarn sei im August um j\u00e4hrlich 1,5 Prozent gestiegen, teilte das Statistische Zentralamt (KSH) in der ersten Datenlesung am Freitag mit.<\/strong><\/p>\n<p>Bereinigt um die Anzahl der Arbeitstage kletterte die Produktion um 4,5 Prozent.<\/p>\n<p>Im Monatsvergleich stieg die Produktion saison &#8211; und arbeitst\u00e4glich bereinigt um 3,8 Prozent auf die h\u00f6chste monatliche Rate seit einem Jahr.<\/p>\n<blockquote>\n<p>Die Produktion in der Elektronikbranche wuchs dynamisch, im Automobilsektor ging sie jedoch \u00e4hnlich schnell zur\u00fcck wie im Juli.<\/p>\n<\/blockquote>\n<p>Im Zeitraum Januar bis August stieg die Produktion j\u00e4hrlich um 3,6 Prozent.<\/p>\n<p>In seinem Kommentar zu den Daten erkl\u00e4rte Gyula Pom\u00e1zi, stellvertretender Staatssekret\u00e4r des Ministeriums f\u00fcr Innovation und Technologie, dem \u00f6ffentlich-rechtlichen Fernsehen, dass die herausragende Produktion im August von der Automobilindustrie, der Lebensmittelindustrie, der Produktion medizinischer Ger\u00e4te und Zulieferern der Chemie &#8211; und Gummiindustrie vorangetrieben wurdePom\u00e1zi prognostizierte f\u00fcr den Rest des Jahres ein relativ stabiles Wachstum.<\/p>\n<p>P\u00e9ter Virov\u00e1cz, leitender Analyst der ING Bank, sagte, dass das Produktionswachstum im August die schwache Leistung der letzten zwei Monate kompensiert habe.<\/p>\n<blockquote>\n<p>Der Automobilsektor bremste die Gesamtleistung, die Leistung von Audi sei zur\u00fcckgegangen, da die Einf\u00fchrung der Herstellung von Elektromotoren die Auswirkungen fehlender Genehmigungen f\u00fcr den VW-Konzern nicht ausgleichen k\u00f6nne, sagte er.<\/p>\n<\/blockquote>\n<p>Gergely Supp\u00e1n von der Takar\u00e9kbank stimmte zu und f\u00fcgte hinzu, dass die Produktion in den kommenden Monaten allm\u00e4hlich anziehen k\u00f6nnte, wenn die betroffenen Modelle und Motoren die Genehmigungen erhalten. Eine schwache Basis und die Einf\u00fchrung der Produktion mit neuen Produktionskapazit\u00e4ten w\u00fcrden ebenfalls zur Produktion beitragen. Die Inlandsnachfrage werde gest\u00e4rkt und europ\u00e4ische und deutsche Indizes prognostizieren ein anhaltendes Wachstum, sagte er.<\/p>\n<p>Takarekbank-projekte <a href=\"https:\/\/dailynewshungary.com\/de\/der-grose-britische-zuguberfall-wie-eine-15-kopfige-bande-1963-26-millionen-pfund-stahl\/\" target=\"_blank\" rel=\"noopener\">Industrie<\/a> Produktionswachstum auf kalenderbereinigte 4,5 Prozent in diesem Jahr zu verlangsamen, von 5,3 Prozent im Jahr 2017.<\/p>\n<p>Das sagte Orsolya Nyeste, leitender Analyst bei der Erste Bank<\/p>\n<blockquote>\n<p>Das bereinigte zw\u00f6lfmonatige und monatliche Produktionswachstum war viel besser als erwartet.<\/p>\n<\/blockquote>\n<p>Sie sagte, dass der Automobilsektor aufgrund der \u00c4nderungen der Vorschriften in diesem Jahr weniger zum BIP-Wachstum beitragen k\u00f6nnte als bisher angenommen Marktdienstleistungen und das Baugewerbe w\u00fcrden jedoch mehr dazu beitragen <a href=\"https:\/\/dailynewshungary.com\/de\/der-grose-britische-zuguberfall-wie-eine-15-kopfige-bande-1963-26-millionen-pfund-stahl\/\" target=\"_blank\" rel=\"noopener\">Die Wirtschaft<\/a> 2018 noch mit einer Rate von 4,3 Prozent expandieren k\u00f6nnte, sagte sie.<\/p>\n","protected":false},"excerpt":{"rendered":"<p>Die Industrieproduktion in Ungarn sei im August um j\u00e4hrlich 1,5 Prozent gestiegen, teilte das Statistische Zentralamt (KSH) in der ersten Datenlesung am Freitag mit. Bereinigt um die Anzahl der Arbeitstage kletterte die Produktion um 4,5 Prozent. Im Monatsvergleich stieg die Produktion saison &#8211; und arbeitst\u00e4glich bereinigt um 3,8 Prozent auf die h\u00f6chste monatliche Rate seit [&hellip;]<\/p>\n","protected":false},"author":2,"featured_media":735741,"comment_status":"open","ping_status":"open","sticky":false,"template":"","format":"standard","meta":{"_acf_changed":false,"_display_image":"","footnotes":""},"categories":[1281],"tags":[1187,1489,1104],"class_list":["post-735740","post","type-post","status-publish","format-standard","has-post-thumbnail","hentry","category-geschaft","tag-auto","tag-industrie","tag-wirtschaft"],"blocksy_meta":[],"acf":[],"author_username":"alk","telegram_post":"","public_post_metadata":{"breaking_news":"","important":"","csempe":"","center_tile":"","disable_thumbnail":"","target_lang":"","_featured_image_style":"","telegram_post":"","_xlat_group_id":""},"public_rank_math_data":{"title":"%title% %sep% %sitename%","description":"","focus_keyword":"","canonical_url":"","robots":"","primary_category":"1281","breadcrumb_title":"","facebook_title":"","facebook_description":"","facebook_image":"","facebook_image_id":"","twitter_title":"","twitter_description":"","twitter_image":"","twitter_image_id":"","twitter_card_type":"","twitter_use_facebook":"","advanced_robots":"","pillar_content":"","seo_score":"","contentai_score":"","rich_snippet":""},"_links":{"self":[{"href":"https:\/\/dailynewshungary.com\/de\/wp-json\/wp\/v2\/posts\/735740","targetHints":{"allow":["GET"]}}],"collection":[{"href":"https:\/\/dailynewshungary.com\/de\/wp-json\/wp\/v2\/posts"}],"about":[{"href":"https:\/\/dailynewshungary.com\/de\/wp-json\/wp\/v2\/types\/post"}],"author":[{"embeddable":true,"href":"https:\/\/dailynewshungary.com\/de\/wp-json\/wp\/v2\/users\/2"}],"replies":[{"embeddable":true,"href":"https:\/\/dailynewshungary.com\/de\/wp-json\/wp\/v2\/comments?post=735740"}],"version-history":[{"count":0,"href":"https:\/\/dailynewshungary.com\/de\/wp-json\/wp\/v2\/posts\/735740\/revisions"}],"wp:featuredmedia":[{"embeddable":true,"href":"https:\/\/dailynewshungary.com\/de\/wp-json\/wp\/v2\/media\/735741"}],"wp:attachment":[{"href":"https:\/\/dailynewshungary.com\/de\/wp-json\/wp\/v2\/media?parent=735740"}],"wp:term":[{"taxonomy":"category","embeddable":true,"href":"https:\/\/dailynewshungary.com\/de\/wp-json\/wp\/v2\/categories?post=735740"},{"taxonomy":"post_tag","embeddable":true,"href":"https:\/\/dailynewshungary.com\/de\/wp-json\/wp\/v2\/tags?post=735740"}],"curies":[{"name":"wp","href":"https:\/\/api.w.org\/{rel}","templated":true}]}}