{"id":735826,"date":"2018-10-03T11:35:58","date_gmt":"2018-10-03T09:35:58","guid":{"rendered":"https:\/\/dailynewshungary.com\/de\/ungarischer-staatssekretar-fur-gesundheitswesen-tritt-zuruck\/"},"modified":"2018-10-03T11:35:58","modified_gmt":"2018-10-03T09:35:58","slug":"ungarischer-staatssekretar-fur-gesundheitswesen-tritt-zuruck","status":"publish","type":"post","link":"https:\/\/dailynewshungary.com\/de\/ungarischer-staatssekretar-fur-gesundheitswesen-tritt-zuruck\/","title":{"rendered":"Ungarischer Staatssekret\u00e4r f\u00fcr Gesundheitswesen tritt zur\u00fcck"},"content":{"rendered":"<p><strong>Anik\u00f3 Nagy tritt als Staatssekret\u00e4rin f\u00fcr Gesundheitswesen zur\u00fcck, sagte sie am Dienstag gegen\u00fcber MTI und best\u00e4tigte fr\u00fchere Presseberichte.<\/strong><\/p>\n<p>\u201cIch habe meinen R\u00fccktritt mit Wirkung zum 12. Oktober dem Premierminister und dem Pr\u00e4sidenten \u00fcbergeben\u201d, sagte Nagy.<\/p>\n<p>Nagy erl\u00e4uterte ihre Entscheidung zum R\u00fccktritt und sagte, sie beabsichtige, weiterhin als Kinder\u00e4rztin zu arbeiten und ihre Erfahrung zu nutzen, um die Regierung bei ihren Bem\u00fchungen zu unterst\u00fctzen<a href=\"https:\/\/dailynewshungary.com\/de\/staatssekretar-migration-ist-falsche-losung-fur-das-demografische-defizit-europas\/\" target=\"_blank\" rel=\"noopener\"> Demografischen Situation Ungarns zu verbessern.<\/a><\/p>\n<blockquote>\n<p><span style=\"color: #0000ff;\">Die Staatssekret\u00e4rin sagte, sie plane, als Generaldirektorin an das Nationale Kinderinstitut Heim P\u00e1l zur\u00fcckzukehren.<\/span><\/p>\n<\/blockquote>\n<p>Nagy sagte, sie sei stolz auf die Arbeit, die das Staatssekretariat in den letzten vier Monaten geleistet habe.<\/p>\n<blockquote>\n<p><span style=\"color: #0000ff;\">Sie sagte, sie sei zuversichtlich, dass die \u201cernsthafte Arbeit\u201d, die geleistet worden sei, dies tun werde <a href=\"https:\/\/dailynewshungary.com\/de\/untersuchungen-zufolge-sind-die-ungarn-am-meisten-auf-die-gesundheitsversorgung-bedacht\/\" target=\"_blank\" rel=\"noopener\">Ungarns Gesundheitsversorgung voranbringen.<\/a><\/span><\/p>\n<\/blockquote>\n<p>Sie sagte, sie glaube, dass Ungarn \u201eernsthafte Fortschritte\u201cbei der Verringerung der Belastung des Gesundheitssektors und der Verbesserung der \u00f6ffentlichen Gesundheit machen k\u00f6nnte, wenn es der Regierung gelingt, ihre f\u00fcnf nationalen \u00f6ffentlichen Gesundheitsprogramme umzusetzen.<\/p>\n<p><em>Ausgew\u00e4hlte Bild: MTI<\/em><\/p>\n","protected":false},"excerpt":{"rendered":"<p>Anik\u00f3 Nagy tritt als Staatssekret\u00e4rin f\u00fcr Gesundheitswesen zur\u00fcck, sagte sie am Dienstag gegen\u00fcber MTI und best\u00e4tigte fr\u00fchere Presseberichte. \u201cIch habe meinen R\u00fccktritt mit Wirkung zum 12. Oktober dem Premierminister und dem Pr\u00e4sidenten \u00fcbergeben\u201d, sagte Nagy. Nagy erl\u00e4uterte ihre Entscheidung zum R\u00fccktritt und sagte, sie beabsichtige, weiterhin als Kinder\u00e4rztin zu arbeiten und ihre Erfahrung zu nutzen, [&hellip;]<\/p>\n","protected":false},"author":7,"featured_media":735827,"comment_status":"open","ping_status":"open","sticky":false,"template":"","format":"standard","meta":{"_acf_changed":false,"_display_image":"","footnotes":""},"categories":[1081],"tags":[1107],"class_list":["post-735826","post","type-post","status-publish","format-standard","has-post-thumbnail","hentry","category-politik","tag-gesundheit"],"blocksy_meta":[],"acf":[],"author_username":"Szandi","telegram_post":"","public_post_metadata":{"breaking_news":"","important":"","csempe":"","center_tile":"","disable_thumbnail":"","target_lang":"","_featured_image_style":"","telegram_post":"","_xlat_group_id":""},"public_rank_math_data":{"title":"%title% %sep% %sitename%","description":"","focus_keyword":"","canonical_url":"","robots":"","primary_category":"1081","breadcrumb_title":"","facebook_title":"","facebook_description":"","facebook_image":"","facebook_image_id":"","twitter_title":"","twitter_description":"","twitter_image":"","twitter_image_id":"","twitter_card_type":"","twitter_use_facebook":"","advanced_robots":"","pillar_content":"","seo_score":"","contentai_score":"","rich_snippet":""},"_links":{"self":[{"href":"https:\/\/dailynewshungary.com\/de\/wp-json\/wp\/v2\/posts\/735826","targetHints":{"allow":["GET"]}}],"collection":[{"href":"https:\/\/dailynewshungary.com\/de\/wp-json\/wp\/v2\/posts"}],"about":[{"href":"https:\/\/dailynewshungary.com\/de\/wp-json\/wp\/v2\/types\/post"}],"author":[{"embeddable":true,"href":"https:\/\/dailynewshungary.com\/de\/wp-json\/wp\/v2\/users\/7"}],"replies":[{"embeddable":true,"href":"https:\/\/dailynewshungary.com\/de\/wp-json\/wp\/v2\/comments?post=735826"}],"version-history":[{"count":0,"href":"https:\/\/dailynewshungary.com\/de\/wp-json\/wp\/v2\/posts\/735826\/revisions"}],"wp:featuredmedia":[{"embeddable":true,"href":"https:\/\/dailynewshungary.com\/de\/wp-json\/wp\/v2\/media\/735827"}],"wp:attachment":[{"href":"https:\/\/dailynewshungary.com\/de\/wp-json\/wp\/v2\/media?parent=735826"}],"wp:term":[{"taxonomy":"category","embeddable":true,"href":"https:\/\/dailynewshungary.com\/de\/wp-json\/wp\/v2\/categories?post=735826"},{"taxonomy":"post_tag","embeddable":true,"href":"https:\/\/dailynewshungary.com\/de\/wp-json\/wp\/v2\/tags?post=735826"}],"curies":[{"name":"wp","href":"https:\/\/api.w.org\/{rel}","templated":true}]}}