{"id":735930,"date":"2018-09-28T17:00:31","date_gmt":"2018-09-28T15:00:31","guid":{"rendered":"https:\/\/dailynewshungary.com\/de\/die-ungarischen-industrieerzeugerpreise-stiegen-im-august-um-81-pc-yr-jahr\/"},"modified":"2018-09-28T17:00:31","modified_gmt":"2018-09-28T15:00:31","slug":"die-ungarischen-industrieerzeugerpreise-stiegen-im-august-um-81-pc-yr-jahr","status":"publish","type":"post","link":"https:\/\/dailynewshungary.com\/de\/die-ungarischen-industrieerzeugerpreise-stiegen-im-august-um-81-pc-yr-jahr\/","title":{"rendered":"Die ungarischen Industrieerzeugerpreise stiegen im August um 8,1 pc yr\/Jahr"},"content":{"rendered":"<p><strong>Die industriellen Erzeugerpreise stiegen im August gegen\u00fcber dem gleichen Monat des Vorjahres um 8,1 Prozent, nach oben gedr\u00fcckt durch steigende L\u00f6hne, h\u00f6here \u00d6lpreise und die Abschw\u00e4chung des Forint, teilte das Statistische Zentralamt (KSH) am Freitag mit.<\/strong><\/p>\n<p>Die Preise f\u00fcr Inlandsverk\u00e4ufe stiegen um 8,3 Prozent, w\u00e4hrend die Exportpreise um 8,0 Prozent stiegen.<\/p>\n<p>Im Monatsvergleich, die <a href=\"https:\/\/dailynewshungary.com\/de\/der-grose-britische-zuguberfall-wie-eine-15-kopfige-bande-1963-26-millionen-pfund-stahl\/\" target=\"_blank\" rel=\"noopener\">Industrie<\/a> Die Erzeugerpreise gingen um 0,1 Prozent zur\u00fcck, da die Inlandspreise um 0,7 Prozent stiegen und die Exportpreise um 0,5 Prozent sanken.<\/p>\n<p>Im Januar-August 2018 stiegen die industriellen Erzeugerpreise um j\u00e4hrlich 5,3 Prozent, da die Inlandspreise um 5,4 Prozent stiegen und die Exportpreise um 5,3 Prozent stiegen.<\/p>\n<p style=\"text-align: center;\">[button newwindow=\u201d yes\u201d] Lesen Sie mehr News \u00fcber UNGARISCHE WIRTSCHAFT [\/button]<\/p>\n","protected":false},"excerpt":{"rendered":"<p>Die industriellen Erzeugerpreise stiegen im August gegen\u00fcber dem gleichen Monat des Vorjahres um 8,1 Prozent, nach oben gedr\u00fcckt durch steigende L\u00f6hne, h\u00f6here \u00d6lpreise und die Abschw\u00e4chung des Forint, teilte das Statistische Zentralamt (KSH) am Freitag mit. Die Preise f\u00fcr Inlandsverk\u00e4ufe stiegen um 8,3 Prozent, w\u00e4hrend die Exportpreise um 8,0 Prozent stiegen. Im Monatsvergleich, die Industrie [&hellip;]<\/p>\n","protected":false},"author":2,"featured_media":735931,"comment_status":"open","ping_status":"open","sticky":false,"template":"","format":"standard","meta":{"_acf_changed":false,"_display_image":"","footnotes":""},"categories":[1281],"tags":[1489,1104],"class_list":["post-735930","post","type-post","status-publish","format-standard","has-post-thumbnail","hentry","category-geschaft","tag-industrie","tag-wirtschaft"],"blocksy_meta":[],"acf":[],"author_username":"alk","telegram_post":"","public_post_metadata":{"breaking_news":"","important":"","csempe":"","center_tile":"","disable_thumbnail":"","target_lang":"","_featured_image_style":"","telegram_post":"","_xlat_group_id":""},"public_rank_math_data":{"title":"%title% %sep% %sitename%","description":"","focus_keyword":"","canonical_url":"","robots":"","primary_category":"1281","breadcrumb_title":"","facebook_title":"","facebook_description":"","facebook_image":"","facebook_image_id":"","twitter_title":"","twitter_description":"","twitter_image":"","twitter_image_id":"","twitter_card_type":"","twitter_use_facebook":"","advanced_robots":"","pillar_content":"","seo_score":"","contentai_score":"","rich_snippet":""},"_links":{"self":[{"href":"https:\/\/dailynewshungary.com\/de\/wp-json\/wp\/v2\/posts\/735930","targetHints":{"allow":["GET"]}}],"collection":[{"href":"https:\/\/dailynewshungary.com\/de\/wp-json\/wp\/v2\/posts"}],"about":[{"href":"https:\/\/dailynewshungary.com\/de\/wp-json\/wp\/v2\/types\/post"}],"author":[{"embeddable":true,"href":"https:\/\/dailynewshungary.com\/de\/wp-json\/wp\/v2\/users\/2"}],"replies":[{"embeddable":true,"href":"https:\/\/dailynewshungary.com\/de\/wp-json\/wp\/v2\/comments?post=735930"}],"version-history":[{"count":0,"href":"https:\/\/dailynewshungary.com\/de\/wp-json\/wp\/v2\/posts\/735930\/revisions"}],"wp:featuredmedia":[{"embeddable":true,"href":"https:\/\/dailynewshungary.com\/de\/wp-json\/wp\/v2\/media\/735931"}],"wp:attachment":[{"href":"https:\/\/dailynewshungary.com\/de\/wp-json\/wp\/v2\/media?parent=735930"}],"wp:term":[{"taxonomy":"category","embeddable":true,"href":"https:\/\/dailynewshungary.com\/de\/wp-json\/wp\/v2\/categories?post=735930"},{"taxonomy":"post_tag","embeddable":true,"href":"https:\/\/dailynewshungary.com\/de\/wp-json\/wp\/v2\/tags?post=735930"}],"curies":[{"name":"wp","href":"https:\/\/api.w.org\/{rel}","templated":true}]}}