{"id":735936,"date":"2018-09-28T14:23:51","date_gmt":"2018-09-28T12:23:51","guid":{"rendered":"https:\/\/dailynewshungary.com\/de\/lmp-wendet-sich-wegen-des-budapester-e-fare-systems-an-die-behorden\/"},"modified":"2018-09-28T14:23:51","modified_gmt":"2018-09-28T12:23:51","slug":"lmp-wendet-sich-wegen-des-budapester-e-fare-systems-an-die-behorden","status":"publish","type":"post","link":"https:\/\/dailynewshungary.com\/de\/lmp-wendet-sich-wegen-des-budapester-e-fare-systems-an-die-behorden\/","title":{"rendered":"LMP wendet sich wegen des Budapester E-Fare-Systems an die Beh\u00f6rden"},"content":{"rendered":"<p><strong>Opposition <a href=\"https:\/\/dailynewshungary.com\/de\/der-grose-britische-zuguberfall-wie-eine-15-kopfige-bande-1963-26-millionen-pfund-stahl\/\" target=\"_blank\" rel=\"noopener\">LMP<\/a> Beh\u00f6rden wegen Verz\u00f6gerungen bei der Einf\u00fchrung eines einheitlichen elektronischen Tarifsystems im \u00f6ffentlichen Verkehrsnetz Budapests wenden werde, sagte ein kommunaler Gesetzgeber der Partei am Freitag.<\/strong><\/p>\n<blockquote>\n<p>Nach zehnj\u00e4hriger Planung h\u00e4tte das E-Ticket-System im Januar dieses Jahres eingef\u00fchrt werden sollen, aber das Projekt sei immer noch ins Stocken geraten und es fehle sogar an einem Zieltermin f\u00fcr die Einf\u00fchrung, sagte J\u00f3zsef G\u00e1l auf einer Pressekonferenz.<\/p>\n<\/blockquote>\n<p>Er \u00e4u\u00dferte sich auch besorgt \u00fcber die Ausgaben f\u00fcr das Projekt und wies darauf hin, dass die Budapester Gemeinde bereits 5,3 Milliarden Forint (16,2 Mio. EUR) aus den 17 Milliarden Forint bezogen habe <a href=\"https:\/\/dailynewshungary.com\/de\/der-grose-britische-zuguberfall-wie-eine-15-kopfige-bande-1963-26-millionen-pfund-stahl\/\" target=\"_blank\" rel=\"noopener\">EBWE<\/a> Darlehen aufgenommen hatte Bislang wurden nur 29 Busse und Oberleitungsbusse mit E-Ticket-Terminals ausgestattet, im Gegensatz zu den angestrebten 11.000.<\/p>\n<p>In der Zwischenzeit<\/p>\n<blockquote>\n<p>Mehrere Rechtsnormen seien ge\u00e4ndert worden, was eine Neugestaltung des gesamten E-Ticket-Systems rechtfertigen w\u00fcrde, sagte der Stadtrat.<\/p>\n<\/blockquote>\n<p>&nbsp;<\/p>\n","protected":false},"excerpt":{"rendered":"<p>Opposition LMP Beh\u00f6rden wegen Verz\u00f6gerungen bei der Einf\u00fchrung eines einheitlichen elektronischen Tarifsystems im \u00f6ffentlichen Verkehrsnetz Budapests wenden werde, sagte ein kommunaler Gesetzgeber der Partei am Freitag. Nach zehnj\u00e4hriger Planung h\u00e4tte das E-Ticket-System im Januar dieses Jahres eingef\u00fchrt werden sollen, aber das Projekt sei immer noch ins Stocken geraten und es fehle sogar an einem Zieltermin [&hellip;]<\/p>\n","protected":false},"author":2,"featured_media":735937,"comment_status":"open","ping_status":"open","sticky":false,"template":"","format":"standard","meta":{"_acf_changed":false,"_display_image":"","footnotes":""},"categories":[1081],"tags":[1111,1691,3644,1873,1297],"class_list":["post-735936","post","type-post","status-publish","format-standard","has-post-thumbnail","hentry","category-politik","tag-budapest","tag-budapest-council","tag-ebrd","tag-lmp","tag-transport"],"blocksy_meta":[],"acf":[],"author_username":"alk","telegram_post":"","public_post_metadata":{"breaking_news":"","important":"","csempe":"","center_tile":"","disable_thumbnail":"","target_lang":"","_featured_image_style":"","telegram_post":"","_xlat_group_id":""},"public_rank_math_data":{"title":"%title% %sep% %sitename%","description":"","focus_keyword":"","canonical_url":"","robots":"","primary_category":"1081","breadcrumb_title":"","facebook_title":"","facebook_description":"","facebook_image":"","facebook_image_id":"","twitter_title":"","twitter_description":"","twitter_image":"","twitter_image_id":"","twitter_card_type":"","twitter_use_facebook":"","advanced_robots":"","pillar_content":"","seo_score":"","contentai_score":"","rich_snippet":""},"_links":{"self":[{"href":"https:\/\/dailynewshungary.com\/de\/wp-json\/wp\/v2\/posts\/735936","targetHints":{"allow":["GET"]}}],"collection":[{"href":"https:\/\/dailynewshungary.com\/de\/wp-json\/wp\/v2\/posts"}],"about":[{"href":"https:\/\/dailynewshungary.com\/de\/wp-json\/wp\/v2\/types\/post"}],"author":[{"embeddable":true,"href":"https:\/\/dailynewshungary.com\/de\/wp-json\/wp\/v2\/users\/2"}],"replies":[{"embeddable":true,"href":"https:\/\/dailynewshungary.com\/de\/wp-json\/wp\/v2\/comments?post=735936"}],"version-history":[{"count":0,"href":"https:\/\/dailynewshungary.com\/de\/wp-json\/wp\/v2\/posts\/735936\/revisions"}],"wp:featuredmedia":[{"embeddable":true,"href":"https:\/\/dailynewshungary.com\/de\/wp-json\/wp\/v2\/media\/735937"}],"wp:attachment":[{"href":"https:\/\/dailynewshungary.com\/de\/wp-json\/wp\/v2\/media?parent=735936"}],"wp:term":[{"taxonomy":"category","embeddable":true,"href":"https:\/\/dailynewshungary.com\/de\/wp-json\/wp\/v2\/categories?post=735936"},{"taxonomy":"post_tag","embeddable":true,"href":"https:\/\/dailynewshungary.com\/de\/wp-json\/wp\/v2\/tags?post=735936"}],"curies":[{"name":"wp","href":"https:\/\/api.w.org\/{rel}","templated":true}]}}