{"id":735960,"date":"2018-09-27T17:16:34","date_gmt":"2018-09-27T15:16:34","guid":{"rendered":"https:\/\/dailynewshungary.com\/de\/gerichte-der-offentlichen-verwaltung-werden-am-1-januar-2020-eroffnet\/"},"modified":"2018-09-27T17:16:34","modified_gmt":"2018-09-27T15:16:34","slug":"gerichte-der-offentlichen-verwaltung-werden-am-1-januar-2020-eroffnet","status":"publish","type":"post","link":"https:\/\/dailynewshungary.com\/de\/gerichte-der-offentlichen-verwaltung-werden-am-1-januar-2020-eroffnet\/","title":{"rendered":"Gerichte der \u00f6ffentlichen Verwaltung werden am 1. Januar 2020 er\u00f6ffnet"},"content":{"rendered":"<p><strong>Ungarns neue Gerichte der \u00f6ffentlichen Verwaltung werden am 1. Januar 2020 ihre Arbeit aufnehmen, teilte der Amtsleiter des Ministerpr\u00e4sidenten am Donnerstag mit.<\/strong><\/p>\n<p>Die Regierung habe dem Konzept eines neuen, spezialisierten Systems von acht regionalen Gerichten der \u00f6ffentlichen Verwaltung und einem Obersten Gericht der \u00f6ffentlichen Verwaltung mit Sitz in Esztergom in Nordungarn zugestimmt, sagte Gergely Guly\u00e1s auf einer regelm\u00e4\u00dfigen Pressekonferenz.<\/p>\n<p>Bis Ende Oktober werde das Justizministerium Gesetzesentw\u00fcrfe zum neuen System vorlegen und das Parlament k\u00f6nne in seiner Herbstsitzung dar\u00fcber abstimmen, sagte er.<\/p>\n<p>Bei der Einf\u00fchrung des neuen Systems gehe es nach Guly\u00e1s um die \u201cWiederherstellung der historischen Tradition\u201d.<\/p>\n<blockquote>\n<p>Ungarn hatte bis 1949 strukturell unabh\u00e4ngige Gerichte der \u00f6ffentlichen Verwaltung unterhalten, bis \u201cdie Kommunisten\u201d sie abschafften.<\/p>\n<\/blockquote>\n<p>Er bestand darauf, dass das neue System eine schnellere und wirksamere Gerechtigkeit f\u00fcr Beschwerdef\u00fchrer gegen Entscheidungen der \u00f6ffentlichen Verwaltung gew\u00e4hrleisten w\u00fcrde.<\/p>\n<p>Neben der Einf\u00fchrung der Gerichte der \u00f6ffentlichen Verwaltung strebt die Regierung die Umsetzung einer Reform der \u00f6ffentlichen Verwaltung an, die darauf abzielt, bestimmte Verfahren zu vereinfachen und die Zust\u00e4ndigkeitsbereiche zu kl\u00e4ren, sagte Guly\u00e1s.<\/p>\n<p>Zu einem anderen Thema teilte Guly\u00e1s mit, dass die Regierung beschlossen habe, einen Reservefonds von 300 Millionen Forint (925.000 EUR) f\u00fcr Obdachlosendienste einzurichten, Er sagte, der Fonds werde f\u00fcr die Einrichtung von Einrichtungen \u201cf\u00fcr \u00f6ffentliche Sanit\u00e4raufgaben\u201d verwendet, die vor einem rauen Schl\u00e4fer \u201cin ein Nachtheim gebracht werden\u201d sollen, das bemerkte Guly\u00e1s<\/p>\n<blockquote>\n<p>Am 15. Oktober wird ein neues Gesetz in Kraft treten, das Obdachlosen den Zutritt zu \u00f6ffentlichen Bereichen verbietet und hinzuf\u00fcgt, dass es derzeit mehr Betten in Notunterk\u00fcnften gibt als <a href=\"https:\/\/dailynewshungary.com\/de\/der-grose-britische-zuguberfall-wie-eine-15-kopfige-bande-1963-26-millionen-pfund-stahl\/\" target=\"_blank\" rel=\"noopener\">Obdachlosen<\/a> In den Stra\u00dfen.<\/p>\n<\/blockquote>\n<p>Die Regierung wolle \u201cSituationen beseitigen, die der W\u00fcrde von Menschen ohne Wohnung schaden\u201d<\/p>\n<p>Bez\u00fcglich der an Ungarn f\u00fcr die Grenzkontrolle zu zahlenden Mittel der Europ\u00e4ischen Union sagte Guly\u00e1s, dass bisher keine Mittel bereitgestellt worden seien.<\/p>\n<p>Zu einem Vorschlag des nationalen Bauherrenverbandes, der darauf abzielte, die Mehrwertsteuer auf das Bauwesen auf dem aktuellen Niveau zu halten, sagte Guly\u00e1s, die Mehrwertsteuer sei vor drei Jahren vor\u00fcbergehend auf 5 Prozent gesenkt worden. Er sagte, dass die Ma\u00dfnahme die Erwartungen der Regierung an eine Ankurbelung des Bauwesens erf\u00fcllt habe und es keinen Sinn habe, sie aufrechtzuerhalten.<\/p>\n<p>Auf eine Frage zum Bau eines neuen Krankenhauses im S\u00fcden Budas antwortete Guly\u00e1s, dass der Bau der neuen Einrichtung Mitte n\u00e4chsten Jahres beginnen solle.<\/p>\n<p>In der Zwischenzeit sagte er auf eine andere Frage, dass Israel sich offiziell nicht an die Regierung bez\u00fcglich des Holocaust-Museumsprojekts \u201eHaus des Schicksals\u201cangewendet habe. Er f\u00fcgte hinzu, dass die Regierung plane, die Einrichtung zum 75. Jahrestag des Holocaust zu er\u00f6ffnen, \u201ees sei denn, das Projekt wird vereitelt\u201d. Er f\u00fcgte hinzu, dass \u201estarke Kr\u00e4fte mobilisiert wurden, um den Plan zu stoppen\u201d<\/p>\n","protected":false},"excerpt":{"rendered":"<p>Ungarns neue Gerichte der \u00f6ffentlichen Verwaltung werden am 1. Januar 2020 ihre Arbeit aufnehmen, teilte der Amtsleiter des Ministerpr\u00e4sidenten am Donnerstag mit. Die Regierung habe dem Konzept eines neuen, spezialisierten Systems von acht regionalen Gerichten der \u00f6ffentlichen Verwaltung und einem Obersten Gericht der \u00f6ffentlichen Verwaltung mit Sitz in Esztergom in Nordungarn zugestimmt, sagte Gergely Guly\u00e1s [&hellip;]<\/p>\n","protected":false},"author":2,"featured_media":735961,"comment_status":"open","ping_status":"open","sticky":false,"template":"","format":"standard","meta":{"_acf_changed":false,"_display_image":"","footnotes":""},"categories":[1081],"tags":[1326,2109,1134,1167,1104],"class_list":["post-735960","post","type-post","status-publish","format-standard","has-post-thumbnail","hentry","category-politik","tag-gericht","tag-obdachlose","tag-religion","tag-steuer","tag-wirtschaft"],"blocksy_meta":[],"acf":[],"author_username":"alk","telegram_post":"","public_post_metadata":{"breaking_news":"","important":"","csempe":"","center_tile":"","disable_thumbnail":"","target_lang":"","_featured_image_style":"","telegram_post":"","_xlat_group_id":""},"public_rank_math_data":{"title":"%title% %sep% %sitename%","description":"","focus_keyword":"","canonical_url":"","robots":"","primary_category":"1081","breadcrumb_title":"","facebook_title":"","facebook_description":"","facebook_image":"","facebook_image_id":"","twitter_title":"","twitter_description":"","twitter_image":"","twitter_image_id":"","twitter_card_type":"","twitter_use_facebook":"","advanced_robots":"","pillar_content":"","seo_score":"","contentai_score":"","rich_snippet":""},"_links":{"self":[{"href":"https:\/\/dailynewshungary.com\/de\/wp-json\/wp\/v2\/posts\/735960","targetHints":{"allow":["GET"]}}],"collection":[{"href":"https:\/\/dailynewshungary.com\/de\/wp-json\/wp\/v2\/posts"}],"about":[{"href":"https:\/\/dailynewshungary.com\/de\/wp-json\/wp\/v2\/types\/post"}],"author":[{"embeddable":true,"href":"https:\/\/dailynewshungary.com\/de\/wp-json\/wp\/v2\/users\/2"}],"replies":[{"embeddable":true,"href":"https:\/\/dailynewshungary.com\/de\/wp-json\/wp\/v2\/comments?post=735960"}],"version-history":[{"count":0,"href":"https:\/\/dailynewshungary.com\/de\/wp-json\/wp\/v2\/posts\/735960\/revisions"}],"wp:featuredmedia":[{"embeddable":true,"href":"https:\/\/dailynewshungary.com\/de\/wp-json\/wp\/v2\/media\/735961"}],"wp:attachment":[{"href":"https:\/\/dailynewshungary.com\/de\/wp-json\/wp\/v2\/media?parent=735960"}],"wp:term":[{"taxonomy":"category","embeddable":true,"href":"https:\/\/dailynewshungary.com\/de\/wp-json\/wp\/v2\/categories?post=735960"},{"taxonomy":"post_tag","embeddable":true,"href":"https:\/\/dailynewshungary.com\/de\/wp-json\/wp\/v2\/tags?post=735960"}],"curies":[{"name":"wp","href":"https:\/\/api.w.org\/{rel}","templated":true}]}}