{"id":736008,"date":"2018-09-25T21:30:31","date_gmt":"2018-09-25T19:30:31","guid":{"rendered":"https:\/\/dailynewshungary.com\/de\/mol-limo-erweitert-die-carsharing-flotte-um-modelle-der-mercedes-benz-a-klasse\/"},"modified":"2018-09-25T21:30:31","modified_gmt":"2018-09-25T19:30:31","slug":"mol-limo-erweitert-die-carsharing-flotte-um-modelle-der-mercedes-benz-a-klasse","status":"publish","type":"post","link":"https:\/\/dailynewshungary.com\/de\/mol-limo-erweitert-die-carsharing-flotte-um-modelle-der-mercedes-benz-a-klasse\/","title":{"rendered":"MOL Limo erweitert die Carsharing-Flotte um Modelle der Mercedes-Benz A-Klasse"},"content":{"rendered":"<p><strong>Der ungarische \u00d6l- und Gaskonzern MOL erweitert seine <a href=\"https:\/\/dailynewshungary.com\/de\/mol-startet-carsharing-dienst-limo\/\" target=\"_blank\" rel=\"noopener\">Carsharing MOL Limo Flotte<\/a> Mit 50 Mercedes-Benz A Class Kleinwagen der Executive-Klasse ab September, teilte der VP f\u00fcr Verbraucherdienstleistungen von MOL am Dienstag mit.<\/strong><\/p>\n<p>Die Autos werden zu den 100 elektrischen und 300 benzinbetriebenen Volkswagen Up-Modellen in der Flotte von MOL Limo sto\u00dfen, sagte P\u00e9ter Ratatics.<\/p>\n<blockquote>\n<p><span style=\"color: #0000ff;\">Die Geb\u00fchr f\u00fcr den Antrieb der Up-Modelle betr\u00e4gt 77 Forint (0,24 EUR) pro Minute, w\u00e4hrend die Geb\u00fchr f\u00fcr die A-Klasse 111 Forint pro Minute betr\u00e4gt.<\/span><\/p>\n<\/blockquote>\n<p>Aber Autofahrer, die einen Monatsplan haben <a href=\"https:\/\/dailynewshungary.com\/de\/mol-ist-heute-ein-hundefreundlicher-arbeitsplatz\/\" target=\"_blank\" rel=\"noopener\">MOL<\/a> Limo zahlt pro Minute eine Geb\u00fchr von 66 Forint f\u00fcr die Volkswagen und 99 Forint f\u00fcr den Mercedes.<\/p>\n<p>Mehr als 35.000 Autofahrer haben den Carsharing-Dienst seit seiner Einf\u00fchrung im Januar genutzt und sind \u00fcber 1,5 m km in der Hauptstadt gefahren.<\/p>\n<p><em>Ausgew\u00e4hltes Bild: www.facebook.com\/MOLLimo<\/em><\/p>\n","protected":false},"excerpt":{"rendered":"<p>Der ungarische \u00d6l- und Gaskonzern MOL erweitert seine Carsharing MOL Limo Flotte Mit 50 Mercedes-Benz A Class Kleinwagen der Executive-Klasse ab September, teilte der VP f\u00fcr Verbraucherdienstleistungen von MOL am Dienstag mit. Die Autos werden zu den 100 elektrischen und 300 benzinbetriebenen Volkswagen Up-Modellen in der Flotte von MOL Limo sto\u00dfen, sagte P\u00e9ter Ratatics. Die [&hellip;]<\/p>\n","protected":false},"author":7,"featured_media":0,"comment_status":"open","ping_status":"open","sticky":false,"template":"","format":"standard","meta":{"_acf_changed":false,"_display_image":"","footnotes":""},"categories":[1098],"tags":[1187,1206,3580,1297],"class_list":["post-736008","post","type-post","status-publish","format-standard","hentry","category-gesellschaft","tag-auto","tag-mol","tag-neu","tag-transport"],"blocksy_meta":[],"acf":[],"author_username":"Szandi","telegram_post":"","public_post_metadata":{"breaking_news":"","important":"","csempe":"","center_tile":"","disable_thumbnail":"","target_lang":"","_featured_image_style":"","telegram_post":"","_xlat_group_id":""},"public_rank_math_data":{"title":"%title% %sep% %sitename%","description":"","focus_keyword":"","canonical_url":"","robots":"","primary_category":"1098","breadcrumb_title":"","facebook_title":"","facebook_description":"","facebook_image":"","facebook_image_id":"","twitter_title":"","twitter_description":"","twitter_image":"","twitter_image_id":"","twitter_card_type":"","twitter_use_facebook":"","advanced_robots":"","pillar_content":"","seo_score":"","contentai_score":"","rich_snippet":""},"_links":{"self":[{"href":"https:\/\/dailynewshungary.com\/de\/wp-json\/wp\/v2\/posts\/736008","targetHints":{"allow":["GET"]}}],"collection":[{"href":"https:\/\/dailynewshungary.com\/de\/wp-json\/wp\/v2\/posts"}],"about":[{"href":"https:\/\/dailynewshungary.com\/de\/wp-json\/wp\/v2\/types\/post"}],"author":[{"embeddable":true,"href":"https:\/\/dailynewshungary.com\/de\/wp-json\/wp\/v2\/users\/7"}],"replies":[{"embeddable":true,"href":"https:\/\/dailynewshungary.com\/de\/wp-json\/wp\/v2\/comments?post=736008"}],"version-history":[{"count":0,"href":"https:\/\/dailynewshungary.com\/de\/wp-json\/wp\/v2\/posts\/736008\/revisions"}],"wp:attachment":[{"href":"https:\/\/dailynewshungary.com\/de\/wp-json\/wp\/v2\/media?parent=736008"}],"wp:term":[{"taxonomy":"category","embeddable":true,"href":"https:\/\/dailynewshungary.com\/de\/wp-json\/wp\/v2\/categories?post=736008"},{"taxonomy":"post_tag","embeddable":true,"href":"https:\/\/dailynewshungary.com\/de\/wp-json\/wp\/v2\/tags?post=736008"}],"curies":[{"name":"wp","href":"https:\/\/api.w.org\/{rel}","templated":true}]}}