{"id":736105,"date":"2018-09-21T23:07:15","date_gmt":"2018-09-21T21:07:15","guid":{"rendered":"https:\/\/dailynewshungary.com\/de\/jobbik-fordert-regierung-auf-maulkorbbefehl-zuruckzuziehen\/"},"modified":"2018-09-21T23:07:15","modified_gmt":"2018-09-21T21:07:15","slug":"jobbik-fordert-regierung-auf-maulkorbbefehl-zuruckzuziehen","status":"publish","type":"post","link":"https:\/\/dailynewshungary.com\/de\/jobbik-fordert-regierung-auf-maulkorbbefehl-zuruckzuziehen\/","title":{"rendered":"Jobbik fordert Regierung auf, \u2018Maulkorbbefehl\u2019 zur\u00fcckzuziehen"},"content":{"rendered":"<p><strong>Die konservative Opposition Jobbik forderte am Freitag die Regierung auf, eine gemeldete \u201cMaulkorbanordnung\u201d zur\u00fcckzuziehen, die es allen staatlichen Kultureinrichtungen verbietet, ohne vorherige Genehmigung des Ministeriums f\u00fcr Humanressourcen Pressekonferenzen abzuhalten oder Presseinterviews zu geben.<\/strong><\/p>\n<blockquote>\n<p>Der regierende Fidesz \u201cwill die letzten verbliebenen Kr\u00fcmel der Freiheit verschlingen,\u201d<\/p>\n<\/blockquote>\n<p><a href=\"https:\/\/dailynewshungary.com\/de\/der-grose-britische-zuguberfall-wie-eine-15-kopfige-bande-1963-26-millionen-pfund-stahl\/\" target=\"_blank\" rel=\"noopener\"> Jobbik<\/a> Der Abgeordnete Bal\u00e1zs Ander sagte auf einer Pressekonferenz im f\u00fcr kulturelle Angelegenheiten zust\u00e4ndigen Ministeriumsgeb\u00e4ude, wo er von Aktivisten begleitet wurde, deren Mund \u00fcberklebt war. Er zitierte Premierminister Viktor Orb\u00e1n, der vor zehn Tagen dem Europ\u00e4ischen Parlament sagte, dass die ungarische Regierung niemals zum Schweigen greifen werde seine Gegner.<\/p>\n<blockquote>\n<p>Die Regierungsmitglieder verhalten sich wie \u201cSklavenbesitzer\u201d und \u201cin manchen F\u00e4llen tragen sie mehr Wert auf ihre Handgelenke als das gesamte Verm\u00f6gen einer durchschnittlichen ungarischen Familie\u201d, sagte Ander.<\/p>\n<\/blockquote>\n<p><em>Foto: Bal\u00e1zs B\u00e9li\/Alfah\u00edr<\/em><\/p>\n","protected":false},"excerpt":{"rendered":"<p>Die konservative Opposition Jobbik forderte am Freitag die Regierung auf, eine gemeldete \u201cMaulkorbanordnung\u201d zur\u00fcckzuziehen, die es allen staatlichen Kultureinrichtungen verbietet, ohne vorherige Genehmigung des Ministeriums f\u00fcr Humanressourcen Pressekonferenzen abzuhalten oder Presseinterviews zu geben. Der regierende Fidesz \u201cwill die letzten verbliebenen Kr\u00fcmel der Freiheit verschlingen,\u201d Jobbik Der Abgeordnete Bal\u00e1zs Ander sagte auf einer Pressekonferenz im f\u00fcr [&hellip;]<\/p>\n","protected":false},"author":2,"featured_media":736106,"comment_status":"open","ping_status":"open","sticky":false,"template":"","format":"standard","meta":{"_acf_changed":false,"_display_image":"","footnotes":""},"categories":[1081],"tags":[1632,1267],"class_list":["post-736105","post","type-post","status-publish","format-standard","has-post-thumbnail","hentry","category-politik","tag-jobbik","tag-rechte"],"blocksy_meta":[],"acf":[],"author_username":"alk","telegram_post":"","public_post_metadata":{"breaking_news":"","important":"","csempe":"","center_tile":"","disable_thumbnail":"","target_lang":"","_featured_image_style":"","telegram_post":"","_xlat_group_id":""},"public_rank_math_data":{"title":"%title% %sep% %sitename%","description":"","focus_keyword":"","canonical_url":"","robots":"","primary_category":"1081","breadcrumb_title":"","facebook_title":"","facebook_description":"","facebook_image":"","facebook_image_id":"","twitter_title":"","twitter_description":"","twitter_image":"","twitter_image_id":"","twitter_card_type":"","twitter_use_facebook":"","advanced_robots":"","pillar_content":"","seo_score":"","contentai_score":"","rich_snippet":""},"_links":{"self":[{"href":"https:\/\/dailynewshungary.com\/de\/wp-json\/wp\/v2\/posts\/736105","targetHints":{"allow":["GET"]}}],"collection":[{"href":"https:\/\/dailynewshungary.com\/de\/wp-json\/wp\/v2\/posts"}],"about":[{"href":"https:\/\/dailynewshungary.com\/de\/wp-json\/wp\/v2\/types\/post"}],"author":[{"embeddable":true,"href":"https:\/\/dailynewshungary.com\/de\/wp-json\/wp\/v2\/users\/2"}],"replies":[{"embeddable":true,"href":"https:\/\/dailynewshungary.com\/de\/wp-json\/wp\/v2\/comments?post=736105"}],"version-history":[{"count":0,"href":"https:\/\/dailynewshungary.com\/de\/wp-json\/wp\/v2\/posts\/736105\/revisions"}],"wp:featuredmedia":[{"embeddable":true,"href":"https:\/\/dailynewshungary.com\/de\/wp-json\/wp\/v2\/media\/736106"}],"wp:attachment":[{"href":"https:\/\/dailynewshungary.com\/de\/wp-json\/wp\/v2\/media?parent=736105"}],"wp:term":[{"taxonomy":"category","embeddable":true,"href":"https:\/\/dailynewshungary.com\/de\/wp-json\/wp\/v2\/categories?post=736105"},{"taxonomy":"post_tag","embeddable":true,"href":"https:\/\/dailynewshungary.com\/de\/wp-json\/wp\/v2\/tags?post=736105"}],"curies":[{"name":"wp","href":"https:\/\/api.w.org\/{rel}","templated":true}]}}