{"id":736125,"date":"2018-09-21T10:04:19","date_gmt":"2018-09-21T08:04:19","guid":{"rendered":"https:\/\/dailynewshungary.com\/de\/die-historischen-raderbader-planen-ihre-wiedereroffnung-im-jahr-2019\/"},"modified":"2018-09-21T10:04:19","modified_gmt":"2018-09-21T08:04:19","slug":"die-historischen-raderbader-planen-ihre-wiedereroffnung-im-jahr-2019","status":"publish","type":"post","link":"https:\/\/dailynewshungary.com\/de\/die-historischen-raderbader-planen-ihre-wiedereroffnung-im-jahr-2019\/","title":{"rendered":"Die historischen R\u00e4derb\u00e4der planen ihre Wiederer\u00f6ffnung im Jahr 2019"},"content":{"rendered":"<p><strong>St\u00e4dtischer Kurleiter Budapest Gy\u00f3gyf\u00fcrd.is H\u00e9vizei plant, die R\u00e4derb\u00e4der im n\u00e4chsten Jahr wieder zu er\u00f6ffnen, hei\u00dft es in einem Vorschlag vor der Stadtversammlung.<\/strong><\/p>\n<p>Dem am Donnerstag auf dem Portal budapest.hu ver\u00f6ffentlichten Vorschlag zufolge w\u00fcrde die Wiederer\u00f6ffnung der l\u00e4ngst nicht mehr existierenden t\u00fcrkischen B\u00e4der und des angrenzenden Hotelkomplexes 2,5 Milliarden Forint (8 Mio. EUR) kosten.<\/p>\n<p>Die Budapester Versammlung beschloss im Februar, den Badekomplex zur\u00fcckzuerwerben.<\/p>\n<blockquote>\n<p>Der \u00e4lteste Teil der R\u00e4derb\u00e4der ist die 1572 erbaute t\u00fcrkische Kuppel. Der beeindruckendste Teil der B\u00e4der wurde von Mikl\u00f3s Ybl in zwei Phasen zwischen 1865 und 1870 erbaut und gebaut.<\/p>\n<\/blockquote>\n<p>Die vielen medizinischen Vorteile des Karstwassers von R\u00e1c sind 11 Becken des Komplexes und die bekannten Wassertemperaturen 14, 36 (C, 38 (C und 42 2C).<\/p>\n<p>Die Therme R\u00e1c, die sich in Buda befindet, ist ein 8000 Quadratmeter gro\u00dfes Bad, das Bad ist als UNESCO-Welterbe gelistet und wird Teil des Komplexes des R\u00e1c Hotel &amp; Thermal Spa sein Sein Name leitet sich vom alten ungarischen Namen der Serben (R\u00e1cok) ab, einer der ehemaligen zusammenlebenden Bev\u00f6lkerungsgruppen in Tab\u00e1n (1. Bezirk von Budapest).<\/p>\n<blockquote>\n<p>Die historischen B\u00e4der wurden 2010 mit dem Hotel renoviert und erweitert, mit rund 10 Milliarden Forint an staatlichen Mitteln und Krediten. Ein Eigentumsstreit verhinderte die Wiederer\u00f6ffnung in der Zwischenzeit.<\/p>\n<\/blockquote>\n<p><strong>Budapests andere t\u00fcrkische B\u00e4der:&nbsp;<\/strong><\/p>\n<p>THERMALBAD KIR\u00c1LY<br \/>\nTHERMEN RUDAS<\/p>\n","protected":false},"excerpt":{"rendered":"<p>St\u00e4dtischer Kurleiter Budapest Gy\u00f3gyf\u00fcrd.is H\u00e9vizei plant, die R\u00e4derb\u00e4der im n\u00e4chsten Jahr wieder zu er\u00f6ffnen, hei\u00dft es in einem Vorschlag vor der Stadtversammlung. Dem am Donnerstag auf dem Portal budapest.hu ver\u00f6ffentlichten Vorschlag zufolge w\u00fcrde die Wiederer\u00f6ffnung der l\u00e4ngst nicht mehr existierenden t\u00fcrkischen B\u00e4der und des angrenzenden Hotelkomplexes 2,5 Milliarden Forint (8 Mio. EUR) kosten. Die Budapester [&hellip;]<\/p>\n","protected":false},"author":2,"featured_media":736126,"comment_status":"open","ping_status":"open","sticky":false,"template":"","format":"standard","meta":{"_acf_changed":false,"_display_image":"","footnotes":""},"categories":[1281],"tags":[1111,1691,1079],"class_list":["post-736125","post","type-post","status-publish","format-standard","has-post-thumbnail","hentry","category-geschaft","tag-budapest","tag-budapest-council","tag-tourismus"],"blocksy_meta":[],"acf":[],"author_username":"alk","telegram_post":"","public_post_metadata":{"breaking_news":"","important":"","csempe":"","center_tile":"","disable_thumbnail":"","target_lang":"","_featured_image_style":"","telegram_post":"","_xlat_group_id":""},"public_rank_math_data":{"title":"%title% %sep% %sitename%","description":"","focus_keyword":"","canonical_url":"","robots":"","primary_category":"1281","breadcrumb_title":"","facebook_title":"","facebook_description":"","facebook_image":"","facebook_image_id":"","twitter_title":"","twitter_description":"","twitter_image":"","twitter_image_id":"","twitter_card_type":"","twitter_use_facebook":"","advanced_robots":"","pillar_content":"","seo_score":"","contentai_score":"","rich_snippet":""},"_links":{"self":[{"href":"https:\/\/dailynewshungary.com\/de\/wp-json\/wp\/v2\/posts\/736125","targetHints":{"allow":["GET"]}}],"collection":[{"href":"https:\/\/dailynewshungary.com\/de\/wp-json\/wp\/v2\/posts"}],"about":[{"href":"https:\/\/dailynewshungary.com\/de\/wp-json\/wp\/v2\/types\/post"}],"author":[{"embeddable":true,"href":"https:\/\/dailynewshungary.com\/de\/wp-json\/wp\/v2\/users\/2"}],"replies":[{"embeddable":true,"href":"https:\/\/dailynewshungary.com\/de\/wp-json\/wp\/v2\/comments?post=736125"}],"version-history":[{"count":0,"href":"https:\/\/dailynewshungary.com\/de\/wp-json\/wp\/v2\/posts\/736125\/revisions"}],"wp:featuredmedia":[{"embeddable":true,"href":"https:\/\/dailynewshungary.com\/de\/wp-json\/wp\/v2\/media\/736126"}],"wp:attachment":[{"href":"https:\/\/dailynewshungary.com\/de\/wp-json\/wp\/v2\/media?parent=736125"}],"wp:term":[{"taxonomy":"category","embeddable":true,"href":"https:\/\/dailynewshungary.com\/de\/wp-json\/wp\/v2\/categories?post=736125"},{"taxonomy":"post_tag","embeddable":true,"href":"https:\/\/dailynewshungary.com\/de\/wp-json\/wp\/v2\/tags?post=736125"}],"curies":[{"name":"wp","href":"https:\/\/api.w.org\/{rel}","templated":true}]}}