{"id":736200,"date":"2018-09-18T12:35:29","date_gmt":"2018-09-18T10:35:29","guid":{"rendered":"https:\/\/dailynewshungary.com\/de\/der-legendare-schwimmer-eric-the-aal-tritt-in-ungarn-an\/"},"modified":"2018-09-18T12:35:29","modified_gmt":"2018-09-18T10:35:29","slug":"der-legendare-schwimmer-eric-the-aal-tritt-in-ungarn-an","status":"publish","type":"post","link":"https:\/\/dailynewshungary.com\/de\/der-legendare-schwimmer-eric-the-aal-tritt-in-ungarn-an\/","title":{"rendered":"Der legend\u00e4re Schwimmer Eric the Aal tritt in Ungarn an"},"content":{"rendered":"<p><strong>Obwohl <a href=\"https:\/\/dailynewshungary.com\/de\/fina-schwimm-weltcup-2018-in-budapest-im-oktober\/\" target=\"_blank\" rel=\"noopener noreferrer\">Die 4. Station des FINA Schwimm-Weltcups<\/a> W\u00e4re an sich schon eine Starparade, die Organisatoren haben sich zwei Extra-Veranstaltungen ausgedacht, um das Publikum zu unterhalten Eric Moussambani, auch bekannt als Eric der Aal, der bei den Olympischen Spielen in Sydney weltber\u00fchmt wurde, kommt nach Ungarn, um an Wettk\u00e4mpfen teilzunehmen und auch sein Land zu vertreten.<\/strong><\/p>\n<p><a href=\"http:\/\/m.nemzetisport.hu\/uszas\/uszas-eric-az-angolna-kontra-liu-shaolin-berki-torghelle-2658503?utm_content=buffer2c594&amp;utm_medium=page&amp;utm_source=nsofb&amp;utm_campaign=nsofb\" target=\"_blank\" rel=\"noopener noreferrer\">Laut nemzetisport.hu<\/a> Eric der Aal war wahrscheinlich eine der gr\u00f6\u00dften \u00dcberraschungen in der Geschichte der Olympischen Spiele, als er den 100-Meter-Freistil in 1:52:72 absolvierte, was eher einer 200-Meter-Zeit entspricht.<\/p>\n<blockquote>\n<p><span style=\"color: #0000ff;\">Er wurde zum Symbol der olympischen Werte.<\/span><\/p>\n<\/blockquote>\n<p>Es stellte sich heraus, dass es das erste Mal war, dass er in einem 50-Meter-Pool schwamm, da er in seinem Heimatland nur in einem 13-Meter-Pool \u00fcben konnte. Dennoch wollte er in Sydney teilnehmen, was ihm durch die Einladungskarte gelang, die er seinem Land dank des Gesetzes der Universalit\u00e4t gew\u00e4hrt hatte.<\/p>\n<p>F\u00fcr die Ungarn steht die Veranstaltung im Zusammenhang mit der legend\u00e4ren Kommentatorin Jen, Kn\u00e9zy, die nicht \u00fcber das hinwegkam, was er sah:<\/p>\n<p><iframe loading=\"lazy\" title=\"Eric Moussambani az olimpi\u00e1n [Kn\u00e9zy Jen\u0151 tolm\u00e1csol\u00e1s\u00e1ban]\" width=\"1333\" height=\"1000\" src=\"https:\/\/www.youtube.com\/embed\/I-nlBOBwu8M?feature=oembed\" frameborder=\"0\" allow=\"accelerometer; autoplay; clipboard-write; encrypted-media; gyroscope; picture-in-picture; web-share\" referrerpolicy=\"strict-origin-when-cross-origin\" allowfullscreen=\"\"><\/iframe><\/p>\n<p>Eric der Aal mit englischem Kommentar:<\/p>\n<p><iframe loading=\"lazy\" title=\"ERIC THE EEL At The Sydney Oylimpics\" width=\"1333\" height=\"1000\" src=\"https:\/\/www.youtube.com\/embed\/GQbKCHsRIyk?feature=oembed\" frameborder=\"0\" allow=\"accelerometer; autoplay; clipboard-write; encrypted-media; gyroscope; picture-in-picture; web-share\" referrerpolicy=\"strict-origin-when-cross-origin\" allowfullscreen=\"\"><\/iframe><\/p>\n<p>Seitdem ist er Pr\u00e4sident des Schwimmverbandes \u00c4quatorialguineas und Goodwill-Botschafter des Sports. Neben Ruhm erhielt er auch viel Unterst\u00fctzung f\u00fcr sein Land, das mittlerweile \u00fcber zwei 50-Meter-Pools verf\u00fcgt.<\/p>\n<blockquote>\n<p><span style=\"color: #0000ff;\">Der Athlet wird bei der Weltmeisterschaft in zwei Wettbewerben antreten. Am 4. Oktober tritt er mit sieben erfolgreichen ungarischen Sportlern an, die nicht schwimmern, w\u00e4hrend seine Gegner am 6. begeisterte Zivilisten sein werden, die von ungarischen Vereinen trainiert werden.<\/span><\/p>\n<\/blockquote>\n<p>Die Aufstellung des \u201cStar-Rennens\u201d ist recht ikonisch: Der 40-j\u00e4hrige Moussambani wird mit Olympiasieger im Kurzstreckenlauf schwimmen <a href=\"https:\/\/dailynewshungary.com\/de\/aktuelle-nachrichten-erstes-ungarisches-gold-bei-den-olympischen-winterspielen-2018\/\" target=\"_blank\" rel=\"noopener noreferrer\">Shaolin S\u00e1ndor Liu<\/a>Olympiasieger und Weltmeister im Turnen <a href=\"https:\/\/dailynewshungary.com\/de\/exklusives-interview-mit-krisztian-berki-der-champion-des-pauschenpferdes-und-des-lebens\/\" target=\"_blank\" rel=\"noopener noreferrer\">Kriszti\u00e1n Berki<\/a>WM-Bronzemedaillengewinner Athlet <a href=\"https:\/\/dailynewshungary.com\/de\/der-ungar-balazs-baji-gewann-die-bronzemedaille-im-110-meter-hurdenlauf-und-bei-den-leichtathletik-weltmeisterschaften\/\" target=\"_blank\" rel=\"noopener noreferrer\">Bal\u00e1zs Baji<\/a>Silbermedaillengewinner der Weltmeisterschaft Crossfit-Athlet <a href=\"https:\/\/dailynewshungary.com\/de\/ungarischer-erfolg-bei-crossfit-games\/\" target=\"_blank\" rel=\"noopener noreferrer\">Laura Horv\u00e1th<\/a>\u201eOlympia-Bronzemedaillengewinner Degenfechter P\u00e9ter Somfai\u201cWeltmeisterschafts-Bronzemedaillengewinner Istv\u00e1n Verb und der \u201eam l\u00e4ngsten tragende\u201d ungarische St\u00fcrmer S\u00e1ndor Torghelle.<\/p>\n<p>Neben den besonderen Veranstaltungen sind die Schwimmer drei Tage lang die Stars. <a href=\"https:\/\/dailynewshungary.com\/de\/fina-schwimm-wm-2018-in-budapest-diese-ungarischen-schwimmer-werden-dabei-sein\/\" target=\"_blank\" rel=\"noopener noreferrer\">Die ungarische Mannschaft unter der F\u00fchrung von Katinka Hossz\u00fa<\/a> Schwimmikonen wie Sarah Sj\u00f6str\u00f6m und Chad le Clos antreten wird.<\/p>\n<p><em>Ausgew\u00e4hlte Bild: www.musz.hu<\/em><\/p>\n","protected":false},"excerpt":{"rendered":"<p>Obwohl Die 4. Station des FINA Schwimm-Weltcups W\u00e4re an sich schon eine Starparade, die Organisatoren haben sich zwei Extra-Veranstaltungen ausgedacht, um das Publikum zu unterhalten Eric Moussambani, auch bekannt als Eric der Aal, der bei den Olympischen Spielen in Sydney weltber\u00fchmt wurde, kommt nach Ungarn, um an Wettk\u00e4mpfen teilzunehmen und auch sein Land zu vertreten. [&hellip;]<\/p>\n","protected":false},"author":7,"featured_media":736201,"comment_status":"open","ping_status":"open","sticky":false,"template":"","format":"standard","meta":{"_acf_changed":false,"_display_image":"","footnotes":""},"categories":[1219],"tags":[1779,1469,1213,2154],"class_list":["post-736200","post","type-post","status-publish","format-standard","has-post-thumbnail","hentry","category-sport","tag-schwimmen","tag-veranstaltung","tag-wasser","tag-wettkampf"],"blocksy_meta":[],"acf":[],"author_username":"Szandi","telegram_post":"","public_post_metadata":{"breaking_news":"","important":"","csempe":"","center_tile":"","disable_thumbnail":"","target_lang":"","_featured_image_style":"","telegram_post":"","_xlat_group_id":""},"public_rank_math_data":{"title":"%title% %sep% %sitename%","description":"","focus_keyword":"","canonical_url":"","robots":"","primary_category":"1219","breadcrumb_title":"","facebook_title":"","facebook_description":"","facebook_image":"","facebook_image_id":"","twitter_title":"","twitter_description":"","twitter_image":"","twitter_image_id":"","twitter_card_type":"","twitter_use_facebook":"","advanced_robots":"","pillar_content":"","seo_score":"","contentai_score":"","rich_snippet":""},"_links":{"self":[{"href":"https:\/\/dailynewshungary.com\/de\/wp-json\/wp\/v2\/posts\/736200","targetHints":{"allow":["GET"]}}],"collection":[{"href":"https:\/\/dailynewshungary.com\/de\/wp-json\/wp\/v2\/posts"}],"about":[{"href":"https:\/\/dailynewshungary.com\/de\/wp-json\/wp\/v2\/types\/post"}],"author":[{"embeddable":true,"href":"https:\/\/dailynewshungary.com\/de\/wp-json\/wp\/v2\/users\/7"}],"replies":[{"embeddable":true,"href":"https:\/\/dailynewshungary.com\/de\/wp-json\/wp\/v2\/comments?post=736200"}],"version-history":[{"count":0,"href":"https:\/\/dailynewshungary.com\/de\/wp-json\/wp\/v2\/posts\/736200\/revisions"}],"wp:featuredmedia":[{"embeddable":true,"href":"https:\/\/dailynewshungary.com\/de\/wp-json\/wp\/v2\/media\/736201"}],"wp:attachment":[{"href":"https:\/\/dailynewshungary.com\/de\/wp-json\/wp\/v2\/media?parent=736200"}],"wp:term":[{"taxonomy":"category","embeddable":true,"href":"https:\/\/dailynewshungary.com\/de\/wp-json\/wp\/v2\/categories?post=736200"},{"taxonomy":"post_tag","embeddable":true,"href":"https:\/\/dailynewshungary.com\/de\/wp-json\/wp\/v2\/tags?post=736200"}],"curies":[{"name":"wp","href":"https:\/\/api.w.org\/{rel}","templated":true}]}}