{"id":736206,"date":"2018-09-18T09:35:12","date_gmt":"2018-09-18T07:35:12","guid":{"rendered":"https:\/\/dailynewshungary.com\/de\/orban-ungarn-wird-die-grenzkontrollrechte-nicht-aufgeben\/"},"modified":"2018-09-18T09:35:12","modified_gmt":"2018-09-18T07:35:12","slug":"orban-ungarn-wird-die-grenzkontrollrechte-nicht-aufgeben","status":"publish","type":"post","link":"https:\/\/dailynewshungary.com\/de\/orban-ungarn-wird-die-grenzkontrollrechte-nicht-aufgeben\/","title":{"rendered":"Orb\u00e1n: Ungarn wird die Grenzkontrollrechte nicht aufgeben"},"content":{"rendered":"<p><strong>Die ungarische Regierung werde ihr Recht auf Kontrolle der Landesgrenzen nicht aufgeben, sagte Ministerpr\u00e4sident Viktor Orb\u00e1n in seiner Ansprache zur Er\u00f6ffnung der Herbstsaison des Parlaments am Montag.<\/strong><\/p>\n<p>\u201cWir werden nicht zulassen, dass irgendjemand ein Jota unserer Grenzkontrollrechte wegnimmt\u201d, sagte Orb\u00e1n und f\u00fcgte hinzu <a href=\"https:\/\/dailynewshungary.com\/de\/orban-die-eu-will-ungarn-das-recht-entziehen-die-grenze-zu-kontrollieren\/\" target=\"_blank\" rel=\"noopener\">\u201cWir haben mehr Geschick in der Kontrolle der Grenze als jeder andere in Br\u00fcssel oder in irgendeiner internationalen Organisation\u201d.<\/a><\/p>\n<p>Der Ministerpr\u00e4sident sagte, er werde auf dem Gipfeltreffen der Europ\u00e4ischen Union in dieser Woche in Salzburg f\u00fcr die Grenzkontrollrechte Ungarns k\u00e4mpfen.<\/p>\n<blockquote>\n<p><span style=\"color: #0000ff;\">Er sagte, Ungarn habe bewiesen, dass es in der Lage sei, seine Grenzen zu sch\u00fctzen.<\/span><\/p>\n<\/blockquote>\n<p>Orb\u00e1n bestand darauf, dass Ungarns Grenzschutzbeamte \u201cnicht nur Profis, sondern Patrioten\u201d seien, die einen Eid zum Schutz des Landes geleistet h\u00e4tten und \u201cdas ist etwas, was man mit Geld nicht kaufen kann\u201d.<\/p>\n<p>Er f\u00fcgte hinzu, dass \u201cBr\u00fcssel nicht darauf abzielt, die Grenzen der Europ\u00e4ischen Union zu sch\u00fctzen, sondern einen Auffangdienst einzurichten, um die Einwanderung zu steuern, anstatt sie zu stoppen\u201d<\/p>\n<blockquote>\n<p><span style=\"color: #0000ff;\">\u201cSie wollen die Schl\u00fcssel zum Tor,\u201d bestand er darauf.<\/span><\/p>\n<\/blockquote>\n<p>\u201cUngarn ist weder ein Durchgang noch ein Fl\u00fcchtlingslager; wenn wir uns mit anderen Kulturen oder Zivilisationen vermischen wollten, w\u00fcrden wir zuerst Konsultationen abhalten\u201d, sagte Orb\u00e1n. Er f\u00fcgte hinzu, dass er \u201cdiese Idee nicht beim ungarischen Volk vertreten w\u00fcrde\u201d.<\/p>\n<p>Orb\u00e1n sagte, Einwanderung sei das Thema Nummer eins bei den Europawahlen im n\u00e4chsten Jahr. In dieser Hinsicht h\u00e4tten sich die europ\u00e4ischen Politiker in zwei Fraktionen gespalten: die Bef\u00fcrworter der Einwanderung und die Gegner, sagte er.<\/p>\n<blockquote>\n<p><span style=\"color: #0000ff;\">Ungarn werde angegriffen, weil es entschieden habe, dass es nicht \u201cein Einwanderungsland\u201d werden wolle, beharrte er.<\/span><\/p>\n<\/blockquote>\n<p>Er sagte im Zusammenhang mit den Wahlen, dass es \u201cgerade an der Zeit sei, dass die derzeitige europ\u00e4ische Elite geht\u201d, und argumentierte, dass sie es \u201cnicht geschafft habe, Gro\u00dfbritannien innerhalb der Europ\u00e4ischen Union und Migranten drau\u00dfen zu halten\u201d.<\/p>\n<p>Einwanderung und die \u201cMigranteninvasion\u201d seien keine parteiische Angelegenheit, sondern eine Priorit\u00e4t f\u00fcr die Nation, sagte Orb\u00e1nUngarn solidarisiert sich gegen\u00fcber allen einwanderungsfeindlichen Regierungen, unabh\u00e4ngig von ihrer parteipolitischen Zusammensetzungf\u00fcgte er hinzu.<\/p>\n<p>Der Premierminister sagte, er stimme dem EU-Vorschlag zu, den Schutz der Grenzen des Blocks zu st\u00e4rken, vorausgesetzt, dass L\u00e4nder, die nicht stark genug sind, um ihre Grenzen zu sch\u00fctzen, Hilfe erhalten.<\/p>\n<blockquote>\n<p><span style=\"color: #0000ff;\">\u201cAber es ist nicht richtig, dass sie uns das Recht nehmen wollen, unsere Grenzen zu sch\u00fctzen und den Grenzschutz Ungarns von Br\u00fcssel kontrollieren zu lassen\u201d, sagte er.<\/span><\/p>\n<\/blockquote>\n<p>Orb\u00e1n sagte auch, dass sich die \u00f6ffentliche Sicherheit in Europa seit Beginn der Migrationskrise verschlechtert habe. Insgesamt seien seit Beginn der Krise 347 Menschen bei Angriffen von Menschen mit Migrationshintergrund get\u00f6tet worden, sagte er.<\/p>\n<p><a href=\"https:\/\/dailynewshungary.com\/de\/europaisches-parlament-billigt-bericht-sargentini-uber-ungarn\/\" target=\"_blank\" rel=\"noopener\">Zum Thema des Sargentini-Berichts, der letzte Woche vom Europ\u00e4ischen Parlament angenommen wurde, ist<\/a> Orb\u00e1n sagte, das Dokument sei gegen Ungarn und nicht gegen die ungarische Regierung verfasst worden. \u201eEr sagte, sein Text enthalte unter anderem \u201eAbsurdit\u00e4ten\u201c\u00fcber Antisemitismus in Ungarn. \u201eDas Zentrum des modernen Antisemitismus liegt tats\u00e4chlich in Br\u00fcssel, von wo aus antiisraelische politische Operationen finanziert werden\u201d, sagte Orb\u00e1n.<\/p>\n<p>Die ungarische Regierung werde rechtliche Schritte wegen der Genehmigung des Berichts einleiten, sagte er und f\u00fcgte hinzu, dass er Gergely Guly\u00e1s, den Leiter des B\u00fcros des Premierministers, mit der Leitung der Berufung Ungarns beauftragt habe.<\/p>\n<blockquote>\n<p><span style=\"color: #0000ff;\">Was die Wirtschaftslage betrifft, sagte Orb\u00e1n, dass sich das ungarische Wirtschaftsmodell im Sommer erneut gut entwickelt habe.<\/span><\/p>\n<\/blockquote>\n<p>Orb\u00e1n sagte, die Arbeitslosenquote liege am Ende des ersten Halbjahres bei 3,6 Prozent, womit Ungarn nach den Deutschen und den Tschechen drittbester Spieler in Europa sei.<\/p>\n<p>Bis 2030 werde Ungarn zu den f\u00fcnf besten und lebenswertesten L\u00e4ndern der EU geh\u00f6ren, betonte er.<\/p>\n<p>Orb\u00e1n sagte \u201ces ist fast sicher\u201d, dass die Rentenpr\u00e4mien am Ende des Jahres wieder gezahlt werden, angesichts der Vereinbarung zwischen der Regierung und den Rentnern, die die Leistung der Wirtschaft an zus\u00e4tzliche Rentenzahlungen koppelt.<\/p>\n<p>Er nahm auch die j\u00fcngste Ank\u00fcndigung neuer Investitionen von BMW in Debrecen und von MOL-ThyssenKrupp-Investitionen in Tisza\u00fajv\u00e1ros zur Kenntnis.<\/p>\n<blockquote>\n<p><span style=\"color: #0000ff;\">Orb\u00e1n stellte fest, dass 1,5 Millionen Kinder ins neue Schuljahr gestartet sind und 1 Million kostenlos Schulb\u00fccher erhalten haben, was \u201cvielleicht\u201d einzigartig in Europa war.<\/span><\/p>\n<\/blockquote>\n<p>Orb\u00e1n stellte au\u00dferdem fest, dass 85.000 Studierende eine Hochschulausbildung absolvieren, ein Anstieg um 2.500 seit letztem Jahr, und 65.000 ein staatliches Stipendium erhalten, 5.000 mehr als vor einem Jahr.<\/p>\n<p>Er unterstrich, dass die Regierung eine familienorientierte Politik verfolgt habe, aber neue Initiativen, f\u00fcgte er hinzu, n\u00f6tig seienBald werde die Regierung eine \u201cNationale Konsultation\u201d einleiten, um Meinungen zu weiteren Schritten einzuholen, sagte er.<\/p>\n<p><em>Ausgew\u00e4hlte Bild: MTI<\/em><\/p>\n","protected":false},"excerpt":{"rendered":"<p>Die ungarische Regierung werde ihr Recht auf Kontrolle der Landesgrenzen nicht aufgeben, sagte Ministerpr\u00e4sident Viktor Orb\u00e1n in seiner Ansprache zur Er\u00f6ffnung der Herbstsaison des Parlaments am Montag. \u201cWir werden nicht zulassen, dass irgendjemand ein Jota unserer Grenzkontrollrechte wegnimmt\u201d, sagte Orb\u00e1n und f\u00fcgte hinzu \u201cWir haben mehr Geschick in der Kontrolle der Grenze als jeder andere [&hellip;]<\/p>\n","protected":false},"author":7,"featured_media":736207,"comment_status":"open","ping_status":"open","sticky":false,"template":"","format":"standard","meta":{"_acf_changed":false,"_display_image":"","footnotes":""},"categories":[1081],"tags":[1082,1326,1871,1445,1128],"class_list":["post-736206","post","type-post","status-publish","format-standard","has-post-thumbnail","hentry","category-politik","tag-europaische-union","tag-gericht","tag-migrantenquoten","tag-migration","tag-viktor-orban"],"blocksy_meta":[],"acf":[],"author_username":"Szandi","telegram_post":"","public_post_metadata":{"breaking_news":"","important":"","csempe":"","center_tile":"","disable_thumbnail":"","target_lang":"","_featured_image_style":"","telegram_post":"","_xlat_group_id":""},"public_rank_math_data":{"title":"%title% %sep% %sitename%","description":"","focus_keyword":"","canonical_url":"","robots":"","primary_category":"1081","breadcrumb_title":"","facebook_title":"","facebook_description":"","facebook_image":"","facebook_image_id":"","twitter_title":"","twitter_description":"","twitter_image":"","twitter_image_id":"","twitter_card_type":"","twitter_use_facebook":"","advanced_robots":"","pillar_content":"","seo_score":"","contentai_score":"","rich_snippet":""},"_links":{"self":[{"href":"https:\/\/dailynewshungary.com\/de\/wp-json\/wp\/v2\/posts\/736206","targetHints":{"allow":["GET"]}}],"collection":[{"href":"https:\/\/dailynewshungary.com\/de\/wp-json\/wp\/v2\/posts"}],"about":[{"href":"https:\/\/dailynewshungary.com\/de\/wp-json\/wp\/v2\/types\/post"}],"author":[{"embeddable":true,"href":"https:\/\/dailynewshungary.com\/de\/wp-json\/wp\/v2\/users\/7"}],"replies":[{"embeddable":true,"href":"https:\/\/dailynewshungary.com\/de\/wp-json\/wp\/v2\/comments?post=736206"}],"version-history":[{"count":0,"href":"https:\/\/dailynewshungary.com\/de\/wp-json\/wp\/v2\/posts\/736206\/revisions"}],"wp:featuredmedia":[{"embeddable":true,"href":"https:\/\/dailynewshungary.com\/de\/wp-json\/wp\/v2\/media\/736207"}],"wp:attachment":[{"href":"https:\/\/dailynewshungary.com\/de\/wp-json\/wp\/v2\/media?parent=736206"}],"wp:term":[{"taxonomy":"category","embeddable":true,"href":"https:\/\/dailynewshungary.com\/de\/wp-json\/wp\/v2\/categories?post=736206"},{"taxonomy":"post_tag","embeddable":true,"href":"https:\/\/dailynewshungary.com\/de\/wp-json\/wp\/v2\/tags?post=736206"}],"curies":[{"name":"wp","href":"https:\/\/api.w.org\/{rel}","templated":true}]}}