{"id":736389,"date":"2018-09-10T21:30:30","date_gmt":"2018-09-10T19:30:30","guid":{"rendered":"https:\/\/dailynewshungary.com\/de\/ungarn-unterstutzt-den-eu-beitritt-montenegros\/"},"modified":"2018-09-10T21:30:30","modified_gmt":"2018-09-10T19:30:30","slug":"ungarn-unterstutzt-den-eu-beitritt-montenegros","status":"publish","type":"post","link":"https:\/\/dailynewshungary.com\/de\/ungarn-unterstutzt-den-eu-beitritt-montenegros\/","title":{"rendered":"Ungarn unterst\u00fctzt den EU-Beitritt Montenegros"},"content":{"rendered":"<p><strong>Ungarn unterst\u00fctze den Beitrittsprozess Montenegros zur Europ\u00e4ischen Union aktiv, ebenso wie es seine Bem\u00fchungen um einen NATO-Beitritt unterst\u00fctze, sagte der ungarische Parlamentspr\u00e4sident nach Gespr\u00e4chen mit seinem montenegrinischen Amtskollegen am Montag in Podgorica.<\/strong><\/p>\n<p>Das sagte L\u00e1szl\u00f3 K\u00f6v\u00e9r auf einer gemeinsam mit Ivan Brajovic abgehaltenen Pressekonferenz <a href=\"https:\/\/dailynewshungary.com\/de\/ungarischer-ukw-ungarn-fordert-die-eu-auf-das-beitrittsverfahren-zwischen-serbien-und-montenegro-zu-beschleunigen\/\" target=\"_blank\" rel=\"noopener\">Der z\u00fcgige Beitritt Montenegros w\u00e4re auch eine \u201cgro\u00dfe Errungenschaft\u201d f\u00fcr die EU<\/a>\u201eAndere westliche Balkanl\u00e4nder k\u00f6nnten unterdessen die F\u00fchrung \u00fcbernehmen, f\u00fcgte er hinzu.<\/p>\n<p>K\u00f6v\u00e9r sagte, Verz\u00f6gerungen sollten nicht Montenegro angelastet werden, sondern den europ\u00e4ischen Institutionen und der EU-Erweiterungspolitik in die Schuhe geschoben werden.<\/p>\n<blockquote>\n<p><span style=\"color: #0000ff;\">Budapest, f\u00fcgte er hinzu, \u201chat gro\u00dfe Hoffnungen\u201d, dass \u00c4nderungen im Europ\u00e4ischen Parlament und in der Europ\u00e4ischen Kommission nach den bevorstehenden Wahlen zum EP den Integrationsprozess beschleunigen w\u00fcrden.<\/span><\/p>\n<\/blockquote>\n<p>K\u00f6v\u00e9r lobte Montenegro f\u00fcr die Beilegung innenpolitischer Streitigkeiten und die Entwicklung seiner Wirtschaft. <a href=\"https:\/\/dailynewshungary.com\/de\/viktor-orban-in-montenegro-migrationsroute-balkan-muss-geschlossen-bleiben\/\" target=\"_blank\" rel=\"noopener\">\u201cEs ist zu einem der stabilsten L\u00e4nder der Region geworden,\u201d<\/a> Er sagte.<\/p>\n<blockquote>\n<p><span style=\"color: #0000ff;\">Er begr\u00fc\u00dfte \u201cproblemfreie und freundschaftliche\u201d Beziehungen und nannte Montenegro \u201ceinen Ehrennachbarn\u201d.<\/span><\/p>\n<\/blockquote>\n<p>K\u00f6v\u00e9r stellte fest, dass Ungarn nun der zweitgr\u00f6\u00dfte EU-Investor in Montenegro sei, wobei das Volumen des bilateralen Handels in den vergangenen f\u00fcnf Monaten um 25 Prozent gestiegen sei.<\/p>\n<p>Der Redner lud seinen montenegrinischen Amtskollegen zu einem Besuch in Ungarn ein, K\u00f6v\u00e9r traf fr\u00fcher am Tag Ministerpr\u00e4sident Dusko Markovic, Pr\u00e4sident Milo Djukanovic, sowie den stellvertretenden Au\u00dfenminister Zoran Jankovic.<\/p>\n<p><em>Ausgew\u00e4hlte Bild: MTI<\/em><\/p>\n","protected":false},"excerpt":{"rendered":"<p>Ungarn unterst\u00fctze den Beitrittsprozess Montenegros zur Europ\u00e4ischen Union aktiv, ebenso wie es seine Bem\u00fchungen um einen NATO-Beitritt unterst\u00fctze, sagte der ungarische Parlamentspr\u00e4sident nach Gespr\u00e4chen mit seinem montenegrinischen Amtskollegen am Montag in Podgorica. Das sagte L\u00e1szl\u00f3 K\u00f6v\u00e9r auf einer gemeinsam mit Ivan Brajovic abgehaltenen Pressekonferenz Der z\u00fcgige Beitritt Montenegros w\u00e4re auch eine \u201cgro\u00dfe Errungenschaft\u201d f\u00fcr die [&hellip;]<\/p>\n","protected":false},"author":7,"featured_media":736390,"comment_status":"open","ping_status":"open","sticky":false,"template":"","format":"standard","meta":{"_acf_changed":false,"_display_image":"","footnotes":""},"categories":[1081],"tags":[1243,1082,1746,1445],"class_list":["post-736389","post","type-post","status-publish","format-standard","has-post-thumbnail","hentry","category-politik","tag-balkan","tag-europaische-union","tag-hausredner","tag-migration"],"blocksy_meta":[],"acf":[],"author_username":"Szandi","telegram_post":"","public_post_metadata":{"breaking_news":"","important":"","csempe":"","center_tile":"","disable_thumbnail":"","target_lang":"","_featured_image_style":"","telegram_post":"","_xlat_group_id":""},"public_rank_math_data":{"title":"%title% %sep% %sitename%","description":"","focus_keyword":"","canonical_url":"","robots":"","primary_category":"1081","breadcrumb_title":"","facebook_title":"","facebook_description":"","facebook_image":"","facebook_image_id":"","twitter_title":"","twitter_description":"","twitter_image":"","twitter_image_id":"","twitter_card_type":"","twitter_use_facebook":"","advanced_robots":"","pillar_content":"","seo_score":"","contentai_score":"","rich_snippet":""},"_links":{"self":[{"href":"https:\/\/dailynewshungary.com\/de\/wp-json\/wp\/v2\/posts\/736389","targetHints":{"allow":["GET"]}}],"collection":[{"href":"https:\/\/dailynewshungary.com\/de\/wp-json\/wp\/v2\/posts"}],"about":[{"href":"https:\/\/dailynewshungary.com\/de\/wp-json\/wp\/v2\/types\/post"}],"author":[{"embeddable":true,"href":"https:\/\/dailynewshungary.com\/de\/wp-json\/wp\/v2\/users\/7"}],"replies":[{"embeddable":true,"href":"https:\/\/dailynewshungary.com\/de\/wp-json\/wp\/v2\/comments?post=736389"}],"version-history":[{"count":0,"href":"https:\/\/dailynewshungary.com\/de\/wp-json\/wp\/v2\/posts\/736389\/revisions"}],"wp:featuredmedia":[{"embeddable":true,"href":"https:\/\/dailynewshungary.com\/de\/wp-json\/wp\/v2\/media\/736390"}],"wp:attachment":[{"href":"https:\/\/dailynewshungary.com\/de\/wp-json\/wp\/v2\/media?parent=736389"}],"wp:term":[{"taxonomy":"category","embeddable":true,"href":"https:\/\/dailynewshungary.com\/de\/wp-json\/wp\/v2\/categories?post=736389"},{"taxonomy":"post_tag","embeddable":true,"href":"https:\/\/dailynewshungary.com\/de\/wp-json\/wp\/v2\/tags?post=736389"}],"curies":[{"name":"wp","href":"https:\/\/api.w.org\/{rel}","templated":true}]}}