{"id":736526,"date":"2018-09-05T07:30:41","date_gmt":"2018-09-05T05:30:41","guid":{"rendered":"https:\/\/dailynewshungary.com\/de\/grune-oppositionspartei-lmp-wahlt-keresztes-fraktionsvorsitzenden\/"},"modified":"2018-09-05T07:30:41","modified_gmt":"2018-09-05T05:30:41","slug":"grune-oppositionspartei-lmp-wahlt-keresztes-fraktionsvorsitzenden","status":"publish","type":"post","link":"https:\/\/dailynewshungary.com\/de\/grune-oppositionspartei-lmp-wahlt-keresztes-fraktionsvorsitzenden\/","title":{"rendered":"Gr\u00fcne Oppositionspartei LMP w\u00e4hlt Keresztes-Fraktionsvorsitzenden"},"content":{"rendered":"<p><strong>Abgeordnete der gr\u00fcnen Opposition LMP w\u00e4hlten am Dienstag den Co-Vorsitzenden der Partei L\u00e1szl\u00f3 L\u00f3r\u00e1nt Keresztes zu ihrem Fraktionsvorsitzenden.<\/strong><\/p>\n<p>Keresztes ersetzt in der Funktion die fr\u00fchere Co-Vorsitzende Bernadett Sz\u00e9l, die letzten Monat ihre F\u00fchrungspositionen in der Partei niedergelegt hat.<\/p>\n<p>Auf einer Pressekonferenz sagte Keresztes, er habe an der Abstimmung am Dienstag nicht teilgenommen und die Abgeordneten der Partei h\u00e4tten einstimmig f\u00fcr ihn gestimmt.<\/p>\n<p>Besonders wichtig sei das, sagte der neue Fraktionsvorsitzende <a href=\"https:\/\/dailynewshungary.com\/de\/der-grose-britische-zuguberfall-wie-eine-15-kopfige-bande-1963-26-millionen-pfund-stahl\/\" target=\"_blank\" rel=\"noopener\">LMP<\/a> Volk und konkrete kommunale Themen im Parlament vertreten.<\/p>\n<p>Keresztes antwortete auf eine Frage<\/p>\n<blockquote>\n<p>Kooperation mit <a href=\"https:\/\/dailynewshungary.com\/de\/der-grose-britische-zuguberfall-wie-eine-15-kopfige-bande-1963-26-millionen-pfund-stahl\/\" target=\"_blank\" rel=\"noopener\">Konservative Jobbik-Partei<\/a> \u201cauf lokaler Ebene m\u00f6glich war, betreffend tats\u00e4chliche, lokale Programme\u201d und schlug vor, dass die F\u00fchrung seiner Partei nur einen \u201cRahmen\u201d f\u00fcr solche Aktivit\u00e4ten bieten sollte.<\/p>\n<\/blockquote>\n<figure id=\"attachment_209045\" aria-describedby=\"caption-attachment-209045\" style=\"width: 1024px\" class=\"wp-caption aligncenter\"><img loading=\"lazy\" decoding=\"async\" class=\"size-large wp-image-209045\" src=\"https:\/\/dailynewshungary.com\/wp-content\/uploads\/2018\/09\/D_KOS20180904011-1024x683.jpg\" alt=\"Gr\u00fcne LMP-Party\" width=\"1024\" height=\"683\" srcset=\"https:\/\/contentf5.dailynewshungary.com\/wp-content\/uploads\/2018\/09\/D_KOS20180904011-1024x683.jpg 1024w, https:\/\/contentf5.dailynewshungary.com\/wp-content\/uploads\/2018\/09\/D_KOS20180904011-300x200.jpg 300w, https:\/\/contentf5.dailynewshungary.com\/wp-content\/uploads\/2018\/09\/D_KOS20180904011-768x512.jpg 768w, https:\/\/contentf5.dailynewshungary.com\/wp-content\/uploads\/2018\/09\/D_KOS20180904011-220x147.jpg 220w, https:\/\/contentf5.dailynewshungary.com\/wp-content\/uploads\/2018\/09\/D_KOS20180904011-600x400.jpg 600w, https:\/\/contentf5.dailynewshungary.com\/wp-content\/uploads\/2018\/09\/D_KOS20180904011-200x133.jpg 200w, https:\/\/contentf5.dailynewshungary.com\/wp-content\/uploads\/2018\/09\/D_KOS20180904011-1080x720.jpg 1080w, https:\/\/contentf5.dailynewshungary.com\/wp-content\/uploads\/2018\/09\/D_KOS20180904011.jpg 2048w\" sizes=\"auto, (max-width: 1024px) 100vw, 1024px\"><figcaption id=\"caption-attachment-209045\" class=\"wp-caption-text\">Foto: MTI<\/figcaption><\/figure>\n<p>Zu einem anderen Thema sagte Keresztes, dass die Regierung keine konsequente Migrationspolitik habe und \u201cMigration als Instrument zur Machterhaltung nutze\u201d;<\/p>\n<blockquote>\n<p>Die Regierung sei \u201cnicht an den wirklichen Ursachen der (Migrations) Krise interessiert und unternehme nichts, um sie zu l\u00f6sen\u201d.<\/p>\n<\/blockquote>\n<p>Er nannte die globale Migration ein \u201csehr ernstes\u201d Problem und schlug eine Debatte vor, \u201cum herauszufinden, was im Hintergrund steht\u201d, bevor eine L\u00f6sung gefunden werden k\u00f6nne, er f\u00fcgte hinzu, dass die Migrationspolitik eine nationale Kompetenz bleiben sollte, w\u00e4hrend die Grenzen kontrolliert und die illegale Migration gestoppt werden m\u00fcsse.<\/p>\n<p>Zu einer anderen Frage sagte Keresztes das<\/p>\n<blockquote>\n<p>Die F\u00fchrung von LMP w\u00fcrde in der zweiten H\u00e4lfte dieser Woche eine Stellungnahme zum Sargentini-Bericht abgeben.<\/p>\n<\/blockquote>\n<p>Keresztes betonte die Notwendigkeit struktureller Ver\u00e4nderungen, um seine Partei \u201c\u00fcberschaubarer\u201d zu machen. Er argumentierte, dass die Befugnisse der Vorsitzenden und die des nationalen Vorstands \u201cklarer definiert werden sollten\u201d.<\/p>\n<p><em>Foto: MTI<\/em><\/p>\n","protected":false},"excerpt":{"rendered":"<p>Abgeordnete der gr\u00fcnen Opposition LMP w\u00e4hlten am Dienstag den Co-Vorsitzenden der Partei L\u00e1szl\u00f3 L\u00f3r\u00e1nt Keresztes zu ihrem Fraktionsvorsitzenden. Keresztes ersetzt in der Funktion die fr\u00fchere Co-Vorsitzende Bernadett Sz\u00e9l, die letzten Monat ihre F\u00fchrungspositionen in der Partei niedergelegt hat. Auf einer Pressekonferenz sagte Keresztes, er habe an der Abstimmung am Dienstag nicht teilgenommen und die Abgeordneten [&hellip;]<\/p>\n","protected":false},"author":2,"featured_media":736527,"comment_status":"open","ping_status":"open","sticky":false,"template":"","format":"standard","meta":{"_acf_changed":false,"_display_image":"","footnotes":""},"categories":[1081],"tags":[1632,1873,1445,1658],"class_list":["post-736526","post","type-post","status-publish","format-standard","has-post-thumbnail","hentry","category-politik","tag-jobbik","tag-lmp","tag-migration","tag-parlament"],"blocksy_meta":[],"acf":[],"author_username":"alk","telegram_post":"","public_post_metadata":{"breaking_news":"","important":"","csempe":"","center_tile":"","disable_thumbnail":"","target_lang":"","_featured_image_style":"","telegram_post":"","_xlat_group_id":""},"public_rank_math_data":{"title":"%title% %sep% %sitename%","description":"","focus_keyword":"","canonical_url":"","robots":"","primary_category":"1081","breadcrumb_title":"","facebook_title":"","facebook_description":"","facebook_image":"","facebook_image_id":"","twitter_title":"","twitter_description":"","twitter_image":"","twitter_image_id":"","twitter_card_type":"","twitter_use_facebook":"","advanced_robots":"","pillar_content":"","seo_score":"","contentai_score":"","rich_snippet":""},"_links":{"self":[{"href":"https:\/\/dailynewshungary.com\/de\/wp-json\/wp\/v2\/posts\/736526","targetHints":{"allow":["GET"]}}],"collection":[{"href":"https:\/\/dailynewshungary.com\/de\/wp-json\/wp\/v2\/posts"}],"about":[{"href":"https:\/\/dailynewshungary.com\/de\/wp-json\/wp\/v2\/types\/post"}],"author":[{"embeddable":true,"href":"https:\/\/dailynewshungary.com\/de\/wp-json\/wp\/v2\/users\/2"}],"replies":[{"embeddable":true,"href":"https:\/\/dailynewshungary.com\/de\/wp-json\/wp\/v2\/comments?post=736526"}],"version-history":[{"count":0,"href":"https:\/\/dailynewshungary.com\/de\/wp-json\/wp\/v2\/posts\/736526\/revisions"}],"wp:featuredmedia":[{"embeddable":true,"href":"https:\/\/dailynewshungary.com\/de\/wp-json\/wp\/v2\/media\/736527"}],"wp:attachment":[{"href":"https:\/\/dailynewshungary.com\/de\/wp-json\/wp\/v2\/media?parent=736526"}],"wp:term":[{"taxonomy":"category","embeddable":true,"href":"https:\/\/dailynewshungary.com\/de\/wp-json\/wp\/v2\/categories?post=736526"},{"taxonomy":"post_tag","embeddable":true,"href":"https:\/\/dailynewshungary.com\/de\/wp-json\/wp\/v2\/tags?post=736526"}],"curies":[{"name":"wp","href":"https:\/\/api.w.org\/{rel}","templated":true}]}}