{"id":736562,"date":"2018-09-03T20:34:47","date_gmt":"2018-09-03T18:34:47","guid":{"rendered":"https:\/\/dailynewshungary.com\/de\/ungarn-unterstutzt-die-kapitalerhohung-der-ibrd\/"},"modified":"2018-09-03T20:34:47","modified_gmt":"2018-09-03T18:34:47","slug":"ungarn-unterstutzt-die-kapitalerhohung-der-ibrd","status":"publish","type":"post","link":"https:\/\/dailynewshungary.com\/de\/ungarn-unterstutzt-die-kapitalerhohung-der-ibrd\/","title":{"rendered":"Ungarn unterst\u00fctzt die Kapitalerh\u00f6hung der IBRD"},"content":{"rendered":"<p><strong>Finanzminister Mih\u00e1ly Varga versicherte Franciscus Godts, Exekutivdirektor im Vorstand der Weltbankgruppe, in einem Treffen am die Unterst\u00fctzung Ungarns f\u00fcr eine Kapitalerh\u00f6hung f\u00fcr die Internationale Bank f\u00fcr Wiederaufbau und Entwicklung (IBRD) und die Internationale Finanz-Corporation (IFC) Montag.<\/strong><\/p>\n<p>Die Weltbankgruppe habe die Kapitalerh\u00f6hungen f\u00fcr die IBRD und die IFC im vergangenen Fr\u00fchjahr genehmigt, die Gespr\u00e4che \u00fcber die Erh\u00f6hungen seien in den Mitgliedsstaaten der Gruppe jedoch noch im Gange, teilte das Finanzministerium in einer Erkl\u00e4rung mit.<\/p>\n<blockquote>\n<p>Die Kapitalerh\u00f6hungen bed\u00fcrfen der Unterst\u00fctzung von 80 Prozent der Aktion\u00e4re des Konzerns.<\/p>\n<\/blockquote>\n<p>Die Zustimmung Ungarns zu den Kapitalerh\u00f6hungen, die \u00c4nderung der Satzung der IBRD und die Zeichnung von Anteilen bed\u00fcrfen der Zustimmung des Parlaments, hei\u00dft es in der Erkl\u00e4rung.<\/p>\n<blockquote>\n<p>Die f\u00fcr die Kapitalerh\u00f6hung ben\u00f6tigten Mittel seien im Haushalt 2019 vorgesehen, f\u00fcgten sie hinzu.<\/p>\n<\/blockquote>\n<p>Varga und Godts diskutierten auch \u00fcber die neue institutionelle Strategie der IFC Der Minister stellte fest, dass die Tschechische Republik, die Slowakei und Ungarn die IFC gebeten haben, einen Experten nach Mitteleuropa zu entsenden, der sich in der Region gut auskennt und bei der Gesch\u00e4ftsentwicklung in helfen kann <a href=\"https:\/\/dailynewshungary.com\/de\/der-grose-britische-zuguberfall-wie-eine-15-kopfige-bande-1963-26-millionen-pfund-stahl\/\" target=\"_blank\" rel=\"noopener\">der Visegrad Gruppe<\/a> L\u00e4ndern.<\/p>\n<p style=\"text-align: center;\">[button link=\u201dhttps:\/\/dailynewshungary.com\/tag\/economy\/\u201d type=\u201dbig\u201d color=\u201d lila\u201d newwindow=\u201dja\u201d] weiterlesen News \u00fcber UNGARISCHE WIRTSCHAFT [\/button]<\/p>\n","protected":false},"excerpt":{"rendered":"<p>Finanzminister Mih\u00e1ly Varga versicherte Franciscus Godts, Exekutivdirektor im Vorstand der Weltbankgruppe, in einem Treffen am die Unterst\u00fctzung Ungarns f\u00fcr eine Kapitalerh\u00f6hung f\u00fcr die Internationale Bank f\u00fcr Wiederaufbau und Entwicklung (IBRD) und die Internationale Finanz-Corporation (IFC) Montag. Die Weltbankgruppe habe die Kapitalerh\u00f6hungen f\u00fcr die IBRD und die IFC im vergangenen Fr\u00fchjahr genehmigt, die Gespr\u00e4che \u00fcber die [&hellip;]<\/p>\n","protected":false},"author":2,"featured_media":736563,"comment_status":"open","ping_status":"open","sticky":false,"template":"","format":"standard","meta":{"_acf_changed":false,"_display_image":"","footnotes":""},"categories":[1281],"tags":[1923,1104],"class_list":["post-736562","post","type-post","status-publish","format-standard","has-post-thumbnail","hentry","category-geschaft","tag-visegrad-vier","tag-wirtschaft"],"blocksy_meta":[],"acf":[],"author_username":"alk","telegram_post":"","public_post_metadata":{"breaking_news":"","important":"","csempe":"","center_tile":"","disable_thumbnail":"","target_lang":"","_featured_image_style":"","telegram_post":"","_xlat_group_id":""},"public_rank_math_data":{"title":"%title% %sep% %sitename%","description":"","focus_keyword":"","canonical_url":"","robots":"","primary_category":"1281","breadcrumb_title":"","facebook_title":"","facebook_description":"","facebook_image":"","facebook_image_id":"","twitter_title":"","twitter_description":"","twitter_image":"","twitter_image_id":"","twitter_card_type":"","twitter_use_facebook":"","advanced_robots":"","pillar_content":"","seo_score":"","contentai_score":"","rich_snippet":""},"_links":{"self":[{"href":"https:\/\/dailynewshungary.com\/de\/wp-json\/wp\/v2\/posts\/736562","targetHints":{"allow":["GET"]}}],"collection":[{"href":"https:\/\/dailynewshungary.com\/de\/wp-json\/wp\/v2\/posts"}],"about":[{"href":"https:\/\/dailynewshungary.com\/de\/wp-json\/wp\/v2\/types\/post"}],"author":[{"embeddable":true,"href":"https:\/\/dailynewshungary.com\/de\/wp-json\/wp\/v2\/users\/2"}],"replies":[{"embeddable":true,"href":"https:\/\/dailynewshungary.com\/de\/wp-json\/wp\/v2\/comments?post=736562"}],"version-history":[{"count":0,"href":"https:\/\/dailynewshungary.com\/de\/wp-json\/wp\/v2\/posts\/736562\/revisions"}],"wp:featuredmedia":[{"embeddable":true,"href":"https:\/\/dailynewshungary.com\/de\/wp-json\/wp\/v2\/media\/736563"}],"wp:attachment":[{"href":"https:\/\/dailynewshungary.com\/de\/wp-json\/wp\/v2\/media?parent=736562"}],"wp:term":[{"taxonomy":"category","embeddable":true,"href":"https:\/\/dailynewshungary.com\/de\/wp-json\/wp\/v2\/categories?post=736562"},{"taxonomy":"post_tag","embeddable":true,"href":"https:\/\/dailynewshungary.com\/de\/wp-json\/wp\/v2\/tags?post=736562"}],"curies":[{"name":"wp","href":"https:\/\/api.w.org\/{rel}","templated":true}]}}