{"id":736654,"date":"2018-08-31T10:30:32","date_gmt":"2018-08-31T08:30:32","guid":{"rendered":"https:\/\/dailynewshungary.com\/de\/ungarn-ppi-stieg-im-juli-um-84-pc-yr-jahr\/"},"modified":"2018-08-31T10:30:32","modified_gmt":"2018-08-31T08:30:32","slug":"ungarn-ppi-stieg-im-juli-um-84-pc-yr-jahr","status":"publish","type":"post","link":"https:\/\/dailynewshungary.com\/de\/ungarn-ppi-stieg-im-juli-um-84-pc-yr-jahr\/","title":{"rendered":"Ungarn PPI stieg im Juli um 8,4 pc yr\/Jahr"},"content":{"rendered":"<p><strong>Die industriellen Erzeugerpreise seien im Juli gegen\u00fcber dem Vorjahresmonat um 8,4 Prozent gestiegen, teilte das Statistische Zentralamt (KSH) am Freitag mit.<\/strong><\/p>\n<p>Die Preise f\u00fcr Inlandsverk\u00e4ufe stiegen um 8,5 Prozent, w\u00e4hrend die Exportpreise um 8,4 Prozent stiegen.<\/p>\n<blockquote>\n<p>Im Monatsvergleich stiegen die industriellen Erzeugerpreise um 0,2 Prozent, w\u00e4hrend die Inlandspreise um 0,1 Prozent und die Exportpreise um 0,2 Prozent stiegen.<\/p>\n<\/blockquote>\n<p>Im Jahresvergleich stiegen die Preise f\u00fcr Werksabschl\u00fcsse im verarbeitenden Gewerbe im Juli um 8,1 Prozent, die Preise f\u00fcr Transportausr\u00fcstung stiegen um 10 Prozent, die Preise f\u00fcr Computer, elektronische und optische Produkte um 4,1 Prozent Die Preise f\u00fcr Lebensmittel, Getr\u00e4nke und Tabak stiegen um 2,5 Prozent.<\/p>\n<blockquote>\n<p>Die Preise im Segment Gas, Strom &#8211; und Dampfversorgung stiegen um 9,8 Prozent.<\/p>\n<\/blockquote>\n<p>Im Monatsvergleich stiegen die Erzeugerpreise im verarbeitenden Gewerbe um 0,4 Prozent, die Preise f\u00fcr Transportmittel stiegen um 0,6 Prozent, die Preise f\u00fcr Computer, Elektronik &#8211; und optische Produkte um 0,5 Prozent Die Preise im Segment Nahrungsmittel, Getr\u00e4nke und Tabak stiegen um 0,3 ProzentDie Preise f\u00fcr Gas, Strom &#8211; und Dampfversorgung sanken um 0,8 Prozent.<\/p>\n<p style=\"text-align: center;\">[button link=\u201dhttps:\/\/dailynewshungary.com\/tag\/economy\/\u201d type=\u201dbig\u201d color=\u201dteal\u201d newwindow=\u201dyes\u201d] Lesen Sie mehr News \u00fcber UNGARISCHE WIRTSCHAFT [\/button]<\/p>\n<p>Im Januar-Juli 2018 stiegen die industriellen Erzeugerpreise im Jahresvergleich um 4,9 Prozent, da die Inlandspreise um 5 Prozent stiegen und die Exportpreise um 4,9 Prozent stiegen.<\/p>\n<p>Wie wir vor Monaten schrieben, soll der deutsche Autobauer BMW in der ostungarischen Stadt Debrecen ein \u00fcber 1 Milliarde Euro teures Werk f\u00fcr die Produktion von konventionellen und Elektroautos errichten, die <a href=\"https:\/\/dailynewshungary.com\/de\/bmw-baut-fabrik-in-debrecen\/\" target=\"_blank\" rel=\"noopener\">Lesen Sie hier mehr<\/a>.<\/p>\n","protected":false},"excerpt":{"rendered":"<p>Die industriellen Erzeugerpreise seien im Juli gegen\u00fcber dem Vorjahresmonat um 8,4 Prozent gestiegen, teilte das Statistische Zentralamt (KSH) am Freitag mit. Die Preise f\u00fcr Inlandsverk\u00e4ufe stiegen um 8,5 Prozent, w\u00e4hrend die Exportpreise um 8,4 Prozent stiegen. Im Monatsvergleich stiegen die industriellen Erzeugerpreise um 0,2 Prozent, w\u00e4hrend die Inlandspreise um 0,1 Prozent und die Exportpreise um [&hellip;]<\/p>\n","protected":false},"author":2,"featured_media":736655,"comment_status":"open","ping_status":"open","sticky":false,"template":"","format":"standard","meta":{"_acf_changed":false,"_display_image":"","footnotes":""},"categories":[1281],"tags":[1489,1104],"class_list":["post-736654","post","type-post","status-publish","format-standard","has-post-thumbnail","hentry","category-geschaft","tag-industrie","tag-wirtschaft"],"blocksy_meta":[],"acf":[],"author_username":"alk","telegram_post":"","public_post_metadata":{"breaking_news":"","important":"","csempe":"","center_tile":"","disable_thumbnail":"","target_lang":"","_featured_image_style":"","telegram_post":"","_xlat_group_id":""},"public_rank_math_data":{"title":"%title% %sep% %sitename%","description":"","focus_keyword":"","canonical_url":"","robots":"","primary_category":"1281","breadcrumb_title":"","facebook_title":"","facebook_description":"","facebook_image":"","facebook_image_id":"","twitter_title":"","twitter_description":"","twitter_image":"","twitter_image_id":"","twitter_card_type":"","twitter_use_facebook":"","advanced_robots":"","pillar_content":"","seo_score":"","contentai_score":"","rich_snippet":""},"_links":{"self":[{"href":"https:\/\/dailynewshungary.com\/de\/wp-json\/wp\/v2\/posts\/736654","targetHints":{"allow":["GET"]}}],"collection":[{"href":"https:\/\/dailynewshungary.com\/de\/wp-json\/wp\/v2\/posts"}],"about":[{"href":"https:\/\/dailynewshungary.com\/de\/wp-json\/wp\/v2\/types\/post"}],"author":[{"embeddable":true,"href":"https:\/\/dailynewshungary.com\/de\/wp-json\/wp\/v2\/users\/2"}],"replies":[{"embeddable":true,"href":"https:\/\/dailynewshungary.com\/de\/wp-json\/wp\/v2\/comments?post=736654"}],"version-history":[{"count":0,"href":"https:\/\/dailynewshungary.com\/de\/wp-json\/wp\/v2\/posts\/736654\/revisions"}],"wp:featuredmedia":[{"embeddable":true,"href":"https:\/\/dailynewshungary.com\/de\/wp-json\/wp\/v2\/media\/736655"}],"wp:attachment":[{"href":"https:\/\/dailynewshungary.com\/de\/wp-json\/wp\/v2\/media?parent=736654"}],"wp:term":[{"taxonomy":"category","embeddable":true,"href":"https:\/\/dailynewshungary.com\/de\/wp-json\/wp\/v2\/categories?post=736654"},{"taxonomy":"post_tag","embeddable":true,"href":"https:\/\/dailynewshungary.com\/de\/wp-json\/wp\/v2\/tags?post=736654"}],"curies":[{"name":"wp","href":"https:\/\/api.w.org\/{rel}","templated":true}]}}