{"id":736710,"date":"2018-08-29T11:45:05","date_gmt":"2018-08-29T09:45:05","guid":{"rendered":"https:\/\/dailynewshungary.com\/de\/aliance-for-freedom-jobbik-hielt-ein-treffen-mit-ungarischen-intellektuellen-ab\/"},"modified":"2018-08-29T11:45:05","modified_gmt":"2018-08-29T09:45:05","slug":"aliance-for-freedom-jobbik-hielt-ein-treffen-mit-ungarischen-intellektuellen-ab","status":"publish","type":"post","link":"https:\/\/dailynewshungary.com\/de\/aliance-for-freedom-jobbik-hielt-ein-treffen-mit-ungarischen-intellektuellen-ab\/","title":{"rendered":"Aliance for freedom \u2013 Jobbik hielt ein Treffen mit ungarischen Intellektuellen ab"},"content":{"rendered":"<p><strong>Jobbik hatte am vergangenen Wochenende in Budapest ein Treffen mit ungarischen Intellektuellen abgehalten Jobbiks Pr\u00e4sident Tam\u00e1s Sneider sprach \u00fcber die zunehmende Knechtschaft, die Ungarns Gesellschaft erlebt, und identifizierte Jobbiks Mission: ein B\u00fcndnis f\u00fcr Freiheit und die Beseitigung der Knechtschaft zu schlie\u00dfen Exekutiv-Vizepr\u00e4sident M\u00e1rton Gy\u00f6ngy\u00f6si legte eine Analyse des Status der EU im Zusammenhang mit den verschiedenen f\u00f6deralistischen und nationalstaatlichen Utopien vor und forderte ein B\u00fcndnis gegen das Orb\u00e1n-Regime.<\/strong><\/p>\n<p>Diesmal in Budapest abgehalten, wurde Jobbiks traditionelles Treffen f\u00fcr Intellektuelle von Koloman Brenner er\u00f6ffnet, der selbst aus dem intellektuellen Kreis der Partei kam und im April dieses Jahres Jobbik-Abgeordneter wurdeDie \u201cVerantwortung der Intellektuellen\u201d liege darin, bereit zu sein, Ungarn ins 21. Jahrhundert zu tragen, wenn das Orb\u00e1n-Regime schlie\u00dflich zusammenbrichtEr sprach \u00fcber die Verantwortung der Politiker und beteuerte, dass sie die Freiheit der Intellektuellen, Universit\u00e4ten, Forschung, Medien und Hochkultur sowie gew\u00e4hrleisten sollten.<\/p>\n<p>Danach begann Jobbiks Pr\u00e4sident Tam\u00e1s Sneider seine Rede mit einer kurzen Analyse <a href=\"https:\/\/dailynewshungary.com\/de\/der-grose-britische-zuguberfall-wie-eine-15-kopfige-bande-1963-26-millionen-pfund-stahl\/\" target=\"_blank\" rel=\"noopener\">April erzielten Wahlergebnisses<\/a>. Seiner Ansicht nach bildet Jobbik auf der Oppositionsseite eine gewisse Art \u201cGravitationszentrum\u201d, da \u201cfast jede zweite Oppositionsstimme\u201d f\u00fcr seine Partei abgegeben wurde, er f\u00fcgte hinzu, dass dies der Grund sei, warum andere Oppositionsparteien und kommunalpatriotische Organisationen der Provinzen Beziehungen zu Jobbik suchen.<\/p>\n<p>\u201cK\u00f6nnen Sie jemals einen Kompromiss mit dem Orb\u00e1n-Regime eingehen?\u201d, stellte er die Wendefrage, als Jobbiks Pr\u00e4sident \u00e4u\u00dferte er seine Ansicht, dass ein solcher Kompromiss nicht zustande kommen k\u00f6nne, solange die meisten Oppositionsparteien mit \u201cgekauften und kontrollierten\u201d Personen gef\u00fcllt seien, wobei er die Argumente gegen einen Kompromiss auflistete, erw\u00e4hnte er zuerst die desastr\u00f6se demografische Situation, nach seinen Berechnungen,<\/p>\n<blockquote>\n<p>Der Bev\u00f6lkerungsr\u00fcckgang, die Auswanderung und die ethnischen Bedingungen haben dazu gef\u00fchrt, dass die ungarische Gesellschaft in den letzten 8 Jahren im Karpatenbecken 1 Million Menschen verloren hat, was sogar den Verlust von 700 Tausend in den acht Jahren unter der sozialistischen Regierung \u00fcbersteigt.<\/p>\n<\/blockquote>\n<p>Als weiteres Argument verwies er auf die wirtschaftliche Lage unter besonderer Ber\u00fccksichtigung der misslichen Lage des KMU-Sektors, des Bodengewinns multinationaler Unternehmen und der Abh\u00e4ngigkeit Ungarns von ausl\u00e4ndischen Montagewerken, die in der Automobilindustrie t\u00e4tig sind, so nannte er abschlie\u00dfend den moralischen Status des Landes als weiteres Argument gegen jeden Kompromiss, wie er es ausdr\u00fcckte, \u201cdie H\u00e4lfte des Landes akzeptiert Korruption\u201d, \u201cdie Gesellschaft Ungarns wurde in den Servilismus gedr\u00e4ngt\u201d und \u201cf\u00fcr jede Ver\u00e4nderung gibt es keine Chance\u201d, solange das so bleibt.<\/p>\n<blockquote>\n<p>Dann identifizierte er Jobbiks Mission: gegen Knechtschaft und Knechtschaft zu k\u00e4mpfen und die Angst aus der Gesellschaft zu beseitigen.<\/p>\n<\/blockquote>\n<p>Er wies darauf hin, dass es ein erbitterter Kampf sein w\u00fcrde, und warnte, dass das Regime nicht die Absicht habe, sich zu mildern. Herr Sneider glaubt, dass Premierminister Orb\u00e1n sich selbst auf den Regierungswechsel vorbereitet, aber das Ziel des Premierministers besteht darin, die Opposition in einem schwachen und gespaltenen Zustand zu halten, damit selbst wenn die Opposition gewinnt, entweder Herr Orb\u00e1n oder sein Nachfolger an die Macht zur\u00fcckkehren k\u00f6nnten, so wie es der ersten demokratischen Regierung nach dem Zusammenbruch des Kommunismus widerfahren ist (die der Premierminister sehr gut studieren k\u00f6nnte). Nach Ansicht von Herrn Sneider ist dies die neueste Agenda von Herrn Orb\u00e1n, die nur durch Jobbik verhindert werden kann. Es wird jedoch schwierig, weil Herr Orb\u00e1n \u201es\u201cauch selbst so gef\u00e4hrlich geworden ist, dass er sich nicht in das Gef\u00e4ngnis verwickelt\u201d<\/p>\n<p>Der Parteipr\u00e4sident f\u00fcgte hinzu, Jobbik m\u00fcsse aufwachen und den Geist der Gerechtigkeit und Freiheit st\u00e4rkenDie Grundlagen f\u00fcr diesen Kampf liegen im st\u00e4ndigen Kampf des ungarischen Volkes f\u00fcr die Freiheit w\u00e4hrend der gesamten Geschichte der Nation. Andererseits bemerkte er auch, er sei sich bewusst, dass diese Idee derzeit nicht mehr als ein paar Zehntausende Menschen wecken w\u00fcrde, aber sie w\u00e4ren diejenigen, die sie in eine gemeinsame Sprache \u00fcbersetzen und Millionen zur Wahl mitnehmen w\u00fcrden \u201cWir m\u00fcssen eine aktive und voll engagierte soziale Gruppe f\u00fcr diesen Kampf rekrutieren, und das wird die Partei im Herbst starten\u201d, betonte Herr Schneider.<\/p>\n<p>Als n\u00e4chster Redner trat Jobbiks gesch\u00e4ftsf\u00fchrender Vizepr\u00e4sident M\u00e1rton Gy\u00f6ngy\u00f6si auf, der sich vor der Diskussion \u00fcber die Lage der EU angesichts der bevorstehenden EP-Wahlen kurz zu einem \u201cneuen Ph\u00e4nomen\u201d \u00e4u\u00dferte, der von einigen regierungskritischen Intellektuellen vertretenen \u201coppositionsersetzenden Stimmung\u201d Er sagte, es sei unverst\u00e4ndlich, warum solche Personen wie der linke Journalist G\u00e1sp\u00e1r Mikl\u00f3s Tam\u00e1s, der ehemalige Staatssekret\u00e4r Gy\u00f6rgy Rask\u00f3 oder der Historiker Kriszti\u00e1n Ungv\u00e1ry die Idee einer grunds\u00e4tzlichen Selbstaufl\u00f6sung von Oppositionsparteien propagieren w\u00fcrden und warum sie dachten, dass der Westen \u201cendlich auffallen w\u00fcrde\u201d.<\/p>\n<blockquote>\n<p>Da 1,3 Millionen Menschen Jobbik mit ihren Stimmen betraut haben, h\u00e4lt es Herr Gy\u00f6ngy\u00f6si f\u00fcr die Pflicht der Partei, den Kampf ohne Aufgabe fortzusetzen und im parlamentarischen Rahmen ihr Bestes zu geben.<\/p>\n<\/blockquote>\n<p>Also schlug er diesen Intellektuellen stattdessen vor, \u201cein Beispiel zu zeigen\u201d und keine Artikel mehr zu ver\u00f6ffentlichen, \u201cin einer Stahlfabrik arbeiten zu gehen\u201d, vielleicht w\u00fcrde das \u201cden Westen endlich auf sich aufmerksam machen\u201d.<\/p>\n<p><img loading=\"lazy\" decoding=\"async\" class=\"aligncenter size-large wp-image-208185\" src=\"https:\/\/dailynewshungary.com\/wp-content\/uploads\/2018\/08\/gy\u00f6ngy\u00f6si-vice-president-Jobbik-1024x682.jpg\" alt=\"Gy\u00f6ngy\u00f6si Vizepr\u00e4sident Jobbik\" width=\"1024\" height=\"682\"><\/p>\n<p>\u00dcber die Wahlergebnisse sprach er, dass sich der \u201cBolschewismus\u201d gegen\u00fcber den oppositionellen politischen Parteien sowie den NGOs, den Kirchen, Wissenschaftlern und Intellektuellen durchsetzte.<\/p>\n<blockquote>\n<p>\u201cEs ist eine seltsame Wendung des Schicksals\u201d, dass Herr Orb\u00e1n, der 2002 die B\u00fcrgerkreise gegr\u00fcndet hat, um den Bolschewismus zu bek\u00e4mpfen, nun derjenige ist, der ihn f\u00f6rdert.<\/p>\n<\/blockquote>\n<p>Nach Ansicht von Herrn Gy\u00f6ngy\u00f6si sollten sich alle Menschen, die ein lebenswertes, normales und b\u00fcrgerliches Ungarn wollen, gegen das Orb\u00e1n-Regime verb\u00fcnden, aka Das System der nationalen Zusammenarbeit \u201cDas ist notwendig, \u201cum demokratische Werte wiederherzustellen\u201d und alle Streitigkeiten, \u201cdie die politische Sph\u00e4re in jedem normalen Land f\u00fchren muss\u201d, sollten erst danach gef\u00fchrt werden \u201cDeshalb baut Jobbik seit Jahren Br\u00fccken und das hat auch die Parteipolitik des Volkes veranlasst\u201d, f\u00fcgte er hinzu.<\/p>\n<p>Im Moment legitimiere die EU das Regime von Orb\u00e1n durch verschiedene Geheimgesch\u00e4fte, erkl\u00e4rte Herr Gy\u00f6ngy\u00f6siDann ging er auf den aktuellen Status der EU ein und sagte, es blute aus tausend Wunden, aber \u201ces lohnt sich, unter bestimmten Bedingungen zu sparen\u201d Globalisierung und Digitalisierung stellen Herausforderungen mit unvorhersehbaren Folgen dar, betonte er und f\u00fcgte hinzu, dass wir in der EU nicht einmal in der Lage seien, die richtigen Fragen zu stellen, geschweige denn zu beantworten.<\/p>\n<blockquote>\n<p>\u201cW\u00e4hrend wir damit besch\u00e4ftigt sind, dar\u00fcber zu diskutieren, ob die EU eine f\u00f6deralistische Einheit oder das Europa der Nationen sein sollte, erkennen wir nicht, dass es keine gemeinsame europ\u00e4ische Identit\u00e4t gibt, die die F\u00f6deralisierung unterst\u00fctzt\u201d, sagte er und wies darauf hin, dass die Grundlage jeder gemeinsamen Identit\u00e4t das Beharren sein sollte auf christlichen Werten. Er kam zu dem Schluss, dass die F\u00f6deralisierung \u201ctotal naivte, totale Utopie\u201d sei.<\/p>\n<\/blockquote>\n<p>Andererseits kritisierte er auch, dass sich Mitgliedstaaten stolz als Nationalstaaten und \u201cerfrischend homogen\u201d definieren, und fragte, ob diese L\u00e4nder sich wirklich als starke, souver\u00e4ne Staaten betrachten k\u00f6nnten, wenn sie innerhalb weniger Jahre Hunderttausende ihrer Jugend verlieren, durch eine demografische Katastrophe deprimiert sind und \u201cihre Volkswirtschaften auf EU-Koh\u00e4sionsfonds aufgebaut sind und sie auf ausl\u00e4ndische Investitionen angewiesen sind\u201d, wies Jobbiks Executive Vice President hin.<\/p>\n<p>Herr Gy\u00f6ngy\u00f6si meint, diese Themen sollten vor Beginn der EP-Wahlen im kommenden April er\u00f6rtert werden Damit k\u00f6nnte der Wahlkampf solche Themen wie die Lage des Nationalstaates, Autonomie, Lohngleichheit oder Migration behandeln.<\/p>\n<blockquote>\n<p>\u201cEine der wichtigsten Fragen wird sein, wenn wir eine gesellschaftliche Debatte f\u00fchren k\u00f6nnen, in der wir die zentralen Fragen unseres eigenen Nationalstaates sowie die der europ\u00e4ischen Werte und des europ\u00e4ischen Geistes im Allgemeinen ansprechen und f\u00f6rdern k\u00f6nnen\u201d, schloss er seine Rede.<\/p>\n<\/blockquote>\n<p><em>Foto: Bal\u00e1zs B\u00e9li<\/em><\/p>\n","protected":false},"excerpt":{"rendered":"<p>Jobbik hatte am vergangenen Wochenende in Budapest ein Treffen mit ungarischen Intellektuellen abgehalten Jobbiks Pr\u00e4sident Tam\u00e1s Sneider sprach \u00fcber die zunehmende Knechtschaft, die Ungarns Gesellschaft erlebt, und identifizierte Jobbiks Mission: ein B\u00fcndnis f\u00fcr Freiheit und die Beseitigung der Knechtschaft zu schlie\u00dfen Exekutiv-Vizepr\u00e4sident M\u00e1rton Gy\u00f6ngy\u00f6si legte eine Analyse des Status der EU im Zusammenhang mit den [&hellip;]<\/p>\n","protected":false},"author":2,"featured_media":736711,"comment_status":"open","ping_status":"open","sticky":false,"template":"","format":"standard","meta":{"_acf_changed":false,"_display_image":"","footnotes":""},"categories":[1081],"tags":[1632,3695],"class_list":["post-736710","post","type-post","status-publish","format-standard","has-post-thumbnail","hentry","category-politik","tag-jobbik","tag-wahl-2018"],"blocksy_meta":[],"acf":[],"author_username":"alk","telegram_post":"","public_post_metadata":{"breaking_news":"","important":"","csempe":"","center_tile":"","disable_thumbnail":"","target_lang":"","_featured_image_style":"","telegram_post":"","_xlat_group_id":""},"public_rank_math_data":{"title":"%title% %sep% %sitename%","description":"","focus_keyword":"","canonical_url":"","robots":"","primary_category":"1081","breadcrumb_title":"","facebook_title":"","facebook_description":"","facebook_image":"","facebook_image_id":"","twitter_title":"","twitter_description":"","twitter_image":"","twitter_image_id":"","twitter_card_type":"","twitter_use_facebook":"","advanced_robots":"","pillar_content":"","seo_score":"","contentai_score":"","rich_snippet":""},"_links":{"self":[{"href":"https:\/\/dailynewshungary.com\/de\/wp-json\/wp\/v2\/posts\/736710","targetHints":{"allow":["GET"]}}],"collection":[{"href":"https:\/\/dailynewshungary.com\/de\/wp-json\/wp\/v2\/posts"}],"about":[{"href":"https:\/\/dailynewshungary.com\/de\/wp-json\/wp\/v2\/types\/post"}],"author":[{"embeddable":true,"href":"https:\/\/dailynewshungary.com\/de\/wp-json\/wp\/v2\/users\/2"}],"replies":[{"embeddable":true,"href":"https:\/\/dailynewshungary.com\/de\/wp-json\/wp\/v2\/comments?post=736710"}],"version-history":[{"count":0,"href":"https:\/\/dailynewshungary.com\/de\/wp-json\/wp\/v2\/posts\/736710\/revisions"}],"wp:featuredmedia":[{"embeddable":true,"href":"https:\/\/dailynewshungary.com\/de\/wp-json\/wp\/v2\/media\/736711"}],"wp:attachment":[{"href":"https:\/\/dailynewshungary.com\/de\/wp-json\/wp\/v2\/media?parent=736710"}],"wp:term":[{"taxonomy":"category","embeddable":true,"href":"https:\/\/dailynewshungary.com\/de\/wp-json\/wp\/v2\/categories?post=736710"},{"taxonomy":"post_tag","embeddable":true,"href":"https:\/\/dailynewshungary.com\/de\/wp-json\/wp\/v2\/tags?post=736710"}],"curies":[{"name":"wp","href":"https:\/\/api.w.org\/{rel}","templated":true}]}}