{"id":736827,"date":"2018-08-24T08:30:33","date_gmt":"2018-08-24T06:30:33","guid":{"rendered":"https:\/\/dailynewshungary.com\/de\/chefarzt-keine-gefahr-der-west-nil-virus-epidemie-in-ungarn\/"},"modified":"2018-08-24T08:30:33","modified_gmt":"2018-08-24T06:30:33","slug":"chefarzt-keine-gefahr-der-west-nil-virus-epidemie-in-ungarn","status":"publish","type":"post","link":"https:\/\/dailynewshungary.com\/de\/chefarzt-keine-gefahr-der-west-nil-virus-epidemie-in-ungarn\/","title":{"rendered":"Chefarzt: Keine Gefahr der West-Nil-Virus-Epidemie in Ungarn"},"content":{"rendered":"<p><strong>Ungarn drohe nicht einer Epidemie des West-Nil-Virus zu erliegen, sagte der Chefarzt am Donnerstag.<\/strong><\/p>\n<p>Wie wir gestern schrieben, wurden in Ungarn zwischen dem 10. und 16. August 16 Menschen infiziert, was die h\u00f6chste Zahl in der EU war Die Gesamtzahl der F\u00e4lle betr\u00e4gt 41: Griechenland meldete 15, Rum\u00e4nien 8, w\u00e4hrend Kroatien 2 F\u00e4lle aus den Nachbarstaaten der EU 24 F\u00e4lle gemeldet wurden, alle aus Serbien. <a href=\"https:\/\/dailynewshungary.com\/de\/west-nil-fieber-in-ungarn-16-infizierte-letzte-woche\/\" target=\"_blank\" rel=\"noopener noreferrer\">Lesen Sie hier mehr<\/a>.<\/p>\n<p>Bei den Krankheitsberichten handelte es sich vor allem um Menschen in einem chronischen Zustand <a href=\"https:\/\/dailynewshungary.com\/de\/der-grose-britische-zuguberfall-wie-eine-15-kopfige-bande-1963-26-millionen-pfund-stahl\/\" target=\"_blank\" rel=\"noopener noreferrer\">Gesundheit<\/a>\u201eMit einem geschw\u00e4chten Immunsystem, sagte Attila Kov\u00e1cs.<\/p>\n<blockquote>\n<p>Das West-Nil-Virus kommt in Ungarn seit 50 Jahren vor und jedes Jahr werden normalerweise 10-40 F\u00e4lle gemeldet.<\/p>\n<\/blockquote>\n<p>Im vergangenen Jahr seien 23 F\u00e4lle registriert worden, sagte er und f\u00fcgte hinzu, dass der diesj\u00e4hrige Anstieg auf einen fr\u00fchen Saisonstart zur\u00fcckzuf\u00fchren sei.<\/p>\n<p>Bis zum 23. August wurden insgesamt 58 F\u00e4lle gemeldet und 55 mussten im Krankenhaus behandelt werden, bei vier Todesf\u00e4llen d\u00fcrfte das West-Nil-Virus eine Rolle gespielt haben.<\/p>\n<blockquote>\n<p>Sie alle betrafen M\u00e4nner, die an einer chronischen Krankheit litten, und drei von ihnen seien \u00fcber 80 Jahre alt, sagte er.<\/p>\n<\/blockquote>\n","protected":false},"excerpt":{"rendered":"<p>Ungarn drohe nicht einer Epidemie des West-Nil-Virus zu erliegen, sagte der Chefarzt am Donnerstag. Wie wir gestern schrieben, wurden in Ungarn zwischen dem 10. und 16. August 16 Menschen infiziert, was die h\u00f6chste Zahl in der EU war Die Gesamtzahl der F\u00e4lle betr\u00e4gt 41: Griechenland meldete 15, Rum\u00e4nien 8, w\u00e4hrend Kroatien 2 F\u00e4lle aus den [&hellip;]<\/p>\n","protected":false},"author":2,"featured_media":736828,"comment_status":"open","ping_status":"open","sticky":false,"template":"","format":"standard","meta":{"_acf_changed":false,"_display_image":"","footnotes":""},"categories":[1081],"tags":[1107],"class_list":["post-736827","post","type-post","status-publish","format-standard","has-post-thumbnail","hentry","category-politik","tag-gesundheit"],"blocksy_meta":[],"acf":[],"author_username":"alk","telegram_post":"","public_post_metadata":{"breaking_news":"","important":"","csempe":"","center_tile":"","disable_thumbnail":"","target_lang":"","_featured_image_style":"","telegram_post":"","_xlat_group_id":""},"public_rank_math_data":{"title":"%title% %sep% %sitename%","description":"","focus_keyword":"","canonical_url":"","robots":"","primary_category":"1081","breadcrumb_title":"","facebook_title":"","facebook_description":"","facebook_image":"","facebook_image_id":"","twitter_title":"","twitter_description":"","twitter_image":"","twitter_image_id":"","twitter_card_type":"","twitter_use_facebook":"","advanced_robots":"","pillar_content":"","seo_score":"","contentai_score":"","rich_snippet":""},"_links":{"self":[{"href":"https:\/\/dailynewshungary.com\/de\/wp-json\/wp\/v2\/posts\/736827","targetHints":{"allow":["GET"]}}],"collection":[{"href":"https:\/\/dailynewshungary.com\/de\/wp-json\/wp\/v2\/posts"}],"about":[{"href":"https:\/\/dailynewshungary.com\/de\/wp-json\/wp\/v2\/types\/post"}],"author":[{"embeddable":true,"href":"https:\/\/dailynewshungary.com\/de\/wp-json\/wp\/v2\/users\/2"}],"replies":[{"embeddable":true,"href":"https:\/\/dailynewshungary.com\/de\/wp-json\/wp\/v2\/comments?post=736827"}],"version-history":[{"count":0,"href":"https:\/\/dailynewshungary.com\/de\/wp-json\/wp\/v2\/posts\/736827\/revisions"}],"wp:featuredmedia":[{"embeddable":true,"href":"https:\/\/dailynewshungary.com\/de\/wp-json\/wp\/v2\/media\/736828"}],"wp:attachment":[{"href":"https:\/\/dailynewshungary.com\/de\/wp-json\/wp\/v2\/media?parent=736827"}],"wp:term":[{"taxonomy":"category","embeddable":true,"href":"https:\/\/dailynewshungary.com\/de\/wp-json\/wp\/v2\/categories?post=736827"},{"taxonomy":"post_tag","embeddable":true,"href":"https:\/\/dailynewshungary.com\/de\/wp-json\/wp\/v2\/tags?post=736827"}],"curies":[{"name":"wp","href":"https:\/\/api.w.org\/{rel}","templated":true}]}}