{"id":736851,"date":"2018-08-23T11:30:38","date_gmt":"2018-08-23T09:30:38","guid":{"rendered":"https:\/\/dailynewshungary.com\/de\/so-viele-krippenplatze-gab-es-in-ungarn-noch-nie\/"},"modified":"2018-08-23T11:30:38","modified_gmt":"2018-08-23T09:30:38","slug":"so-viele-krippenplatze-gab-es-in-ungarn-noch-nie","status":"publish","type":"post","link":"https:\/\/dailynewshungary.com\/de\/so-viele-krippenplatze-gab-es-in-ungarn-noch-nie\/","title":{"rendered":"So viele Krippenpl\u00e4tze gab es in Ungarn noch nie"},"content":{"rendered":"<p><strong>In Bezug auf die Zahl der Kinder unter drei Jahren habe es in Ungarn noch nie so viele Krippenpl\u00e4tze gegeben, sagte der Staatsminister f\u00fcr Familie und Jugend im Ministerium f\u00fcr menschliche Kapazit\u00e4ten auf einer Pressekonferenz, die in einer Krippe im 1. Bezirk von Budapest stattfand.<\/strong><\/p>\n<p>Katalin Nov\u00e1k sagte, dass im Vergleich zu 2010 die Zahl der Pl\u00e4tze f\u00fcr junge Menschen verf\u00fcgbar sei <a href=\"https:\/\/dailynewshungary.com\/de\/der-grose-britische-zuguberfall-wie-eine-15-kopfige-bande-1963-26-millionen-pfund-stahl\/\" target=\"_blank\" rel=\"noopener\">Kinder<\/a> In Krippen hat sich das Eineinhalbfache erh\u00f6ht.<\/p>\n<blockquote>\n<p>Derzeit gibt es im Land Pl\u00e4tze f\u00fcr 48.000 Kinder, diese Zahl m\u00f6chte man in den kommenden Jahren jedoch auf 60.000 erh\u00f6hen.<\/p>\n<\/blockquote>\n<p>Ein k\u00fcrzlich von der Regierung angenommener Beschluss will bei diesem ehrgeizigen Plan behilflich seinAuf der Grundlage des Beschlusses wird es aus einer Haushaltszuweisung von 20 Mrd. HUF m\u00f6glich sein, weitere Pl\u00e4tze zu schaffenf\u00fcgte der Staatsminister hinzu.<\/p>\n<p>Sie sagte, dass die ungarische Regierung in den vergangenen Jahren mehr als 120 Milliarden HUF f\u00fcr zus\u00e4tzliche Pl\u00e4tze f\u00fcr Kinder in Kinderkrippen und Kinderg\u00e4rten ausgegeben habe, aus dieser Zuweisung h\u00e4tten sie fast f\u00fcnftausend neue Krippenpl\u00e4tze geschaffen und weitere 11.000 seien saniert worden, w\u00e4hrend im Fall von Kinderg\u00e4rten mehr als 3.100 neue Pl\u00e4tze entstanden seien und \u00fcber 58.000 Pl\u00e4tze aufgewertet worden seien.<\/p>\n<p>Frau Nov\u00e1k hob au\u00dferdem hervor, dass sie in den letzten Jahren das gesamte Krippenbetreuungssystem erneuert und auch die Entwicklung neuer Krippentypen erm\u00f6glicht haben. Neben traditionellen Einrichtungen gibt es jetzt auch Mini-, Familien- und Arbeitsplatzkrippen.<\/p>\n<p>Ziel der Regierung ist es, sicherzustellen, dass die Kindererziehung kein Hindernis f\u00fcr die Aus\u00fcbung einer Besch\u00e4ftigung darstellt, w\u00e4hrend die Aus\u00fcbung einer Besch\u00e4ftigung kein Hindernis f\u00fcr die Entscheidung sein sollte, mehr Kinder gro\u00dfzuziehen.<\/p>\n<blockquote>\n<p>Sie m\u00f6chten Familien helfen, in denen die Eltern arbeiten und Kinder unter drei Jahren gro\u00dfziehen, sagte Frau Nov\u00e1k.<\/p>\n<\/blockquote>\n<p>Sie betonte, dass die Regierung Krippenarbeiter nun auch finanziell st\u00e4rker sch\u00e4tze und dass diejenigen mit Abschl\u00fcssen in das Modellsystem der Lehrerlaufbahn gelenkt wurden, das bei ihnen im Durchschnitt eine Lohnerh\u00f6hung von 63 Prozent darstellt. Sie haben auch die Geh\u00e4lter von Personen mit Sekundar- oder niedrigeren Qualifikationen erh\u00f6ht; In ihrem Fall bedeute dies eine durchschnittliche Lohnerh\u00f6hung von 40 Prozent, sagte sie.<\/p>\n<p>Sie stellte fest, dass die Zahl der Krippenarbeiter um fast 20 Prozent gestiegen sei und auch der Anteil der Absolventen dank der Weiterbildungsm\u00f6glichkeiten gestiegen sei.<\/p>\n<p>Das hat auch Frau Nov\u00e1k auf eine Frage geantwortet<\/p>\n<blockquote>\n<p>In diesem Jahr sind sie auf eine funktionsbasierte Finanzierung von Krippen umgestiegen, und dadurch ist die f\u00fcr diese Einrichtungen vorgesehene Haushaltszuweisung um das 3,5-fache gestiegen.<\/p>\n<\/blockquote>\n<p>Dies bedeutet, dass sie die entstehenden Ausgaben entsprechend der finanziellen Situation der betroffenen Gemeinden erstatten und die Kommunen dadurch keinen Verlust mehr beim Betrieb von Kinderkrippen erwirtschaften.<\/p>\n<p>Kommunen k\u00f6nnten Geb\u00fchren f\u00fcr Dienstleistungen erheben, aber weniger als die H\u00e4lfte der Kommunen nutze diese M\u00f6glichkeit, stellte sie fest.<br \/>\nDar\u00fcber hinaus erhalten fast 90 Prozent der Kinder, die Kinderkrippen besuchen, ihre Mahlzeiten kostenlos, f\u00fcgte Frau Nov\u00e1k hinzu.<\/p>\n<p><em>Foto: K\u00e1roly \u00c1rvai\/kormany.hu<\/em><\/p>\n","protected":false},"excerpt":{"rendered":"<p>In Bezug auf die Zahl der Kinder unter drei Jahren habe es in Ungarn noch nie so viele Krippenpl\u00e4tze gegeben, sagte der Staatsminister f\u00fcr Familie und Jugend im Ministerium f\u00fcr menschliche Kapazit\u00e4ten auf einer Pressekonferenz, die in einer Krippe im 1. Bezirk von Budapest stattfand. Katalin Nov\u00e1k sagte, dass im Vergleich zu 2010 die Zahl [&hellip;]<\/p>\n","protected":false},"author":2,"featured_media":736852,"comment_status":"open","ping_status":"open","sticky":false,"template":"","format":"standard","meta":{"_acf_changed":false,"_display_image":"","footnotes":""},"categories":[1081],"tags":[1502],"class_list":["post-736851","post","type-post","status-publish","format-standard","has-post-thumbnail","hentry","category-politik","tag-kinder"],"blocksy_meta":[],"acf":[],"author_username":"alk","telegram_post":"","public_post_metadata":{"breaking_news":"","important":"","csempe":"","center_tile":"","disable_thumbnail":"","target_lang":"","_featured_image_style":"","telegram_post":"","_xlat_group_id":""},"public_rank_math_data":{"title":"%title% %sep% %sitename%","description":"","focus_keyword":"","canonical_url":"","robots":"","primary_category":"1081","breadcrumb_title":"","facebook_title":"","facebook_description":"","facebook_image":"","facebook_image_id":"","twitter_title":"","twitter_description":"","twitter_image":"","twitter_image_id":"","twitter_card_type":"","twitter_use_facebook":"","advanced_robots":"","pillar_content":"","seo_score":"","contentai_score":"","rich_snippet":""},"_links":{"self":[{"href":"https:\/\/dailynewshungary.com\/de\/wp-json\/wp\/v2\/posts\/736851","targetHints":{"allow":["GET"]}}],"collection":[{"href":"https:\/\/dailynewshungary.com\/de\/wp-json\/wp\/v2\/posts"}],"about":[{"href":"https:\/\/dailynewshungary.com\/de\/wp-json\/wp\/v2\/types\/post"}],"author":[{"embeddable":true,"href":"https:\/\/dailynewshungary.com\/de\/wp-json\/wp\/v2\/users\/2"}],"replies":[{"embeddable":true,"href":"https:\/\/dailynewshungary.com\/de\/wp-json\/wp\/v2\/comments?post=736851"}],"version-history":[{"count":0,"href":"https:\/\/dailynewshungary.com\/de\/wp-json\/wp\/v2\/posts\/736851\/revisions"}],"wp:featuredmedia":[{"embeddable":true,"href":"https:\/\/dailynewshungary.com\/de\/wp-json\/wp\/v2\/media\/736852"}],"wp:attachment":[{"href":"https:\/\/dailynewshungary.com\/de\/wp-json\/wp\/v2\/media?parent=736851"}],"wp:term":[{"taxonomy":"category","embeddable":true,"href":"https:\/\/dailynewshungary.com\/de\/wp-json\/wp\/v2\/categories?post=736851"},{"taxonomy":"post_tag","embeddable":true,"href":"https:\/\/dailynewshungary.com\/de\/wp-json\/wp\/v2\/tags?post=736851"}],"curies":[{"name":"wp","href":"https:\/\/api.w.org\/{rel}","templated":true}]}}