{"id":736881,"date":"2018-08-22T10:30:00","date_gmt":"2018-08-22T08:30:00","guid":{"rendered":"https:\/\/dailynewshungary.com\/de\/budapester-verkehrsunternehmen-zum-kauf-von-bussen-aus-der-schweiz\/"},"modified":"2018-08-22T10:30:00","modified_gmt":"2018-08-22T08:30:00","slug":"budapester-verkehrsunternehmen-zum-kauf-von-bussen-aus-der-schweiz","status":"publish","type":"post","link":"https:\/\/dailynewshungary.com\/de\/budapester-verkehrsunternehmen-zum-kauf-von-bussen-aus-der-schweiz\/","title":{"rendered":"Budapester Verkehrsunternehmen zum Kauf von Bussen aus der Schweiz"},"content":{"rendered":"<p><strong>Das Budapester \u00f6ffentliche Verkehrsunternehmen BKV werde in K\u00fcrze gebrauchte Busse aus der Schweiz kaufen, teilte die Gesch\u00e4ftstageszeitung Vilaggazdasag am Mittwoch mit.<\/strong><\/p>\n<p>Die 12 Van Hool-Gelenkbusse, die vor 14 Jahren hergestellt wurden, werden im Herbst auf den Stra\u00dfen der ungarischen Hauptstadt auf den Markt kommen.<\/p>\n<blockquote>\n<p>Das Durchschnittsalter der Busflotte des Unternehmens liegt bei 13 Jahren.<\/p>\n<\/blockquote>\n<p>Auch der BKV hat Pl\u00e4ne angek\u00fcndigt, in naher Zukunft neue Einzel &#8211; und Gelenkbusse anzuschaffen, die Anschaffung von Elektrobussen w\u00e4re nach Unternehmensangaben umso berechtigter, als seine 1000-k\u00f6pfige Flotte \u00fcber 28 Millionen Liter Kraftstoff im Jahr verbraucht.<\/p>\n<blockquote>\n<p>Der BKV sagte, dass derzeit 78 Prozent seiner Busse klimatisiert und 83 Prozent f\u00fcr Menschen mit eingeschr\u00e4nkter Mobilit\u00e4t zug\u00e4nglich seien.<\/p>\n<\/blockquote>\n<p>Wie wir im Juli geschrieben haben, hat das Budapester \u00f6ffentliche Verkehrsunternehmen BKV Zrt angek\u00fcndigt, vom Vertrag mit dem Bushersteller Ikarus Egyedi \u00fcber den Kauf von 30 Modulo-Bussen zur\u00fcckzutreten <a href=\"https:\/\/dailynewshungary.com\/de\/budapester-verkehrsunternehmen-bkv-zur-kundigung-des-ikarus-vertrags\/\" target=\"_blank\" rel=\"noopener\">Lesen Sie hier mehr<\/a>.<\/p>\n<h2>GLEICHES TICKET F\u00dcR Z\u00dcGE, BUSSE UND DIE U-BAHN?<\/h2>\n<p>Au\u00dferdem \u00fcbersetzten wir ein Interview mit dem ungarischen Minister f\u00fcr Innovation und Technologie, L\u00e1szl\u00f3 Mos\u00f3czi, in dem der Minister \u00fcber die Pl\u00e4ne der Regierung zum ungarischen Transportsystem berichtete. <a href=\"https:\/\/dailynewshungary.com\/de\/die-zukunft-des-ungarischen-verkehrs-gleiches-ticket-fur-bahn-bus-und-u-bahn\/\" target=\"_blank\" rel=\"noopener\">Hier eine Zusammenfassung des Gesagten<\/a>.<\/p>\n<p><em>Foto: T\u00e4gliche Nachrichten Ungarn \u00a9 \u2013 Illustration<\/em><\/p>\n","protected":false},"excerpt":{"rendered":"<p>Das Budapester \u00f6ffentliche Verkehrsunternehmen BKV werde in K\u00fcrze gebrauchte Busse aus der Schweiz kaufen, teilte die Gesch\u00e4ftstageszeitung Vilaggazdasag am Mittwoch mit. Die 12 Van Hool-Gelenkbusse, die vor 14 Jahren hergestellt wurden, werden im Herbst auf den Stra\u00dfen der ungarischen Hauptstadt auf den Markt kommen. Das Durchschnittsalter der Busflotte des Unternehmens liegt bei 13 Jahren. Auch [&hellip;]<\/p>\n","protected":false},"author":2,"featured_media":736882,"comment_status":"open","ping_status":"open","sticky":false,"template":"","format":"standard","meta":{"_acf_changed":false,"_display_image":"","footnotes":""},"categories":[1281],"tags":[1111,1297],"class_list":["post-736881","post","type-post","status-publish","format-standard","has-post-thumbnail","hentry","category-geschaft","tag-budapest","tag-transport"],"blocksy_meta":[],"acf":[],"author_username":"alk","telegram_post":"","public_post_metadata":{"breaking_news":"","important":"","csempe":"","center_tile":"","disable_thumbnail":"","target_lang":"","_featured_image_style":"","telegram_post":"","_xlat_group_id":""},"public_rank_math_data":{"title":"%title% %sep% %sitename%","description":"","focus_keyword":"","canonical_url":"","robots":"","primary_category":"1281","breadcrumb_title":"","facebook_title":"","facebook_description":"","facebook_image":"","facebook_image_id":"","twitter_title":"","twitter_description":"","twitter_image":"","twitter_image_id":"","twitter_card_type":"","twitter_use_facebook":"","advanced_robots":"","pillar_content":"","seo_score":"","contentai_score":"","rich_snippet":""},"_links":{"self":[{"href":"https:\/\/dailynewshungary.com\/de\/wp-json\/wp\/v2\/posts\/736881","targetHints":{"allow":["GET"]}}],"collection":[{"href":"https:\/\/dailynewshungary.com\/de\/wp-json\/wp\/v2\/posts"}],"about":[{"href":"https:\/\/dailynewshungary.com\/de\/wp-json\/wp\/v2\/types\/post"}],"author":[{"embeddable":true,"href":"https:\/\/dailynewshungary.com\/de\/wp-json\/wp\/v2\/users\/2"}],"replies":[{"embeddable":true,"href":"https:\/\/dailynewshungary.com\/de\/wp-json\/wp\/v2\/comments?post=736881"}],"version-history":[{"count":0,"href":"https:\/\/dailynewshungary.com\/de\/wp-json\/wp\/v2\/posts\/736881\/revisions"}],"wp:featuredmedia":[{"embeddable":true,"href":"https:\/\/dailynewshungary.com\/de\/wp-json\/wp\/v2\/media\/736882"}],"wp:attachment":[{"href":"https:\/\/dailynewshungary.com\/de\/wp-json\/wp\/v2\/media?parent=736881"}],"wp:term":[{"taxonomy":"category","embeddable":true,"href":"https:\/\/dailynewshungary.com\/de\/wp-json\/wp\/v2\/categories?post=736881"},{"taxonomy":"post_tag","embeddable":true,"href":"https:\/\/dailynewshungary.com\/de\/wp-json\/wp\/v2\/tags?post=736881"}],"curies":[{"name":"wp","href":"https:\/\/api.w.org\/{rel}","templated":true}]}}