{"id":737009,"date":"2018-08-16T10:37:42","date_gmt":"2018-08-16T08:37:42","guid":{"rendered":"https:\/\/dailynewshungary.com\/de\/uberhitzter-iridiumbehalter-schaltet-liszt-ferenc-2-b-terminal-kurz-ab-aktualisieren\/"},"modified":"2018-08-16T10:37:42","modified_gmt":"2018-08-16T08:37:42","slug":"uberhitzter-iridiumbehalter-schaltet-liszt-ferenc-2-b-terminal-kurz-ab-aktualisieren","status":"publish","type":"post","link":"https:\/\/dailynewshungary.com\/de\/uberhitzter-iridiumbehalter-schaltet-liszt-ferenc-2-b-terminal-kurz-ab-aktualisieren\/","title":{"rendered":"\u00dcberhitzter Iridiumbeh\u00e4lter schaltet Liszt Ferenc 2 B-Terminal kurz ab \u2013 AKTUALISIEREN"},"content":{"rendered":"<p><strong>Terminal 2 B des internationalen Flughafens Liszt Ferenc wurde am sp\u00e4ten Mittwoch wegen eines \u00fcberhitzten Beh\u00e4lters mit einem Isotop kurzzeitig stillgelegt, sagte ein Sprecher der Nationalen Generaldirektion f\u00fcr Katastrophenmanagement gegen\u00fcber MTI.<\/strong><\/p>\n<p>Die Beh\u00f6rden seien \u00fcber den \u00fcberhitzten Container informiert worden und h\u00e4tten im erforderlichen Ma\u00dfe restriktive Ma\u00dfnahmen ergriffen, sagte Marton Hajdu.<\/p>\n<p>Der stellvertretende Sprecher des Liszt Ferenc-Betreibers <a href=\"https:\/\/dailynewshungary.com\/de\/der-grose-britische-zuguberfall-wie-eine-15-kopfige-bande-1963-26-millionen-pfund-stahl\/\" target=\"_blank\" rel=\"noopener noreferrer\">Flughafen Budapest<\/a> Die Abschaltung habe acht Fl\u00fcge betroffen, Fl\u00fcge seien am Morgen im Zeitplan gewesen, f\u00fcgte L\u00e1szl\u00f3 Kurucz hinzu.<\/p>\n<p>Kurucz best\u00e4tigte, dass der Beh\u00e4lter das Isotop Iridium enthieltZu keinem Zeitpunkt seien Passagiere in irgendeiner Gefahr, f\u00fcgte er hinzu.<\/p>\n<blockquote>\n<p>Der National Ambulance Service teilte MTI mit, dass es am Flughafen keine Verletzten gegeben habe und niemand aus Liszt Ferenc ins Krankenhaus gebracht worden sei.<\/p>\n<\/blockquote>\n<p>MTI erfuhr, dass der Container von Dimitrovgrad in Russland \u00fcber Istanbul verschifft worden war.<\/p>\n<p>Die Lieferung sei f\u00fcr das ungarische Unternehmen Izotop Intezet bestimmt, sagte ein Mitarbeiter gegen\u00fcber MTI. Das Unternehmen betonte, dass solche Temperaturerh\u00f6hungen f\u00fcr Lieferungen von spaltbarem Material nat\u00fcrlich seien.<\/p>\n<p>Ein Physiker der Abteilung f\u00fcr Radiobiologie und Radiohygiene des National Public Health Institute sagte gegen\u00fcber MTI, dass der Beh\u00e4lter nicht besch\u00e4digt sei und Messungen an Ort und Stelle best\u00e4tigten, dass kein radioaktives Material aus ihm austrat. Der Grund f\u00fcr die restriktiven Ma\u00dfnahmen sei, dass er hei\u00dfer sei als die Umwelt, sagte \u00c1d\u00e1m Salik und f\u00fcgte hinzu, dass dies angesichts des hohen Isotopenvolumens, das transportiert werde, eine nat\u00fcrliche Entwicklung sei. Es enthielt 465 TBq Iridium-192-Isotop, sagte er.<\/p>\n<p><strong>Lesen Sie hier weitere Details:&nbsp;<a href=\"https:\/\/dailynewshungary.com\/de\/budapest-flughafen-terminal-2-b-durch-das-nationale-katastrophenmanagement-geschlossen\/\" target=\"_blank\" rel=\"noopener noreferrer\">BUDAPEST AIRPORT TERMINAL 2 B VOM NATIONALEN KATASTROPHENMANAGEMENT GESCHLOSSEN<\/a><\/strong><\/p>\n<p><em>Foto: facebook\/Flughafen Budapest<\/em><\/p>\n","protected":false},"excerpt":{"rendered":"<p>Terminal 2 B des internationalen Flughafens Liszt Ferenc wurde am sp\u00e4ten Mittwoch wegen eines \u00fcberhitzten Beh\u00e4lters mit einem Isotop kurzzeitig stillgelegt, sagte ein Sprecher der Nationalen Generaldirektion f\u00fcr Katastrophenmanagement gegen\u00fcber MTI. Die Beh\u00f6rden seien \u00fcber den \u00fcberhitzten Container informiert worden und h\u00e4tten im erforderlichen Ma\u00dfe restriktive Ma\u00dfnahmen ergriffen, sagte Marton Hajdu. Der stellvertretende Sprecher des [&hellip;]<\/p>\n","protected":false},"author":2,"featured_media":737010,"comment_status":"open","ping_status":"open","sticky":false,"template":"","format":"standard","meta":{"_acf_changed":false,"_display_image":"","footnotes":""},"categories":[1098],"tags":[1111,1115,1079,1145],"class_list":["post-737009","post","type-post","status-publish","format-standard","has-post-thumbnail","hentry","category-gesellschaft","tag-budapest","tag-flughafen","tag-tourismus","tag-verkehr"],"blocksy_meta":[],"acf":[],"author_username":"alk","telegram_post":"","public_post_metadata":{"breaking_news":"","important":"","csempe":"","center_tile":"","disable_thumbnail":"","target_lang":"","_featured_image_style":"","telegram_post":"","_xlat_group_id":""},"public_rank_math_data":{"title":"%title% %sep% %sitename%","description":"","focus_keyword":"","canonical_url":"","robots":"","primary_category":"1098","breadcrumb_title":"","facebook_title":"","facebook_description":"","facebook_image":"","facebook_image_id":"","twitter_title":"","twitter_description":"","twitter_image":"","twitter_image_id":"","twitter_card_type":"","twitter_use_facebook":"","advanced_robots":"","pillar_content":"","seo_score":"","contentai_score":"","rich_snippet":""},"_links":{"self":[{"href":"https:\/\/dailynewshungary.com\/de\/wp-json\/wp\/v2\/posts\/737009","targetHints":{"allow":["GET"]}}],"collection":[{"href":"https:\/\/dailynewshungary.com\/de\/wp-json\/wp\/v2\/posts"}],"about":[{"href":"https:\/\/dailynewshungary.com\/de\/wp-json\/wp\/v2\/types\/post"}],"author":[{"embeddable":true,"href":"https:\/\/dailynewshungary.com\/de\/wp-json\/wp\/v2\/users\/2"}],"replies":[{"embeddable":true,"href":"https:\/\/dailynewshungary.com\/de\/wp-json\/wp\/v2\/comments?post=737009"}],"version-history":[{"count":0,"href":"https:\/\/dailynewshungary.com\/de\/wp-json\/wp\/v2\/posts\/737009\/revisions"}],"wp:featuredmedia":[{"embeddable":true,"href":"https:\/\/dailynewshungary.com\/de\/wp-json\/wp\/v2\/media\/737010"}],"wp:attachment":[{"href":"https:\/\/dailynewshungary.com\/de\/wp-json\/wp\/v2\/media?parent=737009"}],"wp:term":[{"taxonomy":"category","embeddable":true,"href":"https:\/\/dailynewshungary.com\/de\/wp-json\/wp\/v2\/categories?post=737009"},{"taxonomy":"post_tag","embeddable":true,"href":"https:\/\/dailynewshungary.com\/de\/wp-json\/wp\/v2\/tags?post=737009"}],"curies":[{"name":"wp","href":"https:\/\/api.w.org\/{rel}","templated":true}]}}