{"id":737310,"date":"2018-08-03T13:30:39","date_gmt":"2018-08-03T11:30:39","guid":{"rendered":"https:\/\/dailynewshungary.com\/de\/ungarns-nationales-gesundheitsprogramm-soll-noch-in-diesem-jahr-ausgearbeitet-werden\/"},"modified":"2018-08-03T13:30:39","modified_gmt":"2018-08-03T11:30:39","slug":"ungarns-nationales-gesundheitsprogramm-soll-noch-in-diesem-jahr-ausgearbeitet-werden","status":"publish","type":"post","link":"https:\/\/dailynewshungary.com\/de\/ungarns-nationales-gesundheitsprogramm-soll-noch-in-diesem-jahr-ausgearbeitet-werden\/","title":{"rendered":"Ungarns nationales Gesundheitsprogramm soll noch in diesem Jahr ausgearbeitet werden"},"content":{"rendered":"<p><strong>Ungarns nationales Gesundheitsprogramm soll noch in diesem Jahr ausgearbeitet und der Regierung vorgelegt werden, sagte der Personalminister in einem Interview, das in der Freitagausgabe ver\u00f6ffentlicht wurde <a href=\"https:\/\/magyaridok.hu\/belfold\/novelni-kell-a-varhato-elettartamot-3353753\/\" target=\"_blank\" rel=\"noopener\">Magyar Id Idk<\/a>.<\/strong><\/p>\n<blockquote>\n<p>Der Schwerpunkt des Programms liegt auf der Pr\u00e4vention und Behandlung von f\u00fcnf Gruppen von Krankheiten, n\u00e4mlich onkologischen, kardiovaskul\u00e4ren, lokomotorischen, p\u00e4diatrischen und psychischen St\u00f6rungen<\/p>\n<\/blockquote>\n<p>Mikl\u00f3s K\u00e1sler sagte.<\/p>\n<p>Das nationale Gesundheitsprogramm wird sich an dem Krebsbek\u00e4mpfungsprogramm orientieren, das 1993 vom National Oncology Institute unter der Leitung von K\u00e1sler entwickelt wurde.<\/p>\n<p>Das Krebsbek\u00e4mpfungsprogramm, auf dem die entsprechenden WHO-Richtlinien teilweise basierten, verordnete regelm\u00e4\u00dfige Vorsorgeuntersuchungen, Diagnostik, Therapieoptionen, medizinische Ausbildung, F+E, Personalbedarf, die Rolle sozialer Organisationen, Rehabilitation und Finanzierung.<\/p>\n<blockquote>\n<p>Die Popularisierung eines gesunden Lebens werde ein wesentlicher Bestandteil des nationalen Gesundheitsprogramms sein, sagte er.<\/p>\n<\/blockquote>\n<p>Der Minister sagte, das Programm werde in 15 bis 20 Jahren sichtbare Fr\u00fcchte tragen, daher sollten Entscheidungstr\u00e4ger langfristig denken und nicht in vierj\u00e4hrigen politischen Zyklen.<\/p>\n<p>Wie wir gestern schrieben, hat das ungarische Statistische Zentralamt einige erschreckende Zahlen bekannt gegeben: 54% der ungarischen Nation sind fettleibig oder \u00fcbergewichtig Wie sich herausstellt, hat Ungarn die h\u00f6chste Fettleibigkeitsrate in Europa, und nur die Menschen in den Vereinigten Staaten, Mexiko und Neuseeland sind schwerer als Ungarn, <a href=\"https:\/\/dailynewshungary.com\/de\/wie-sich-herausstellt-ist-ungarn-das-4-fettleibigste-land-der-welt\/\" target=\"_blank\" rel=\"noopener\">Lesen Sie hier mehr<\/a>.<\/p>\n<p>Wie wir letzte Woche schrieben, w\u00e4re nach Ansicht einiger Analysten ohne Sonnenschirmf\u00e4higkeit \u2013 eine Art obligatorische Trinkgeld oder Trinkgeld, das die Patienten den \u00c4rzten und Krankenschwestern gegeben haben \u2013 das gesamte Gesundheitssystem w\u00e4re schon vor langer Zeit zusammengebrochen In der Region pumpen nur die Rum\u00e4nen und die Ukrainer auf diese Weise mehr Geld in das System <a href=\"https:\/\/dailynewshungary.com\/de\/ungarn-das-land-der-sonnenschirmkraft\/\" target=\"_blank\" rel=\"noopener\">Lesen Sie hier mehr<\/a>.<\/p>\n<p><em>Foto: MTI<\/em><\/p>\n","protected":false},"excerpt":{"rendered":"<p>Ungarns nationales Gesundheitsprogramm soll noch in diesem Jahr ausgearbeitet und der Regierung vorgelegt werden, sagte der Personalminister in einem Interview, das in der Freitagausgabe ver\u00f6ffentlicht wurde Magyar Id Idk. Der Schwerpunkt des Programms liegt auf der Pr\u00e4vention und Behandlung von f\u00fcnf Gruppen von Krankheiten, n\u00e4mlich onkologischen, kardiovaskul\u00e4ren, lokomotorischen, p\u00e4diatrischen und psychischen St\u00f6rungen Mikl\u00f3s K\u00e1sler sagte. [&hellip;]<\/p>\n","protected":false},"author":2,"featured_media":737311,"comment_status":"open","ping_status":"open","sticky":false,"template":"","format":"standard","meta":{"_acf_changed":false,"_display_image":"","footnotes":""},"categories":[1081],"tags":[1107,1721],"class_list":["post-737310","post","type-post","status-publish","format-standard","has-post-thumbnail","hentry","category-politik","tag-gesundheit","tag-wer"],"blocksy_meta":[],"acf":[],"author_username":"alk","telegram_post":"","public_post_metadata":{"breaking_news":"","important":"","csempe":"","center_tile":"","disable_thumbnail":"","target_lang":"","_featured_image_style":"","telegram_post":"","_xlat_group_id":""},"public_rank_math_data":{"title":"%title% %sep% %sitename%","description":"","focus_keyword":"","canonical_url":"","robots":"","primary_category":"1081","breadcrumb_title":"","facebook_title":"","facebook_description":"","facebook_image":"","facebook_image_id":"","twitter_title":"","twitter_description":"","twitter_image":"","twitter_image_id":"","twitter_card_type":"","twitter_use_facebook":"","advanced_robots":"","pillar_content":"","seo_score":"","contentai_score":"","rich_snippet":""},"_links":{"self":[{"href":"https:\/\/dailynewshungary.com\/de\/wp-json\/wp\/v2\/posts\/737310","targetHints":{"allow":["GET"]}}],"collection":[{"href":"https:\/\/dailynewshungary.com\/de\/wp-json\/wp\/v2\/posts"}],"about":[{"href":"https:\/\/dailynewshungary.com\/de\/wp-json\/wp\/v2\/types\/post"}],"author":[{"embeddable":true,"href":"https:\/\/dailynewshungary.com\/de\/wp-json\/wp\/v2\/users\/2"}],"replies":[{"embeddable":true,"href":"https:\/\/dailynewshungary.com\/de\/wp-json\/wp\/v2\/comments?post=737310"}],"version-history":[{"count":0,"href":"https:\/\/dailynewshungary.com\/de\/wp-json\/wp\/v2\/posts\/737310\/revisions"}],"wp:featuredmedia":[{"embeddable":true,"href":"https:\/\/dailynewshungary.com\/de\/wp-json\/wp\/v2\/media\/737311"}],"wp:attachment":[{"href":"https:\/\/dailynewshungary.com\/de\/wp-json\/wp\/v2\/media?parent=737310"}],"wp:term":[{"taxonomy":"category","embeddable":true,"href":"https:\/\/dailynewshungary.com\/de\/wp-json\/wp\/v2\/categories?post=737310"},{"taxonomy":"post_tag","embeddable":true,"href":"https:\/\/dailynewshungary.com\/de\/wp-json\/wp\/v2\/tags?post=737310"}],"curies":[{"name":"wp","href":"https:\/\/api.w.org\/{rel}","templated":true}]}}