{"id":737342,"date":"2018-08-02T10:00:57","date_gmt":"2018-08-02T08:00:57","guid":{"rendered":"https:\/\/dailynewshungary.com\/de\/orbans-berater-migranten-strandeten-in-bosnien-herzegowina-und-schufen-eine-unhaltbare-situation\/"},"modified":"2018-08-02T10:00:57","modified_gmt":"2018-08-02T08:00:57","slug":"orbans-berater-migranten-strandeten-in-bosnien-herzegowina-und-schufen-eine-unhaltbare-situation","status":"publish","type":"post","link":"https:\/\/dailynewshungary.com\/de\/orbans-berater-migranten-strandeten-in-bosnien-herzegowina-und-schufen-eine-unhaltbare-situation\/","title":{"rendered":"Orb\u00e1ns Berater: Migranten strandeten in Bosnien-Herzegowina und schufen eine \u201eunhaltbare Situation\u2019"},"content":{"rendered":"<p><strong><a href=\"https:\/\/dailynewshungary.com\/de\/ungarn-wolle-keine-migranten-zurucknehmen-sagt-orban-in-berlin\/\" target=\"_blank\" rel=\"noopener\">Die Zahl der Migranten<\/a> Die in Bosnien-Herzegowina gestrandeten Gebiete seien in die H\u00f6he geschossen und h\u00e4tten eine \u00e4hnliche Situation wie die Krise von 2015 geschaffen, sagte der innenpolitische Sicherheitsberater des Premierministers.<\/strong><\/p>\n<p>Nachdem die ungarische Grenze geschlossen war, wandten sich Migranten, die die EU erreichen wollten, schlie\u00dflich der Route durch Albanien, Montenegro, Bosnien-Herzegowina, Kroatien und Slowenien zu, sagte Gy\u00f6rgy Bakondi am sp\u00e4ten Dienstag im \u00f6ffentlichen Fernsehen.<\/p>\n<p>Die strengen Grenzkontrollen Kroatiens und Sloweniens gepaart mit der langsamen Entscheidungsfindung der Regierung in Bosnien-Herzegowina und der unterbesetzten Strafverfolgung schaffen eine<a href=\"https:\/\/dailynewshungary.com\/de\/viktor-orban-in-montenegro-migrationsroute-balkan-muss-geschlossen-bleiben\/\" target=\"_blank\" rel=\"noopener\"> \u201cso gut wie unhaltbare\u201d Situation im westlichen Balkanland<\/a>\u201esagte er.<\/p>\n<blockquote>\n<p><span style=\"color: #0000ff;\">Zur Bew\u00e4ltigung der Situation sei europ\u00e4ische Hilfe erforderlich, sagte Bakondi. <\/span><\/p>\n<\/blockquote>\n<p>Ungarn tue \u201calles in seiner Macht Stehende\u201d, um zu helfen, denn Stabilit\u00e4t in der Balkanregion habe auf lange Sicht auch Auswirkungen auf die Stabilit\u00e4t Europas, sagte er.<\/p>\n<p><em>Ausgew\u00e4hltes Bild: MTI\/EPA<\/em><\/p>\n","protected":false},"excerpt":{"rendered":"<p>Die Zahl der Migranten Die in Bosnien-Herzegowina gestrandeten Gebiete seien in die H\u00f6he geschossen und h\u00e4tten eine \u00e4hnliche Situation wie die Krise von 2015 geschaffen, sagte der innenpolitische Sicherheitsberater des Premierministers. Nachdem die ungarische Grenze geschlossen war, wandten sich Migranten, die die EU erreichen wollten, schlie\u00dflich der Route durch Albanien, Montenegro, Bosnien-Herzegowina, Kroatien und Slowenien [&hellip;]<\/p>\n","protected":false},"author":7,"featured_media":737343,"comment_status":"open","ping_status":"open","sticky":false,"template":"","format":"standard","meta":{"_acf_changed":false,"_display_image":"","footnotes":""},"categories":[1081],"tags":[1243,1445],"class_list":["post-737342","post","type-post","status-publish","format-standard","has-post-thumbnail","hentry","category-politik","tag-balkan","tag-migration"],"blocksy_meta":[],"acf":[],"author_username":"Szandi","telegram_post":"","public_post_metadata":{"breaking_news":"","important":"","csempe":"","center_tile":"","disable_thumbnail":"","target_lang":"","_featured_image_style":"","telegram_post":"","_xlat_group_id":""},"public_rank_math_data":{"title":"%title% %sep% %sitename%","description":"","focus_keyword":"","canonical_url":"","robots":"","primary_category":"1081","breadcrumb_title":"","facebook_title":"","facebook_description":"","facebook_image":"","facebook_image_id":"","twitter_title":"","twitter_description":"","twitter_image":"","twitter_image_id":"","twitter_card_type":"","twitter_use_facebook":"","advanced_robots":"","pillar_content":"","seo_score":"","contentai_score":"","rich_snippet":""},"_links":{"self":[{"href":"https:\/\/dailynewshungary.com\/de\/wp-json\/wp\/v2\/posts\/737342","targetHints":{"allow":["GET"]}}],"collection":[{"href":"https:\/\/dailynewshungary.com\/de\/wp-json\/wp\/v2\/posts"}],"about":[{"href":"https:\/\/dailynewshungary.com\/de\/wp-json\/wp\/v2\/types\/post"}],"author":[{"embeddable":true,"href":"https:\/\/dailynewshungary.com\/de\/wp-json\/wp\/v2\/users\/7"}],"replies":[{"embeddable":true,"href":"https:\/\/dailynewshungary.com\/de\/wp-json\/wp\/v2\/comments?post=737342"}],"version-history":[{"count":0,"href":"https:\/\/dailynewshungary.com\/de\/wp-json\/wp\/v2\/posts\/737342\/revisions"}],"wp:featuredmedia":[{"embeddable":true,"href":"https:\/\/dailynewshungary.com\/de\/wp-json\/wp\/v2\/media\/737343"}],"wp:attachment":[{"href":"https:\/\/dailynewshungary.com\/de\/wp-json\/wp\/v2\/media?parent=737342"}],"wp:term":[{"taxonomy":"category","embeddable":true,"href":"https:\/\/dailynewshungary.com\/de\/wp-json\/wp\/v2\/categories?post=737342"},{"taxonomy":"post_tag","embeddable":true,"href":"https:\/\/dailynewshungary.com\/de\/wp-json\/wp\/v2\/tags?post=737342"}],"curies":[{"name":"wp","href":"https:\/\/api.w.org\/{rel}","templated":true}]}}