{"id":737354,"date":"2018-08-01T17:05:38","date_gmt":"2018-08-01T15:05:38","guid":{"rendered":"https:\/\/dailynewshungary.com\/de\/regierungsbeamter-ungarn-mochte-dass-transkarpatien-als-brucke-zur-eu-fungiert\/"},"modified":"2018-08-01T17:05:38","modified_gmt":"2018-08-01T15:05:38","slug":"regierungsbeamter-ungarn-mochte-dass-transkarpatien-als-brucke-zur-eu-fungiert","status":"publish","type":"post","link":"https:\/\/dailynewshungary.com\/de\/regierungsbeamter-ungarn-mochte-dass-transkarpatien-als-brucke-zur-eu-fungiert\/","title":{"rendered":"Regierungsbeamter: Ungarn m\u00f6chte, dass Transkarpatien als Br\u00fccke zur EU fungiert"},"content":{"rendered":"<p><strong><a href=\"https:\/\/dailynewshungary.com\/de\/regierung-ungarn-wird-die-transkarpatischen-ungarn-in-der-ukraine-verteidigen\/\" target=\"_blank\" rel=\"noopener\">Die ungarische Regierung will die westukrainische Region Transkarpatien<\/a> Br\u00fccke zur Europ\u00e4ischen Union zu fungieren, \u201cderen Beitritt die Ukraine zugegebenerma\u00dfen ohnehin anstrebt\u201d, sagte ein Regierungsbeamter am Mittwoch in Berehowe (Beregsz\u00e1sz).<\/strong><\/p>\n<p>Istv\u00e1n Grezsa, Ministerialkommissar f\u00fcr die Entwicklung Transkarpatiens und das Kindergartenentwicklungsprogramm der Regierung im Karpatenbecken, sprach auf einer gemeinsamen Pressekonferenz mit D\u00e9nes T\u00f6r\u00f6k, dem Leiter des Verbands Ungarischer Gro\u00dffamilien Transkarpatiens (KMNE), um den Kauf eines G\u00e4stehauses durch KMNE bekannt zu geben in Viska (Viharos) f\u00fcr kinderreiche Familien mit Unterst\u00fctzung der ungarischen Regierung.<\/p>\n<p>Indem Sie beim Kauf der Pension helfen, wird <a href=\"https:\/\/dailynewshungary.com\/de\/ungarisches-ukw-ungarn-steht-den-ungarn-in-transkarpatien-zur-seite\/\" target=\"_blank\" rel=\"noopener\">Die ungarische Regierung will Ungarn und anderen in Transkarpatien zeigen<\/a> Das, so schlecht die Beziehungen zwischen Kiew und Budapest auch werden m\u00f6gen<\/p>\n<blockquote>\n<p><span style=\"color: #0000ff;\">Ungarn werde seine Politik zur Unterst\u00fctzung sowohl der ungarischen Gemeinschaft Transkarpatiens als auch der \u201cmehrheitlichen Nationalit\u00e4t der Region\u201d fortsetzen, sagte Grezsa.<\/span><\/p>\n<\/blockquote>\n<p>\u201cWir w\u00fcrden es begr\u00fc\u00dfen, wenn die Kluft, die durch die ukrainische Politik zwischen Uschhorod (Ungv\u00e1r) und Kiew vergr\u00f6\u00dfert wird, verschwinden w\u00fcrde, denn unser Ziel war es nie, irgendeine Art von separatistischen Bestrebungen zu verfolgen, wie zu Unrecht behauptet wurde, sondern dem westlichsten Kreis der Ukraine zu helfen, der als Bindeglied und Br\u00fccke zur Europ\u00e4ischen Union dient\u201d, sagte Grezsa.<\/p>\n<p><em>Ausgew\u00e4hltes Bild: Wiki Commons von Silar&nbsp;<\/em><\/p>\n","protected":false},"excerpt":{"rendered":"<p>Die ungarische Regierung will die westukrainische Region Transkarpatien Br\u00fccke zur Europ\u00e4ischen Union zu fungieren, \u201cderen Beitritt die Ukraine zugegebenerma\u00dfen ohnehin anstrebt\u201d, sagte ein Regierungsbeamter am Mittwoch in Berehowe (Beregsz\u00e1sz). Istv\u00e1n Grezsa, Ministerialkommissar f\u00fcr die Entwicklung Transkarpatiens und das Kindergartenentwicklungsprogramm der Regierung im Karpatenbecken, sprach auf einer gemeinsamen Pressekonferenz mit D\u00e9nes T\u00f6r\u00f6k, dem Leiter des Verbands [&hellip;]<\/p>\n","protected":false},"author":7,"featured_media":737355,"comment_status":"open","ping_status":"open","sticky":false,"template":"","format":"standard","meta":{"_acf_changed":false,"_display_image":"","footnotes":""},"categories":[1081],"tags":[1082,1092,1130],"class_list":["post-737354","post","type-post","status-publish","format-standard","has-post-thumbnail","hentry","category-politik","tag-europaische-union","tag-ukraine","tag-ungarn-im-ausland"],"blocksy_meta":[],"acf":[],"author_username":"Szandi","telegram_post":"","public_post_metadata":{"breaking_news":"","important":"","csempe":"","center_tile":"","disable_thumbnail":"","target_lang":"","_featured_image_style":"","telegram_post":"","_xlat_group_id":""},"public_rank_math_data":{"title":"%title% %sep% %sitename%","description":"","focus_keyword":"","canonical_url":"","robots":"","primary_category":"1081","breadcrumb_title":"","facebook_title":"","facebook_description":"","facebook_image":"","facebook_image_id":"","twitter_title":"","twitter_description":"","twitter_image":"","twitter_image_id":"","twitter_card_type":"","twitter_use_facebook":"","advanced_robots":"","pillar_content":"","seo_score":"","contentai_score":"","rich_snippet":""},"_links":{"self":[{"href":"https:\/\/dailynewshungary.com\/de\/wp-json\/wp\/v2\/posts\/737354","targetHints":{"allow":["GET"]}}],"collection":[{"href":"https:\/\/dailynewshungary.com\/de\/wp-json\/wp\/v2\/posts"}],"about":[{"href":"https:\/\/dailynewshungary.com\/de\/wp-json\/wp\/v2\/types\/post"}],"author":[{"embeddable":true,"href":"https:\/\/dailynewshungary.com\/de\/wp-json\/wp\/v2\/users\/7"}],"replies":[{"embeddable":true,"href":"https:\/\/dailynewshungary.com\/de\/wp-json\/wp\/v2\/comments?post=737354"}],"version-history":[{"count":0,"href":"https:\/\/dailynewshungary.com\/de\/wp-json\/wp\/v2\/posts\/737354\/revisions"}],"wp:featuredmedia":[{"embeddable":true,"href":"https:\/\/dailynewshungary.com\/de\/wp-json\/wp\/v2\/media\/737355"}],"wp:attachment":[{"href":"https:\/\/dailynewshungary.com\/de\/wp-json\/wp\/v2\/media?parent=737354"}],"wp:term":[{"taxonomy":"category","embeddable":true,"href":"https:\/\/dailynewshungary.com\/de\/wp-json\/wp\/v2\/categories?post=737354"},{"taxonomy":"post_tag","embeddable":true,"href":"https:\/\/dailynewshungary.com\/de\/wp-json\/wp\/v2\/tags?post=737354"}],"curies":[{"name":"wp","href":"https:\/\/api.w.org\/{rel}","templated":true}]}}