{"id":737470,"date":"2018-07-27T15:10:06","date_gmt":"2018-07-27T13:10:06","guid":{"rendered":"https:\/\/dailynewshungary.com\/de\/grune-opposition-lmp-fordert-nachhaltige-politik-gegen-illegale-migration\/"},"modified":"2018-07-27T15:10:06","modified_gmt":"2018-07-27T13:10:06","slug":"grune-opposition-lmp-fordert-nachhaltige-politik-gegen-illegale-migration","status":"publish","type":"post","link":"https:\/\/dailynewshungary.com\/de\/grune-opposition-lmp-fordert-nachhaltige-politik-gegen-illegale-migration\/","title":{"rendered":"Gr\u00fcne Opposition LMP fordert nachhaltige Politik gegen illegale Migration"},"content":{"rendered":"<p><strong><a href=\"https:\/\/dailynewshungary.com\/de\/der-grose-britische-zuguberfall-wie-eine-15-kopfige-bande-1963-26-millionen-pfund-stahl\/\" target=\"_blank\" rel=\"noopener\">Gr\u00fcne Opposition LMP<\/a> Am Freitag forderte die Regierung auf, langfristige L\u00f6sungen zur Reduzierung der illegalen Migration zu finden.<\/strong><\/p>\n<p>Die ungarische Regierung sieht Migration lediglich als \u201cKommunikationsgag und versucht sich in EU-Institutionen mittels Erpressung zu positionieren, ihre Ma\u00dfnahmen haben nicht die Form von echtem Handeln und bedeuten keine L\u00f6sung, sagte die Abgeordnete M\u00e1rta Demeter am Freitag auf einer Pressekonferenz.<\/p>\n<p>\u201cEs war selbstverst\u00e4ndlich\u201d, dass die illegale Migration gestoppt werden sollte und dass die Migrationspolitik die Autorit\u00e4t der Mitgliedstaaten bleiben sollte, sagte sie.<\/p>\n<blockquote>\n<p>Inmitten zahlreicher internationaler Treffen habe Ministerpr\u00e4sident Viktor Orb\u00e1n \u201cnur diejenigen verpasst, bei denen er die Sicherheitsinteressen der Ungarn h\u00e4tte vertreten sollen\u201d, sagte Demeter.<\/p>\n<\/blockquote>\n<p>Die EU habe wichtige Entscheidungen zur St\u00e4rkung von Frontex, der EU-Grenz- und K\u00fcstenschutzbeh\u00f6rde, getroffen und ihre Beziehungen zu den Balkanstaaten gest\u00e4rkt, sagte sie.<\/p>\n<blockquote>\n<p>Demeter forderte die Regierung au\u00dferdem auf, zu erkl\u00e4ren, warum sie die Abstimmung \u00fcber den n\u00e4chsten EU-Haushalt, der die Sicherheitsausgaben erheblich erh\u00f6hen w\u00fcrde, auf die Zeit nach der EP-Wahl 2019 verschieben w\u00fcrde.<\/p>\n<\/blockquote>\n<p style=\"text-align: center;\">[button link=\u201dhttps:\/\/dailynewshungary.com\/tag\/migration\/\u201d type=\u201dbig\u201d color=\u201dorange\u201d newwindow=\u201d yes\u201d] Weiterlesen News zu MIGRATION [\/button]<\/p>\n<p><em>Foto: MTI<\/em><\/p>\n","protected":false},"excerpt":{"rendered":"<p>Gr\u00fcne Opposition LMP Am Freitag forderte die Regierung auf, langfristige L\u00f6sungen zur Reduzierung der illegalen Migration zu finden. Die ungarische Regierung sieht Migration lediglich als \u201cKommunikationsgag und versucht sich in EU-Institutionen mittels Erpressung zu positionieren, ihre Ma\u00dfnahmen haben nicht die Form von echtem Handeln und bedeuten keine L\u00f6sung, sagte die Abgeordnete M\u00e1rta Demeter am Freitag [&hellip;]<\/p>\n","protected":false},"author":2,"featured_media":737471,"comment_status":"open","ping_status":"open","sticky":false,"template":"","format":"standard","meta":{"_acf_changed":false,"_display_image":"","footnotes":""},"categories":[1081],"tags":[1873,1445],"class_list":["post-737470","post","type-post","status-publish","format-standard","has-post-thumbnail","hentry","category-politik","tag-lmp","tag-migration"],"blocksy_meta":[],"acf":[],"author_username":"alk","telegram_post":"","public_post_metadata":{"breaking_news":"","important":"","csempe":"","center_tile":"","disable_thumbnail":"","target_lang":"","_featured_image_style":"","telegram_post":"","_xlat_group_id":""},"public_rank_math_data":{"title":"%title% %sep% %sitename%","description":"","focus_keyword":"","canonical_url":"","robots":"","primary_category":"1081","breadcrumb_title":"","facebook_title":"","facebook_description":"","facebook_image":"","facebook_image_id":"","twitter_title":"","twitter_description":"","twitter_image":"","twitter_image_id":"","twitter_card_type":"","twitter_use_facebook":"","advanced_robots":"","pillar_content":"","seo_score":"","contentai_score":"","rich_snippet":""},"_links":{"self":[{"href":"https:\/\/dailynewshungary.com\/de\/wp-json\/wp\/v2\/posts\/737470","targetHints":{"allow":["GET"]}}],"collection":[{"href":"https:\/\/dailynewshungary.com\/de\/wp-json\/wp\/v2\/posts"}],"about":[{"href":"https:\/\/dailynewshungary.com\/de\/wp-json\/wp\/v2\/types\/post"}],"author":[{"embeddable":true,"href":"https:\/\/dailynewshungary.com\/de\/wp-json\/wp\/v2\/users\/2"}],"replies":[{"embeddable":true,"href":"https:\/\/dailynewshungary.com\/de\/wp-json\/wp\/v2\/comments?post=737470"}],"version-history":[{"count":0,"href":"https:\/\/dailynewshungary.com\/de\/wp-json\/wp\/v2\/posts\/737470\/revisions"}],"wp:featuredmedia":[{"embeddable":true,"href":"https:\/\/dailynewshungary.com\/de\/wp-json\/wp\/v2\/media\/737471"}],"wp:attachment":[{"href":"https:\/\/dailynewshungary.com\/de\/wp-json\/wp\/v2\/media?parent=737470"}],"wp:term":[{"taxonomy":"category","embeddable":true,"href":"https:\/\/dailynewshungary.com\/de\/wp-json\/wp\/v2\/categories?post=737470"},{"taxonomy":"post_tag","embeddable":true,"href":"https:\/\/dailynewshungary.com\/de\/wp-json\/wp\/v2\/tags?post=737470"}],"curies":[{"name":"wp","href":"https:\/\/api.w.org\/{rel}","templated":true}]}}