{"id":737682,"date":"2018-07-18T11:15:23","date_gmt":"2018-07-18T09:15:23","guid":{"rendered":"https:\/\/dailynewshungary.com\/de\/der-vorsitzende-des-obersten-gerichtshofs-sagt-dass-die-einrichtung-eines-neuen-obersten-gerichtshofs-seine-position-nicht-beeintrachtigen-werde\/"},"modified":"2018-07-18T11:15:23","modified_gmt":"2018-07-18T09:15:23","slug":"der-vorsitzende-des-obersten-gerichtshofs-sagt-dass-die-einrichtung-eines-neuen-obersten-gerichtshofs-seine-position-nicht-beeintrachtigen-werde","status":"publish","type":"post","link":"https:\/\/dailynewshungary.com\/de\/der-vorsitzende-des-obersten-gerichtshofs-sagt-dass-die-einrichtung-eines-neuen-obersten-gerichtshofs-seine-position-nicht-beeintrachtigen-werde\/","title":{"rendered":"Der Vorsitzende des Obersten Gerichtshofs sagt, dass die Einrichtung eines neuen Obersten Gerichtshofs seine Position nicht beeintr\u00e4chtigen werde"},"content":{"rendered":"<p><strong>In einem ausf\u00fchrlichen Interview mit Magyar Id-k verteidigte der Leiter des Obersten Gerichtshofs Ungarns, der K\u00faria, seine Bilanz und antwortete auf die Frage, wie er seine Rolle als Richter f\u00fcr \u00f6ffentliche Verwaltung angesichts der Tatsache sehe, dass die K\u00faria dies nicht tun w\u00fcrde sich angesichts der Tatsache, dass die K\u00faria dies nicht mehr tun w\u00fcrde, nicht mehr mit F\u00e4llen der \u00f6ffentlichen Verwaltung befassen<a href=\"https:\/\/dailynewshungary.com\/de\/sozialisten-neues-obergericht-vollzieht-fidesz-diktatur\/\" target=\"_blank\" rel=\"noopener\"> Die Errichtung eines neuen Hochgerichts<\/a> Mit genau diesem Auftrag.<\/strong><\/p>\n<p>\u201cDas ist in der Tat eine eigenartige Situation\u201d sagte P\u00e9ter Dar\u00e1k.<\/p>\n<blockquote>\n<p><span style=\"color: #0000ff;\">\u201c<a href=\"https:\/\/dailynewshungary.com\/de\/justizminister-drangt-auf-einrichtung-eines-gerichts-der-offentlichen-verwaltung\/\" target=\"_blank\" rel=\"noopener\">Als Richter f\u00fcr \u00f6ffentliche Verwaltung, als<\/a> Ich achte nat\u00fcrlich auf die Details, wie die Transformation verl\u00e4uft.\u201d<\/span><\/p>\n<\/blockquote>\n<p>In der am Mittwoch ver\u00f6ffentlichten Einleitung zum Interview sagte das Papier: \u201ePeter Dar\u00e1k sagt, dass die Tatsache, dass sich der K\u00faria, den er leitet, in Zukunft nicht mehr mit \u00f6ffentlichen Verwaltungsangelegenheiten befassen wird, aus Sicht seines Postens als Gerichtspr\u00e4sident irrelevant ist.\u201c\u201d<\/p>\n<p>Dar\u00e1k sagte, die K\u00faria werde alle ihr zur Verf\u00fcgung stehenden Mittel nutzen, um zu den Verfassungs\u00e4nderungen beizutragen, die sich aus der Reform des Justizsystems ergeben.<\/p>\n<blockquote>\n<p><span style=\"color: #0000ff;\">Als Richter f\u00fcr \u00f6ffentliche Verwaltung sagte er, er verfolge die Einzelheiten der Reform aufmerksam.<\/span><\/p>\n<\/blockquote>\n<p>Mit Bezug auf das neue Gericht sagte er jedoch, dass eine Organisation, die \u201eprofessionell und spezialisiert\u201cist, f\u00fcr die Rechtspflege von st\u00e4ndigem Wert sein wird\u201d.<\/p>\n<p>Auf die Gefahren eines Parallelsystems angesprochen, sagte er, unn\u00f6tige \u00dcberschneidungen k\u00f6nnten vermieden werden, wenn F\u00e4lle, die zu verschiedenen Rechtsbereichen geh\u00f6ren, klar auf die unabh\u00e4ngigen Gerichte verteilt w\u00fcrden.<\/p>\n<blockquote>\n<p><span style=\"color: #0000ff;\">Gleichzeitig werde das System organisatorische L\u00f6sungen erm\u00f6glichen, die besser f\u00fcr den Fortgang der F\u00e4lle geeignet seien, f\u00fcgte er hinzu.<\/span><\/p>\n<\/blockquote>\n<p>Auf eine Frage zur Verteilung der F\u00e4lle antwortete er, die Unabh\u00e4ngigkeit der Justiz sei wichtig, da den B\u00fcrgern versichert werden m\u00fcsse, dass der mit ihrem Fall befasste Richter gegen\u00fcber keinem der beteiligten Rechtsgegner Verpflichtungen habe.<\/p>\n<p><em>Ausgew\u00e4hlte Bild: MTI<\/em><\/p>\n","protected":false},"excerpt":{"rendered":"<p>In einem ausf\u00fchrlichen Interview mit Magyar Id-k verteidigte der Leiter des Obersten Gerichtshofs Ungarns, der K\u00faria, seine Bilanz und antwortete auf die Frage, wie er seine Rolle als Richter f\u00fcr \u00f6ffentliche Verwaltung angesichts der Tatsache sehe, dass die K\u00faria dies nicht tun w\u00fcrde sich angesichts der Tatsache, dass die K\u00faria dies nicht mehr tun w\u00fcrde, [&hellip;]<\/p>\n","protected":false},"author":7,"featured_media":737683,"comment_status":"open","ping_status":"open","sticky":false,"template":"","format":"standard","meta":{"_acf_changed":false,"_display_image":"","footnotes":""},"categories":[1081],"tags":[1326,1423],"class_list":["post-737682","post","type-post","status-publish","format-standard","has-post-thumbnail","hentry","category-politik","tag-gericht","tag-recht"],"blocksy_meta":[],"acf":[],"author_username":"Szandi","telegram_post":"","public_post_metadata":{"breaking_news":"","important":"","csempe":"","center_tile":"","disable_thumbnail":"","target_lang":"","_featured_image_style":"","telegram_post":"","_xlat_group_id":""},"public_rank_math_data":{"title":"%title% %sep% %sitename%","description":"","focus_keyword":"","canonical_url":"","robots":"","primary_category":"1081","breadcrumb_title":"","facebook_title":"","facebook_description":"","facebook_image":"","facebook_image_id":"","twitter_title":"","twitter_description":"","twitter_image":"","twitter_image_id":"","twitter_card_type":"","twitter_use_facebook":"","advanced_robots":"","pillar_content":"","seo_score":"","contentai_score":"","rich_snippet":""},"_links":{"self":[{"href":"https:\/\/dailynewshungary.com\/de\/wp-json\/wp\/v2\/posts\/737682","targetHints":{"allow":["GET"]}}],"collection":[{"href":"https:\/\/dailynewshungary.com\/de\/wp-json\/wp\/v2\/posts"}],"about":[{"href":"https:\/\/dailynewshungary.com\/de\/wp-json\/wp\/v2\/types\/post"}],"author":[{"embeddable":true,"href":"https:\/\/dailynewshungary.com\/de\/wp-json\/wp\/v2\/users\/7"}],"replies":[{"embeddable":true,"href":"https:\/\/dailynewshungary.com\/de\/wp-json\/wp\/v2\/comments?post=737682"}],"version-history":[{"count":0,"href":"https:\/\/dailynewshungary.com\/de\/wp-json\/wp\/v2\/posts\/737682\/revisions"}],"wp:featuredmedia":[{"embeddable":true,"href":"https:\/\/dailynewshungary.com\/de\/wp-json\/wp\/v2\/media\/737683"}],"wp:attachment":[{"href":"https:\/\/dailynewshungary.com\/de\/wp-json\/wp\/v2\/media?parent=737682"}],"wp:term":[{"taxonomy":"category","embeddable":true,"href":"https:\/\/dailynewshungary.com\/de\/wp-json\/wp\/v2\/categories?post=737682"},{"taxonomy":"post_tag","embeddable":true,"href":"https:\/\/dailynewshungary.com\/de\/wp-json\/wp\/v2\/tags?post=737682"}],"curies":[{"name":"wp","href":"https:\/\/api.w.org\/{rel}","templated":true}]}}