{"id":737786,"date":"2018-07-13T07:10:17","date_gmt":"2018-07-13T05:10:17","guid":{"rendered":"https:\/\/dailynewshungary.com\/de\/die-eu-sollte-masnahmen-zur-bekampfung-des-demografischen-ruckgangs-fordern-sagt-der-ungarische-sprecher-des-reprasentantenhauses-in-warschau\/"},"modified":"2018-07-13T07:10:17","modified_gmt":"2018-07-13T05:10:17","slug":"die-eu-sollte-masnahmen-zur-bekampfung-des-demografischen-ruckgangs-fordern-sagt-der-ungarische-sprecher-des-reprasentantenhauses-in-warschau","status":"publish","type":"post","link":"https:\/\/dailynewshungary.com\/de\/die-eu-sollte-masnahmen-zur-bekampfung-des-demografischen-ruckgangs-fordern-sagt-der-ungarische-sprecher-des-reprasentantenhauses-in-warschau\/","title":{"rendered":"Die EU sollte Ma\u00dfnahmen zur Bek\u00e4mpfung des demografischen R\u00fcckgangs f\u00f6rdern, sagt der ungarische Sprecher des Repr\u00e4sentantenhauses in Warschau"},"content":{"rendered":"<p><strong>&nbsp;Anstatt die Migration zu f\u00f6rdern, sollten die L\u00e4nder der Europ\u00e4ischen Union \u201cnationale Politiken\u201d schaffen, die darauf abzielen, eine demografische Krise zu vermeiden, die <a href=\"https:\/\/dailynewshungary.com\/de\/der-grose-britische-zuguberfall-wie-eine-15-kopfige-bande-1963-26-millionen-pfund-stahl\/\" target=\"_blank\" rel=\"noopener\">L\u00e1szl\u00f3 K\u00f6v\u00e9r, Parlamentspr\u00e4sident<\/a>, sagte am Donnerstag in Warschau bei einem Treffen mittel- und osteurop\u00e4ischer Parlamentschefs.<\/strong><\/p>\n<p>K\u00f6v\u00e9r diskutierte \u00fcber demografische und Arbeitsmarktnachhaltigkeit und wies darauf hin<\/p>\n<blockquote>\n<p>Westeurop\u00e4ische L\u00e4nder mit Arbeitsmarktproblemen hatten seit 1990 mehr als 25 Millionen ausgebildete Menschen aus Mittel- und Osteuropa angezogen.<\/p>\n<\/blockquote>\n<p>Sch\u00e4tzungen zufolge werde diese Zahl bis 2050 um weitere 20 Millionen steigen, sagte er und f\u00fcgte hinzu, dass die Region von der EU eine finanzielle Entsch\u00e4digung verlangen sollte, um die Ausbildungskosten der ausgewanderten Arbeitskr\u00e4fte zu decken.<\/p>\n<p>Zum Thema Nachhaltigkeit sagte K\u00f6v\u00e9r, die nat\u00fcrlichen Ressourcen der Region w\u00fcrden zunehmend ausgebeutetDas CEE sei mit der Erf\u00fcllung grundlegender Kriterien f\u00fcr Nachhaltigkeit im R\u00fcckstand, sagte er und f\u00fcgte hinzu, dass das starke Wirtschaftswachstum der Region hart f\u00fcr die Umwelt sei.<\/p>\n<blockquote>\n<p>Er schlug vor, dass sich die L\u00e4nder entweder global oder regional darauf einigen sollten, einen bestimmten Teil ihres BIP, \u201ez. B. ein halbes Prozent\u201cf\u00fcr die \u00f6kologische Nachhaltigkeit auszugeben, die den Verteidigungsausgabenanforderungen der NATO nachempfunden ist.<\/p>\n<\/blockquote>\n<p>K\u00f6v\u00e9r sagte, die mittel- und osteurop\u00e4ischen L\u00e4nder k\u00f6nnten diejenigen sein, die ein solches Abkommen initiieren, \u201eda nicht nur die milit\u00e4rische Sicherheit der Region besonders gef\u00e4hrdet ist, sondern auch ihre Umweltsicherheit.\u201c\u201d.<\/p>\n<p style=\"text-align: center;\">[button link=\u201dhttps:\/\/dailynewshungary.com\/tag\/arbeitsmarkt\/\u201d type=\u201dbig\u201d color=\u201d silver\u201d newwindow=\u201dyes\u201d] Lesen Sie mehr Nachrichten \u00fcber ARBEITSMARKT [\/button]<\/p>\n<p>Marek Kuchcinski, Sprecher des polnischen Sejm, schloss sich K\u00f6v\u00e9rs Ansichten an und betonte auch die Bedeutung eines Europas der einen Geschwindigkeit. Er kritisierte den Haushaltsentwurf der EU f\u00fcr den Finanzierungszyklus 2021-2027, n\u00e4mlich die Handhabung der Agrar- und Koh\u00e4sionsfonds und die gek\u00fcrzte Finanzierung des Ostpartnerschaftsprogramms des Blocks.<\/p>\n","protected":false},"excerpt":{"rendered":"<p>&nbsp;Anstatt die Migration zu f\u00f6rdern, sollten die L\u00e4nder der Europ\u00e4ischen Union \u201cnationale Politiken\u201d schaffen, die darauf abzielen, eine demografische Krise zu vermeiden, die L\u00e1szl\u00f3 K\u00f6v\u00e9r, Parlamentspr\u00e4sident, sagte am Donnerstag in Warschau bei einem Treffen mittel- und osteurop\u00e4ischer Parlamentschefs. K\u00f6v\u00e9r diskutierte \u00fcber demografische und Arbeitsmarktnachhaltigkeit und wies darauf hin Westeurop\u00e4ische L\u00e4nder mit Arbeitsmarktproblemen hatten seit 1990 [&hellip;]<\/p>\n","protected":false},"author":2,"featured_media":737787,"comment_status":"open","ping_status":"open","sticky":false,"template":"","format":"standard","meta":{"_acf_changed":false,"_display_image":"","footnotes":""},"categories":[1081],"tags":[1096,1653,1390,1082,1746,1445,2251,1197],"class_list":["post-737786","post","type-post","status-publish","format-standard","has-post-thumbnail","hentry","category-politik","tag-arbeitsmarkt","tag-bevolkerung","tag-eu-finanzierung","tag-europaische-union","tag-hausredner","tag-migration","tag-mitteleuropa","tag-polen"],"blocksy_meta":[],"acf":[],"author_username":"alk","telegram_post":"","public_post_metadata":{"breaking_news":"","important":"","csempe":"","center_tile":"","disable_thumbnail":"","target_lang":"","_featured_image_style":"","telegram_post":"","_xlat_group_id":""},"public_rank_math_data":{"title":"%title% %sep% %sitename%","description":"","focus_keyword":"","canonical_url":"","robots":"","primary_category":"1081","breadcrumb_title":"","facebook_title":"","facebook_description":"","facebook_image":"","facebook_image_id":"","twitter_title":"","twitter_description":"","twitter_image":"","twitter_image_id":"","twitter_card_type":"","twitter_use_facebook":"","advanced_robots":"","pillar_content":"","seo_score":"","contentai_score":"","rich_snippet":""},"_links":{"self":[{"href":"https:\/\/dailynewshungary.com\/de\/wp-json\/wp\/v2\/posts\/737786","targetHints":{"allow":["GET"]}}],"collection":[{"href":"https:\/\/dailynewshungary.com\/de\/wp-json\/wp\/v2\/posts"}],"about":[{"href":"https:\/\/dailynewshungary.com\/de\/wp-json\/wp\/v2\/types\/post"}],"author":[{"embeddable":true,"href":"https:\/\/dailynewshungary.com\/de\/wp-json\/wp\/v2\/users\/2"}],"replies":[{"embeddable":true,"href":"https:\/\/dailynewshungary.com\/de\/wp-json\/wp\/v2\/comments?post=737786"}],"version-history":[{"count":0,"href":"https:\/\/dailynewshungary.com\/de\/wp-json\/wp\/v2\/posts\/737786\/revisions"}],"wp:featuredmedia":[{"embeddable":true,"href":"https:\/\/dailynewshungary.com\/de\/wp-json\/wp\/v2\/media\/737787"}],"wp:attachment":[{"href":"https:\/\/dailynewshungary.com\/de\/wp-json\/wp\/v2\/media?parent=737786"}],"wp:term":[{"taxonomy":"category","embeddable":true,"href":"https:\/\/dailynewshungary.com\/de\/wp-json\/wp\/v2\/categories?post=737786"},{"taxonomy":"post_tag","embeddable":true,"href":"https:\/\/dailynewshungary.com\/de\/wp-json\/wp\/v2\/tags?post=737786"}],"curies":[{"name":"wp","href":"https:\/\/api.w.org\/{rel}","templated":true}]}}