{"id":737841,"date":"2018-07-10T17:05:42","date_gmt":"2018-07-10T15:05:42","guid":{"rendered":"https:\/\/dailynewshungary.com\/de\/ungarn-juni-inflation-31-prozent\/"},"modified":"2018-07-10T17:05:42","modified_gmt":"2018-07-10T15:05:42","slug":"ungarn-juni-inflation-31-prozent","status":"publish","type":"post","link":"https:\/\/dailynewshungary.com\/de\/ungarn-juni-inflation-31-prozent\/","title":{"rendered":"Ungarn Juni Inflation 3,1 Prozent"},"content":{"rendered":"<p><strong><a href=\"https:\/\/dailynewshungary.com\/de\/die-ungarischen-versorgungs-und-gesundheitspreise-steigen-aufgrund-der-inflation\/\" target=\"_blank\" rel=\"noopener\">Die Verbraucherpreise in Ungarn stiegen<\/a> Im Juni um j\u00e4hrlich 3,1 Prozent, gegen\u00fcber 2,8 Prozent im Mai, teilte das Statistische Zentralamt (KSH) am Dienstag mit.<\/strong><\/p>\n<p>Im Monatsvergleich lagen die Preise um 0,3 Prozent im Plus.<\/p>\n<p>Acht vom Portfolio der Wirtschaftsnachrichten-Website befragte Analysten sagten zuvor, sie erwarteten, dass sich die Inflation im Juni auf 3,2 Prozent beschleunigen werde.<\/p>\n<blockquote>\n<p><span style=\"color: #0000ff;\">Die Lebensmittelpreise stiegen um 3,4 Prozent bzw <a href=\"https:\/\/dailynewshungary.com\/de\/milliarden-ungarischer-forint-die-fur-alkohol-ausgegeben-werden\/\" target=\"_blank\" rel=\"noopener\">Der Preis der Spirituosen<\/a> und Tabak um 5,9 Prozent wuchs.<\/span><\/p>\n<\/blockquote>\n<p>Die Preise f\u00fcr Kleidung stiegen um 0,6 Prozent, die Energiepreise f\u00fcr Haushalte stiegen um 1,4 Prozent und die Preise f\u00fcr Dienstleistungen stiegen um 1,6 Prozent.<\/p>\n<p>Die Preise in der Warenkategorie, die den Kraftstoff von Fahrzeugen umfasst, stiegen um 6,2 Prozent, die Kraftstoffpreise stiegen um 15 Prozent. Die Preise f\u00fcr langlebige Verbraucher gingen um 1,1 Prozent zur\u00fcck.<\/p>\n<blockquote>\n<p><span style=\"color: #0000ff;\">Die zum besseren Vergleich mit anderen Mitgliedstaaten der Europ\u00e4ischen Union harmonisierte j\u00e4hrliche Inflation lag bei 3,2 Prozent.<\/span><\/p>\n<\/blockquote>\n<p>Die saisonbereinigte Kerninflation, die volatile Kraftstoff- und Lebensmittelpreise ausschlie\u00dft, betrug 2,4 Prozent.<\/p>\n<p>P\u00e9ter Virov\u00e1cz von der ING Bank sagte, im Sommer werde die Inflation wahrscheinlich h\u00f6her ausfallen als die Prognose der Zentralbank von 3 Prozent. Die Abschw\u00e4chung des Forint und h\u00f6here \u00d6lpreise bergen ein Risiko. Die Inflation, f\u00fcgte er hinzu, d\u00fcrfte im gesamten Jahr durchschnittlich 2,8 Prozent betragen.<\/p>\n<p>Gergely Supp\u00e1n von der Takarekbank sagte, die Inflation werde f\u00fcr das Jahr voraussichtlich bei etwa 2,7 Prozent liegen. Die Inflation schwanke im n\u00e4chsten Jahr um etwa 3 Prozent und liege 2019 bei durchschnittlich 2,8 Prozent, f\u00fcgte er hinzu.<\/p>\n<blockquote>\n<p><span style=\"color: #0000ff;\">Der Analyst der K+H Bank, D\u00e1vid N\u00e9meth, sagte, Kraftstoffe und Tabakprodukte h\u00e4tten die Inflation im Juni in die H\u00f6he getrieben.<\/span><\/p>\n<\/blockquote>\n<p>Ohne diese w\u00e4re die Inflation unver\u00e4ndert gegen\u00fcber 2,8 Prozent im Mai gewesen Der Verbraucherpreisindex d\u00fcrfte f\u00fcr den Rest des Jahres \u00fcber 3 Prozent liegen und bis Dezember 3,3-3,4 Prozent erreichen, obwohl er im Gesamtjahr noch durchschnittlich 2,8 Prozent betragen d\u00fcrfte, sagte er.<\/p>\n","protected":false},"excerpt":{"rendered":"<p>Die Verbraucherpreise in Ungarn stiegen Im Juni um j\u00e4hrlich 3,1 Prozent, gegen\u00fcber 2,8 Prozent im Mai, teilte das Statistische Zentralamt (KSH) am Dienstag mit. Im Monatsvergleich lagen die Preise um 0,3 Prozent im Plus. Acht vom Portfolio der Wirtschaftsnachrichten-Website befragte Analysten sagten zuvor, sie erwarteten, dass sich die Inflation im Juni auf 3,2 Prozent beschleunigen [&hellip;]<\/p>\n","protected":false},"author":7,"featured_media":737842,"comment_status":"open","ping_status":"open","sticky":false,"template":"","format":"standard","meta":{"_acf_changed":false,"_display_image":"","footnotes":""},"categories":[1281],"tags":[1605,1082,1118,1138,1104],"class_list":["post-737841","post","type-post","status-publish","format-standard","has-post-thumbnail","hentry","category-geschaft","tag-ernahrung","tag-europaische-union","tag-geld","tag-statistik","tag-wirtschaft"],"blocksy_meta":[],"acf":[],"author_username":"Szandi","telegram_post":"","public_post_metadata":{"breaking_news":"","important":"","csempe":"","center_tile":"","disable_thumbnail":"","target_lang":"","_featured_image_style":"","telegram_post":"","_xlat_group_id":""},"public_rank_math_data":{"title":"%title% %sep% %sitename%","description":"","focus_keyword":"","canonical_url":"","robots":"","primary_category":"1281","breadcrumb_title":"","facebook_title":"","facebook_description":"","facebook_image":"","facebook_image_id":"","twitter_title":"","twitter_description":"","twitter_image":"","twitter_image_id":"","twitter_card_type":"","twitter_use_facebook":"","advanced_robots":"","pillar_content":"","seo_score":"","contentai_score":"","rich_snippet":""},"_links":{"self":[{"href":"https:\/\/dailynewshungary.com\/de\/wp-json\/wp\/v2\/posts\/737841","targetHints":{"allow":["GET"]}}],"collection":[{"href":"https:\/\/dailynewshungary.com\/de\/wp-json\/wp\/v2\/posts"}],"about":[{"href":"https:\/\/dailynewshungary.com\/de\/wp-json\/wp\/v2\/types\/post"}],"author":[{"embeddable":true,"href":"https:\/\/dailynewshungary.com\/de\/wp-json\/wp\/v2\/users\/7"}],"replies":[{"embeddable":true,"href":"https:\/\/dailynewshungary.com\/de\/wp-json\/wp\/v2\/comments?post=737841"}],"version-history":[{"count":0,"href":"https:\/\/dailynewshungary.com\/de\/wp-json\/wp\/v2\/posts\/737841\/revisions"}],"wp:featuredmedia":[{"embeddable":true,"href":"https:\/\/dailynewshungary.com\/de\/wp-json\/wp\/v2\/media\/737842"}],"wp:attachment":[{"href":"https:\/\/dailynewshungary.com\/de\/wp-json\/wp\/v2\/media?parent=737841"}],"wp:term":[{"taxonomy":"category","embeddable":true,"href":"https:\/\/dailynewshungary.com\/de\/wp-json\/wp\/v2\/categories?post=737841"},{"taxonomy":"post_tag","embeddable":true,"href":"https:\/\/dailynewshungary.com\/de\/wp-json\/wp\/v2\/tags?post=737841"}],"curies":[{"name":"wp","href":"https:\/\/api.w.org\/{rel}","templated":true}]}}