{"id":737989,"date":"2018-07-03T14:50:14","date_gmt":"2018-07-03T12:50:14","guid":{"rendered":"https:\/\/dailynewshungary.com\/de\/ausenminister-vollstandiger-schutz-der-eu-grenzen-nur-moglich-wenn-auserhalb-des-blocks-gelegene-hotspots\/"},"modified":"2018-07-03T14:50:14","modified_gmt":"2018-07-03T12:50:14","slug":"ausenminister-vollstandiger-schutz-der-eu-grenzen-nur-moglich-wenn-auserhalb-des-blocks-gelegene-hotspots","status":"publish","type":"post","link":"https:\/\/dailynewshungary.com\/de\/ausenminister-vollstandiger-schutz-der-eu-grenzen-nur-moglich-wenn-auserhalb-des-blocks-gelegene-hotspots\/","title":{"rendered":"Au\u00dfenminister: Vollst\u00e4ndiger Schutz der EU-Grenzen nur m\u00f6glich, wenn au\u00dferhalb des Blocks gelegene Hotspots"},"content":{"rendered":"<p><strong>Die externe der Europ\u00e4ischen Union <a href=\"https:\/\/dailynewshungary.com\/de\/ungarische-regierung-gemeinsamer-grenzschutz-muss-unterstutzt-werden\/\" target=\"_blank\" rel=\"noopener\">Grenzen nur gesch\u00fctzt werden k\u00f6nnen<\/a> Ganz wenn sich Aufnahme &#8211; und Sammelstellen f\u00fcr Migranten, sogenannte Hot Spots, au\u00dferhalb des Blocks befinden, sagte Au\u00dfenminister P\u00e9ter Szijj\u00e1rt\u00f3 am Dienstag dem \u00f6ffentlich-rechtlichen Fernsehen.<\/strong><\/p>\n<p>Szijj\u00e1rt\u00f3 sagte, Ungarn begr\u00fc\u00dfe die Entscheidung, die obligatorischen Migrantenquoten nach dem j\u00fcngsten Gipfeltreffen der Europ\u00e4ischen Union aufzugeben, vorsichtig und wies darauf hin, dass der Europ\u00e4ische Rat bereits einmal beschlossen habe, die Quoten abzuschaffen, nur um seine Entscheidung von den EU-Innenministern au\u00dfer Kraft zu setzen.<\/p>\n<p>Die Entscheidung, auf obligatorische Migrantenquoten zu verzichten, sei ein \u201cSieg f\u00fcr die Visegr\u00e1d-L\u00e4nder\u201d, sagte er und f\u00fcgte hinzu, dass es eine \u201cbedeutende Errungenschaft\u201d f\u00fcr die von Ungarn gef\u00fchrte V4 sei, dass die EU-Mitgliedstaaten keine Migranten aus geplanten Brennpunkten aufnehmen m\u00fcssten.<\/p>\n<blockquote>\n<p><span style=\"color: #0000ff;\">Eine weitere Errungenschaft, sagte er, sei das gewesen <a href=\"https:\/\/dailynewshungary.com\/de\/eu-gipfel-orban-die-menschen-uberall-in-europa-wollen-grenzen-geschutzt-haben\/\" target=\"_blank\" rel=\"noopener\">\u201cDer Fokus der EU-Politiker hat sich von obligatorischen Quoten auf den Schutz der Grenzen verlagert\u201d<\/a>\u201eUngarn, f\u00fcgte er hinzu, habe diesen Wandel in den letzten drei Jahren gefordert.<\/span><\/p>\n<\/blockquote>\n<p>Szijj\u00e1rt\u00f3 warnte gleichzeitig davor, dass der Grenzschutz nicht vollst\u00e4ndig sei, wenn die Brennpunkte nicht au\u00dferhalb des Blocks errichtet w\u00fcrden.<\/p>\n<p>Pro-Migranten-NGOs und Menschenschmuggelringe sollten nicht diejenigen sein, die entscheiden \u201cmit wem wir zusammenleben\u201d, sagte er.<\/p>\n<p>Szijj\u00e1rt\u00f3 warnte auch vor einem m\u00f6glichen Anstieg des Migrationsdrucks, nachdem die T\u00fcrkei ein Abkommen mit Griechenland gek\u00fcndigt hatte, in dem sie Migranten zur\u00fccknahm.<\/p>\n<blockquote>\n<p><span style=\"color: #0000ff;\">Ungarns Priorit\u00e4t sei es, dass die Verteidigungslinie \u201cso weit wie m\u00f6glich s\u00fcdlich\u201d liege.<\/span><\/p>\n<\/blockquote>\n<p>Er stellte fest, dass Ungarn Montenegro 25 km Z\u00e4une zur Verst\u00e4rkung der Grenze zwischen Montenegro und Albanien angeboten habe Er wies auch darauf hin, dass die ungarische Polizei Patrouillen in Mazedonien durchf\u00fchre.<\/p>\n<p><em>Ausgew\u00e4hlte Bild: MTI<\/em><\/p>\n","protected":false},"excerpt":{"rendered":"<p>Die externe der Europ\u00e4ischen Union Grenzen nur gesch\u00fctzt werden k\u00f6nnen Ganz wenn sich Aufnahme &#8211; und Sammelstellen f\u00fcr Migranten, sogenannte Hot Spots, au\u00dferhalb des Blocks befinden, sagte Au\u00dfenminister P\u00e9ter Szijj\u00e1rt\u00f3 am Dienstag dem \u00f6ffentlich-rechtlichen Fernsehen. Szijj\u00e1rt\u00f3 sagte, Ungarn begr\u00fc\u00dfe die Entscheidung, die obligatorischen Migrantenquoten nach dem j\u00fcngsten Gipfeltreffen der Europ\u00e4ischen Union aufzugeben, vorsichtig und wies [&hellip;]<\/p>\n","protected":false},"author":7,"featured_media":0,"comment_status":"open","ping_status":"open","sticky":false,"template":"","format":"standard","meta":{"_acf_changed":false,"_display_image":"","footnotes":""},"categories":[1081],"tags":[1203,1082,1871,1445,1923],"class_list":["post-737989","post","type-post","status-publish","format-standard","hentry","category-politik","tag-armee","tag-europaische-union","tag-migrantenquoten","tag-migration","tag-visegrad-vier"],"blocksy_meta":[],"acf":[],"author_username":"Szandi","telegram_post":"","public_post_metadata":{"breaking_news":"","important":"","csempe":"","center_tile":"","disable_thumbnail":"","target_lang":"","_featured_image_style":"","telegram_post":"","_xlat_group_id":""},"public_rank_math_data":{"title":"%title% %sep% %sitename%","description":"Die Au\u00dfengrenzen der Europ\u00e4ischen Union k\u00f6nnen nur dann vollst\u00e4ndig gesch\u00fctzt werden, wenn sich au\u00dferhalb des Blocks als Hot Spots bezeichnete Aufnahme - und Sammelstellen f\u00fcr Migranten befinden, sagte Au\u00dfenminister P\u00e9ter Szijj\u00e1rt\u00f3 am Dienstag dem \u00f6ffentlich-rechtlichen Fernsehen.","focus_keyword":"EU-grenzen","canonical_url":"","robots":"","primary_category":"1081","breadcrumb_title":"","facebook_title":"","facebook_description":"","facebook_image":"","facebook_image_id":"","twitter_title":"","twitter_description":"","twitter_image":"","twitter_image_id":"","twitter_card_type":"","twitter_use_facebook":"","advanced_robots":"","pillar_content":"","seo_score":"51","contentai_score":"","rich_snippet":""},"_links":{"self":[{"href":"https:\/\/dailynewshungary.com\/de\/wp-json\/wp\/v2\/posts\/737989","targetHints":{"allow":["GET"]}}],"collection":[{"href":"https:\/\/dailynewshungary.com\/de\/wp-json\/wp\/v2\/posts"}],"about":[{"href":"https:\/\/dailynewshungary.com\/de\/wp-json\/wp\/v2\/types\/post"}],"author":[{"embeddable":true,"href":"https:\/\/dailynewshungary.com\/de\/wp-json\/wp\/v2\/users\/7"}],"replies":[{"embeddable":true,"href":"https:\/\/dailynewshungary.com\/de\/wp-json\/wp\/v2\/comments?post=737989"}],"version-history":[{"count":0,"href":"https:\/\/dailynewshungary.com\/de\/wp-json\/wp\/v2\/posts\/737989\/revisions"}],"wp:attachment":[{"href":"https:\/\/dailynewshungary.com\/de\/wp-json\/wp\/v2\/media?parent=737989"}],"wp:term":[{"taxonomy":"category","embeddable":true,"href":"https:\/\/dailynewshungary.com\/de\/wp-json\/wp\/v2\/categories?post=737989"},{"taxonomy":"post_tag","embeddable":true,"href":"https:\/\/dailynewshungary.com\/de\/wp-json\/wp\/v2\/tags?post=737989"}],"curies":[{"name":"wp","href":"https:\/\/api.w.org\/{rel}","templated":true}]}}